{"id":25912,"date":"2025-04-15T04:55:30","date_gmt":"2025-04-15T04:55:30","guid":{"rendered":"https:\/\/www.europesays.com\/fr\/25912\/"},"modified":"2025-04-15T04:55:30","modified_gmt":"2025-04-15T04:55:30","slug":"anny-duperey-revient-sur-ses-quinze-ans-damour-intense-avec-bernard-giraudeau","status":"publish","type":"post","link":"https:\/\/www.europesays.com\/fr\/25912\/","title":{"rendered":"Anny Duperey revient sur ses \u00ab\u00a0quinze ans d&rsquo;amour intense\u00a0\u00bb avec Bernard Giraudeau"},"content":{"rendered":"<p class=\"articleContent-meta\">\n        Dimanche 13 avril 2025 \u00e0 20:00 &#8211; par             Jeanne Martin<\/p>\n<p>                    Tweeter<\/p>\n<p>                    Partager sur Facebook<\/p>\n<p>                        <img decoding=\"async\" src=\"https:\/\/www.europesays.com\/fr\/wp-content\/uploads\/2025\/04\/anny-duperey-raconte-comment-bernard-giraudeau-l-a-convaincue-de-devenir-maman-dans-en-aparte.jpg\" alt=\"Player Video\" class=\"player-applyRatio poster exclude-seedtag\"\/><\/p>\n<p>Anny Duperey c\u00e9l\u00e8bre la sortie de son livre Respire, c\u2019est de l\u2019iode (\u00e9d. Seuil) o\u00f9 elle \u00e9voque sa vie \u00e0 travers des phrases qui l\u2019ont marqu\u00e9e. Au cours d\u2019un entretien avec La Tribune Dimanche paru ce 13 avril, l\u2019actrice est revenue sur sa relation unique avec Bernard Giraudeau, d\u00e9c\u00e9d\u00e9 en 2010.<\/p>\n<p>Couple embl\u00e9matique du cin\u00e9ma fran\u00e7ais, Anny Duperey et Bernard Giraudeau se sont rencontr\u00e9s sur les planches. \u00c0 l&rsquo;occasion de la sortie de son livre tr\u00e8s personnel Respire, c\u2019est de l\u2019iode (aux \u00e9ditions Seuil), la com\u00e9dienne est revenue sur sa relation avec l&rsquo;acteur disparu en 2010 dans un entretien accord\u00e9 \u00e0  <a href=\"https:\/\/www.latribune.fr\/la-tribune-dimanche\/culture-et-tendances\/anny-duperey-je-me-suis-construite-avec-l-idee-que-rien-ne-pourrait-m-atteindre-1022643.html\" target=\"_blank\" rel=\"noopener\">La Tribune Dimanche<\/a>, ce 13 avril 2025.<\/p>\n<p>Anny Duperey se confie sur la fin de sa relation avec Bernard Giraudeau : \u201cApr\u00e8s quinze ans d\u2019amour intense, Bernard a fini par avoir&#8230;\u00a0\u00bb<\/p>\n<p>Si c\u2019est Bernard Giraudeau qui a r\u00e9ussi \u00e0 lui faire changer d\u2019avis sur la maternit\u00e9 &#8211; ils sont parents de deux enfants, Ga\u00ebl et Sara &#8211; l\u2019acteur a finalement eu du mal \u00e0 g\u00e9rer la routine. \u201cApr\u00e8s quinze ans d\u2019amour intense, Bernard a fini par avoir envie de voyage, d\u2019autres choses\u2026\u201d, r\u00e9v\u00e8le <a href=\"https:\/\/www.programme.tv\/news\/actu\/211985-anny-duperey-ce-theme-que-tf1-ne-voulait-pas-aborder-dans-une-famille-formidable-video\/\" target=\"_blank\" rel=\"noopener\">la vedette de la s\u00e9rie Une famille formidable<\/a>. \u201cLorsque tout allait bien, il me disait : \u2018On devient cons\u2019 (&#8230;) Malheureusement, c\u2019est le cancer qui lui a fait comprendre qu\u2019il n\u2019aurait jamais d\u00fb se m\u00e9fier du bonheur\u201d, d\u00e9taille-t-elle. Aujourd&rsquo;hui, <a href=\"https:\/\/www.programme.tv\/news\/series\/171816-5-infos-sur-anny-duperey-catherine-beaumont-dans-une-famille-formidable-tf1\/\" target=\"_blank\" rel=\"noopener\">la septuag\u00e9naire<\/a> semble subir son c\u00e9libat. \u00ab\u00a0Ce qui me manque, c\u2019est la complicit\u00e9 de la vie commune pour faire les choses \u00e0 deux. La plupart de mes amis sont partis de Paris, regrette-t-elle. Ceux qui restent sont en couple. On a l\u2019impression de qu\u00e9mander lorsqu\u2019on propose une sortie\u00a0\u00bb, raconte-t-elle dans son livre, comme le rapporte Gala.<\/p>\n<p>                                    Anny Duperey : ce que la mort de Bernard Giraudeau a chang\u00e9 chez elle<\/p>\n<p>Si celle qui a \u00e9t\u00e9 \u00e9lev\u00e9e par sa grand-m\u00e8re se montrait favorable au suicide assist\u00e9, la mort du p\u00e8re de ses enfants lui a fait voir les choses autrement. \u201cJe m\u2019\u00e9tais toujours dit qu\u2019en cas de maladie incurable, je choisirais une porte de sortie\u201d, d\u00e9voile-t-elle, avant de poursuivre en expliquant qu\u2019elle \u201cn\u2019avait plus le droit de [se] tuer\u201d. \u201cDepuis la mort de Bernard, m\u00eame si j\u2019\u00e9tais prisonni\u00e8re de mon corps, je n\u2019arriverais pas \u00e0 me tuer\u201d, conclut-t-elle.<\/p>\n<p>Article \u00e9crit en collaboration avec 6Medias.<\/p>\n<p>Rejoignez-nous sur Google News !<\/p>\n<p class=\"articleContent-pushTagline\">Abonnez-vous \u00e0 <a href=\"https:\/\/news.google.com\/publications\/CAAiEJwr-IZFXDFoZD1ePbkC_VcqFAgKIhCcK_iGRVwxaGQ9Xj25Av1X\" target=\"_blank\" rel=\"noopener\">T\u00e9l\u00e9 2 semaines sur Google News<\/a> pour ne manquer aucune info !<\/p>\n","protected":false},"excerpt":{"rendered":"Dimanche 13 avril 2025 \u00e0 20:00 &#8211; par Jeanne Martin Tweeter Partager sur Facebook Anny Duperey c\u00e9l\u00e8bre la&hellip;\n","protected":false},"author":2,"featured_media":25913,"comment_status":"","ping_status":"","sticky":false,"template":"","format":"standard","meta":{"footnotes":""},"categories":[1359],"tags":[2594,1376,4952,9261,1419,9260,6924,58,6545,1422,1719,59,1011,27,973],"class_list":{"0":"post-25912","1":"post","2":"type-post","3":"status-publish","4":"format-standard","5":"has-post-thumbnail","7":"category-people","8":"tag-actrice","9":"tag-amour","10":"tag-anny-duperey","11":"tag-bernard-giraudeau","12":"tag-canal-plus","13":"tag-confidences","14":"tag-couples-de-stars","15":"tag-divertissement","16":"tag-en-aparte","17":"tag-en-apartu00e9","18":"tag-enfants","19":"tag-entertainment","20":"tag-fr","21":"tag-france","22":"tag-people"},"share_on_mastodon":{"url":"https:\/\/pubeurope.com\/@fr\/114340201919635938","error":""},"_links":{"self":[{"href":"https:\/\/www.europesays.com\/fr\/wp-json\/wp\/v2\/posts\/25912","targetHints":{"allow":["GET"]}}],"collection":[{"href":"https:\/\/www.europesays.com\/fr\/wp-json\/wp\/v2\/posts"}],"about":[{"href":"https:\/\/www.europesays.com\/fr\/wp-json\/wp\/v2\/types\/post"}],"author":[{"embeddable":true,"href":"https:\/\/www.europesays.com\/fr\/wp-json\/wp\/v2\/users\/2"}],"replies":[{"embeddable":true,"href":"https:\/\/www.europesays.com\/fr\/wp-json\/wp\/v2\/comments?post=25912"}],"version-history":[{"count":0,"href":"https:\/\/www.europesays.com\/fr\/wp-json\/wp\/v2\/posts\/25912\/revisions"}],"wp:featuredmedia":[{"embeddable":true,"href":"https:\/\/www.europesays.com\/fr\/wp-json\/wp\/v2\/media\/25913"}],"wp:attachment":[{"href":"https:\/\/www.europesays.com\/fr\/wp-json\/wp\/v2\/media?parent=25912"}],"wp:term":[{"taxonomy":"category","embeddable":true,"href":"https:\/\/www.europesays.com\/fr\/wp-json\/wp\/v2\/categories?post=25912"},{"taxonomy":"post_tag","embeddable":true,"href":"https:\/\/www.europesays.com\/fr\/wp-json\/wp\/v2\/tags?post=25912"}],"curies":[{"name":"wp","href":"https:\/\/api.w.org\/{rel}","templated":true}]}}