{"id":259126,"date":"2025-07-19T15:53:10","date_gmt":"2025-07-19T15:53:10","guid":{"rendered":"https:\/\/www.europesays.com\/fr\/259126\/"},"modified":"2025-07-19T15:53:10","modified_gmt":"2025-07-19T15:53:10","slug":"une-etude-relie-notre-atmosphere-a-un-processus-souterrain","status":"publish","type":"post","link":"https:\/\/www.europesays.com\/fr\/259126\/","title":{"rendered":"une \u00e9tude relie notre atmosph\u00e8re \u00e0 un processus souterrain"},"content":{"rendered":"<p><img fetchpriority=\"high\" decoding=\"async\" width=\"1024\" height=\"586\" src=\"https:\/\/www.europesays.com\/fr\/wp-content\/uploads\/2025\/07\/planete-terre-oxygene-atmosphere-1024x586.webp.webp\" alt=\"Vue de la Terre depuis l\u2019espace, avec le lever du soleil illuminant l\u2019Europe et la M\u00e9diterran\u00e9e\" class=\"wp-image-983447\"  \/>La Terre baign\u00e9e par le lever du soleil : notre atmosph\u00e8re est le fruit d\u2019une longue co\u00e9volution entre la g\u00e9ologie et la vie \u2013 DailyGeekShow.com<\/p>\n<p>Une \u00e9tude de <strong>Science Advances<\/strong> montre que la <strong>g\u00e9odynamo<\/strong> et le <strong>taux <a href=\"https:\/\/dailygeekshow.com\/oxygene-galaxie\/\" target=\"_blank\" rel=\"noopener\">d\u2019oxyg\u00e8ne<\/a><\/strong> atmosph\u00e9rique \u00e9voluent en parall\u00e8le. De fait, notre plan\u00e8te puise autant dans ses entrailles que dans ses oc\u00e9ans et for\u00eats pour respirer.<\/p>\n<p>Le champ magn\u00e9tique et l\u2019oxyg\u00e8ne viennent de processus tr\u00e8s diff\u00e9rents\u2026 mais \u00e9voluent ensemble<\/p>\n<p>Le <strong>champ magn\u00e9tique terrestre<\/strong> provient des <strong>mouvements de convection<\/strong> dans le <strong>noyau liquide<\/strong> de la Terre. Ce syst\u00e8me naturel, semblable \u00e0 une <strong>dynamo<\/strong>, s\u2019est renforc\u00e9 il y a <strong>540 millions d\u2019ann\u00e9es<\/strong>, lorsque le <strong>noyau interne<\/strong> a commenc\u00e9 \u00e0 se solidifier.<\/p>\n<p>Lire aussi <a href=\"https:\/\/dailygeekshow.com\/le-premier-adn-humain-100-synthetique-une-avancee-qui-pourrait-reprogrammer-notre-comprehension-du-vivant\/\" target=\"_blank\" rel=\"noopener\">Le premier ADN humain 100 % synth\u00e9tique : une avanc\u00e9e qui pourrait reprogrammer notre compr\u00e9hension du vivant<\/a><\/p>\n<p>De son c\u00f4t\u00e9, <strong>l\u2019oxyg\u00e8ne <a href=\"https:\/\/dailygeekshow.com\/composition-exoplanetes\/\" target=\"_blank\" rel=\"noopener\">atmosph\u00e9rique<\/a><\/strong> est produit par la <strong>photosynth\u00e8se<\/strong>, un processus biologique apparu il y a <strong>2 milliards d\u2019ann\u00e9es<\/strong>. Il a d\u00e9clench\u00e9 deux r\u00e9volutions majeures : la <strong>Grande Oxydation<\/strong> (2,4 milliards d\u2019ann\u00e9es) et l\u2019<strong>explosion cambrienne<\/strong> (500 millions d\u2019ann\u00e9es), p\u00e9riode d\u2019expansion massive de la vie.<\/p>\n<p>Et pourtant, malgr\u00e9 leurs origines oppos\u00e9es, une <strong>corr\u00e9lation frappante<\/strong> est apparue : <strong>chaque renforcement du champ magn\u00e9tique co\u00efncide avec une hausse du taux d\u2019oxyg\u00e8ne<\/strong>. Ces phases de synchronisation suivent aussi les <strong>grands bouleversements climatiques<\/strong>, comme certaines glaciations ou des r\u00e9chauffements soudains.<\/p>\n<p>Les supercontinents et les plaques tectoniques modifient les \u00e9quilibres internes de la Terre<\/p>\n<p>La formation de <strong><a href=\"https:\/\/dailygeekshow.com\/supercontinents-terre\/\" target=\"_blank\" rel=\"noopener\">supercontinents<\/a><\/strong> comme la <strong>Pang\u00e9e<\/strong> perturbe le <strong>transfert de chaleur<\/strong> entre le <strong>manteau<\/strong> et le <strong>noyau<\/strong>. Cela a pour effet de <strong>renforcer<\/strong> ou d\u2019<strong>affaiblir<\/strong> la g\u00e9odynamo, selon que la chaleur est bloqu\u00e9e ou lib\u00e9r\u00e9e.<\/p>\n<p>Lire aussi <a href=\"https:\/\/dailygeekshow.com\/un-organite-inconnu-detecte-dans-nos-cellules-une-decouverte-qui-pourrait-revolutionner-la-medecine-genetique\/\" target=\"_blank\" rel=\"noopener\">Un organite inconnu d\u00e9tect\u00e9 dans nos cellules : une d\u00e9couverte qui pourrait r\u00e9volutionner la m\u00e9decine g\u00e9n\u00e9tique<\/a><\/p>\n<p>De plus, la <strong>subduction<\/strong> entra\u00eene dans les profondeurs des <strong>roches riches en oxyg\u00e8ne<\/strong>. L\u00e0, elles subissent des <strong>r\u00e9actions chimiques<\/strong> complexes. Ces r\u00e9actions peuvent <strong>lib\u00e9rer de l\u2019oxyg\u00e8ne<\/strong> ou au contraire <strong>le pi\u00e9ger<\/strong>. Ainsi, les <strong>mouvements de la cro\u00fbte terrestre<\/strong> influencent aussi la <strong>composition de l\u2019atmosph\u00e8re<\/strong>.<\/p>\n<p>Les scientifiques ont \u00e9galement observ\u00e9 des <strong>zones anciennes pauvres en oxyg\u00e8ne<\/strong> \u00e0 l\u2019aide d\u2019<strong>isotopes de soufre et de fer<\/strong>. Une fois expos\u00e9es \u00e0 l\u2019air, ces poches peuvent <strong>rel\u00e2cher d\u2019un coup de grandes quantit\u00e9s d\u2019oxyg\u00e8ne<\/strong>, provoquant des <strong>pics soudains<\/strong> dans l\u2019atmosph\u00e8re.<\/p>\n<p>La vie et le noyau terrestre sont plus li\u00e9s qu\u2019on ne l\u2019imaginait<\/p>\n<p>Ces d\u00e9couvertes modifient notre regard sur la plan\u00e8te. Elles montrent que la <strong>biosph\u00e8re<\/strong> (la vie) et la <strong>g\u00e9osph\u00e8re<\/strong> (l\u2019int\u00e9rieur de la Terre) <strong>interagissent en profondeur<\/strong>.<\/p>\n<p>Lire aussi <a href=\"https:\/\/dailygeekshow.com\/microbe-miroir-lapparition-dun-organisme-inconnu-fait-craindre-pour-la-survie-de-la-vie-sur-terre\/\" target=\"_blank\" rel=\"noopener\">Microbe miroir : l\u2019apparition d\u2019un organisme inconnu fait craindre pour la survie de la vie sur Terre<\/a><\/p>\n<p>Par extension, cela pourrait expliquer pourquoi <strong><a href=\"https:\/\/dailygeekshow.com\/starship-en-flammes-mars-en-ligne-de-mire-la-course-spatiale-entre-chaos-et-conquete\/\" target=\"_blank\" rel=\"noopener\">Mars<\/a><\/strong> ou <strong>V\u00e9nus<\/strong>, qui <strong>n\u2019ont pas de champ magn\u00e9tique actif<\/strong>, n\u2019ont jamais pu <strong>retenir suffisamment d\u2019oxyg\u00e8ne<\/strong> pour permettre l\u2019\u00e9mergence de la vie.<\/p>\n<p>Pour approfondir cette piste, les chercheurs veulent cr\u00e9er des <strong>mod\u00e8les coupl\u00e9s<\/strong>. Ces simulations devront int\u00e9grer \u00e0 la fois le <strong>pal\u00e9omagn\u00e9tisme<\/strong>, la <strong>g\u00e9ochimie<\/strong>, et la <strong>tectonique des plaques<\/strong>, afin de <strong>reconstituer l\u2019\u00e9volution de l\u2019atmosph\u00e8re<\/strong> sur des millions d\u2019ann\u00e9es.<\/p>\n<p>La Terre \u00e9change de l\u2019oxyg\u00e8ne avec ses profondeurs comme un organisme vivant<\/p>\n<p>Ce que r\u00e9v\u00e8le cette \u00e9tude, c\u2019est que <strong>la Terre n\u2019est pas un syst\u00e8me divis\u00e9<\/strong>, mais bien un <strong>organisme global<\/strong>. Ce que produit <strong>le c\u0153ur de la plan\u00e8te<\/strong> peut influencer <strong>l\u2019air que nous respirons<\/strong>.<\/p>\n<p>Lire aussi <a href=\"https:\/\/dailygeekshow.com\/ces-10-anecdotes-prehistoriques-que-vous-ignorez-peut-etre-vont-changer-votre-regard-sur-nos-ancetres\/\" target=\"_blank\" rel=\"noopener\">Ces 10 anecdotes pr\u00e9historiques que vous ignorez (peut-\u00eatre) vont changer votre regard sur nos anc\u00eatres<\/a><\/p>\n<p>Comprendre ce lien profond entre <strong>g\u00e9odynamo<\/strong> et <strong>oxyg\u00e8ne<\/strong> pourrait bien transformer notre vision de la vie sur Terre\u2026 et ailleurs.<\/p>\n","protected":false},"excerpt":{"rendered":"La Terre baign\u00e9e par le lever du soleil : notre atmosph\u00e8re est le fruit d\u2019une longue co\u00e9volution entre&hellip;\n","protected":false},"author":2,"featured_media":259127,"comment_status":"","ping_status":"","sticky":false,"template":"","format":"standard","meta":{"footnotes":""},"categories":[7],"tags":[1011,27,23827,43,40,41,39,42,44],"class_list":{"0":"post-259126","1":"post","2":"type-post","3":"status-publish","4":"format-standard","5":"has-post-thumbnail","7":"category-sciences-et-technologies","8":"tag-fr","9":"tag-france","10":"tag-james-webb","11":"tag-science","12":"tag-science-and-technology","13":"tag-sciences","14":"tag-sciences-et-technologies","15":"tag-technologies","16":"tag-technology"},"share_on_mastodon":{"url":"https:\/\/pubeurope.com\/@fr\/114880709025139246","error":""},"_links":{"self":[{"href":"https:\/\/www.europesays.com\/fr\/wp-json\/wp\/v2\/posts\/259126","targetHints":{"allow":["GET"]}}],"collection":[{"href":"https:\/\/www.europesays.com\/fr\/wp-json\/wp\/v2\/posts"}],"about":[{"href":"https:\/\/www.europesays.com\/fr\/wp-json\/wp\/v2\/types\/post"}],"author":[{"embeddable":true,"href":"https:\/\/www.europesays.com\/fr\/wp-json\/wp\/v2\/users\/2"}],"replies":[{"embeddable":true,"href":"https:\/\/www.europesays.com\/fr\/wp-json\/wp\/v2\/comments?post=259126"}],"version-history":[{"count":0,"href":"https:\/\/www.europesays.com\/fr\/wp-json\/wp\/v2\/posts\/259126\/revisions"}],"wp:featuredmedia":[{"embeddable":true,"href":"https:\/\/www.europesays.com\/fr\/wp-json\/wp\/v2\/media\/259127"}],"wp:attachment":[{"href":"https:\/\/www.europesays.com\/fr\/wp-json\/wp\/v2\/media?parent=259126"}],"wp:term":[{"taxonomy":"category","embeddable":true,"href":"https:\/\/www.europesays.com\/fr\/wp-json\/wp\/v2\/categories?post=259126"},{"taxonomy":"post_tag","embeddable":true,"href":"https:\/\/www.europesays.com\/fr\/wp-json\/wp\/v2\/tags?post=259126"}],"curies":[{"name":"wp","href":"https:\/\/api.w.org\/{rel}","templated":true}]}}