{"id":259139,"date":"2025-07-19T16:02:42","date_gmt":"2025-07-19T16:02:42","guid":{"rendered":"https:\/\/www.europesays.com\/fr\/259139\/"},"modified":"2025-07-19T16:02:42","modified_gmt":"2025-07-19T16:02:42","slug":"rc-lens-mercato-le-jackpot-pour-neil-el-aynaoui-fait-aussi-le-bonheur-de-nancy","status":"publish","type":"post","link":"https:\/\/www.europesays.com\/fr\/259139\/","title":{"rendered":"RC Lens Mercato : le jackpot pour Neil El Aynaoui fait aussi le bonheur de Nancy"},"content":{"rendered":"<p><strong>Alors que le RC Lens s\u2019appr\u00eate \u00e0 vendre Neil El Aynaoui pour 40 fois son prix d\u2019achat, une petite partie du transfert ira \u00e0 Nancy, le club formateur du milieu de terrain.<\/strong><\/p>\n<p>Le RC Lens est sur le point de perdre <a href=\"http:\/\/butfootballclub.fr\/ligue-1\/rc-lens\/rc-lens-mercato-romano-annonce-un-accord-pour-el-aynaoui-a-la-roma\/\" rel=\"noreferrer noopener nofollow\" target=\"_blank\">Neil El Aynaoui, qui va s\u2019engager \u00e0 l\u2019AS Roma<\/a>. Arriv\u00e9 en provenance de Nancy en 2023 pour environ 600 000 euros, le milieu marocain va s\u2019envoler pour l\u2019Italie contre un montant de 25 millions d\u2019euros, bonus inclus, soit une plus-value exceptionnelle pour le club art\u00e9sien.<\/p>\n<p>Un beau petit ch\u00e8que pour Nancy<\/p>\n<p>Si les n\u00e9gociations ont \u00e9t\u00e9 longues, la direction lensoise a su faire monter les ench\u00e8res pour tirer le maximum de cette transaction. Une transaction qui va remplir encore un peu plus les caisses lensoises\u2026 mais aussi nanc\u00e9iennes.<\/p>\n<p>En effet, comme le rapporte <a href=\"https:\/\/www.footmercato.net\/a2147839754487733118-nancy-va-toucher-le-pactole-avec-la-vente-de-neil-el-aynaoui\" rel=\"noreferrer noopener nofollow\" target=\"_blank\">Foot Mercato<\/a>, le club formateur d\u2019El Aynaoui profite \u00e9galement du deal gr\u00e2ce \u00e0 un pourcentage sur la plus-value de de 10%, r\u00e9cup\u00e9rant ainsi pr\u00e8s de 2,3 millions d\u2019euros \u2014 une somme non n\u00e9gligeable pour le club qui vient de remonter en Ligue 2.<\/p>\n","protected":false},"excerpt":{"rendered":"Alors que le RC Lens s\u2019appr\u00eate \u00e0 vendre Neil El Aynaoui pour 40 fois son prix d\u2019achat, une&hellip;\n","protected":false},"author":2,"featured_media":259140,"comment_status":"","ping_status":"","sticky":false,"template":"","format":"standard","meta":{"footnotes":""},"categories":[9635],"tags":[1111,11,448,1777,674,63,1011,27,775,66,3388,1702,12,25,10662],"class_list":{"0":"post-259139","1":"post","2":"type-post","3":"status-publish","4":"format-standard","5":"has-post-thumbnail","7":"category-nancy","8":"tag-actu","9":"tag-actualites","10":"tag-champions-league","11":"tag-eu","12":"tag-europe","13":"tag-football","14":"tag-fr","15":"tag-france","16":"tag-grand-est","17":"tag-ligue-1","18":"tag-matchs","19":"tag-nancy","20":"tag-news","21":"tag-republique-francaise","22":"tag-transferts"},"share_on_mastodon":{"url":"https:\/\/pubeurope.com\/@fr\/114880744243124342","error":""},"_links":{"self":[{"href":"https:\/\/www.europesays.com\/fr\/wp-json\/wp\/v2\/posts\/259139","targetHints":{"allow":["GET"]}}],"collection":[{"href":"https:\/\/www.europesays.com\/fr\/wp-json\/wp\/v2\/posts"}],"about":[{"href":"https:\/\/www.europesays.com\/fr\/wp-json\/wp\/v2\/types\/post"}],"author":[{"embeddable":true,"href":"https:\/\/www.europesays.com\/fr\/wp-json\/wp\/v2\/users\/2"}],"replies":[{"embeddable":true,"href":"https:\/\/www.europesays.com\/fr\/wp-json\/wp\/v2\/comments?post=259139"}],"version-history":[{"count":0,"href":"https:\/\/www.europesays.com\/fr\/wp-json\/wp\/v2\/posts\/259139\/revisions"}],"wp:featuredmedia":[{"embeddable":true,"href":"https:\/\/www.europesays.com\/fr\/wp-json\/wp\/v2\/media\/259140"}],"wp:attachment":[{"href":"https:\/\/www.europesays.com\/fr\/wp-json\/wp\/v2\/media?parent=259139"}],"wp:term":[{"taxonomy":"category","embeddable":true,"href":"https:\/\/www.europesays.com\/fr\/wp-json\/wp\/v2\/categories?post=259139"},{"taxonomy":"post_tag","embeddable":true,"href":"https:\/\/www.europesays.com\/fr\/wp-json\/wp\/v2\/tags?post=259139"}],"curies":[{"name":"wp","href":"https:\/\/api.w.org\/{rel}","templated":true}]}}