{"id":259155,"date":"2025-07-19T16:10:24","date_gmt":"2025-07-19T16:10:24","guid":{"rendered":"https:\/\/www.europesays.com\/fr\/259155\/"},"modified":"2025-07-19T16:10:24","modified_gmt":"2025-07-19T16:10:24","slug":"cest-comme-si-on-avait-deja-gagne","status":"publish","type":"post","link":"https:\/\/www.europesays.com\/fr\/259155\/","title":{"rendered":"C&rsquo;EST COMME SI ON AVAIT D\u00c9JA GAGN\u00c9&#8230;"},"content":{"rendered":"<p>Posted On 19 juillet 2025 <\/p>\n<p style=\"text-align: justify;\">Les Grenoblois peuvent \u00eatre tr\u00e8s, tr\u00e8s inquiets. La liste Piolle\/Ruffin est sortie du bois et la caricature d&rsquo;elle-m\u00eame par elle-m\u00eame atteint son paroxysme.\u00a0<\/p>\n<p style=\"text-align: justify;\">Laurence Ruffin, Lucille Lheureux, Margot Belair, Nicolas Beron-Perez (la caution PC) composent la grosse caisse charg\u00e9e d&rsquo;occuper le terrain m\u00e9diatique jusqu&rsquo;\u00e0 l&rsquo;automne en pr\u00e9tendant \u00ab\u00a0des \u00e9coutes, des rencontres\u00a0\u00bb alors qu&rsquo;ils ont engag\u00e9 en toute opacit\u00e9 des tractations \u00e2pres avec LFI qui entend peser lourd et qu&rsquo;il s&rsquo;agit toujours pour eux de plumer la volaille socialiste en r\u00e9cusant ce que le PS repr\u00e9sente id\u00e9ologiquement : cette social d\u00e9mocratie ex\u00e9cr\u00e9e.<a target=\"_blank\" href=\"https:\/\/www.placegrenet.fr\/2025\/07\/17\/municipales-les-quatre-volontaires-de-la-majorite-sortante-de-grenoble-exposent-leur-demarche-et-leur-calendrier\/655843\" rel=\"noopener\"> Ils se livrent donc \u00e0 Place Gre&rsquo;Net.<\/a><\/p>\n<p><a href=\"https:\/\/i2.wp.com\/grenoble-le-changement.fr\/wp-content\/uploads\/2025\/07\/Capture-de\u0301cran-2025-07-18-a\u0300-12.06.04.png?ssl=1\" rel=\"lightbox[83378] noopener\" target=\"_blank\"><img decoding=\"async\" data-id=\"83379\" src=\"https:\/\/i2.wp.com\/grenoble-le-changement.fr\/wp-content\/uploads\/2025\/07\/Capture-de\u0301cran-2025-07-18-a\u0300-12.06.04.png?resize=678%2C440&amp;ssl=1\" alt=\"\" class=\"wp-image-83379 jetpack-lazy-image\" data-recalc-dims=\"1\" data-lazy-src=\"https:\/\/i2.wp.com\/grenoble-le-changement.fr\/wp-content\/uploads\/2025\/07\/Capture-de\u0301cran-2025-07-18-a\u0300-12.06.04.png?resize=678%2C440&amp;is-pending-load=1#038;ssl=1\" \/><\/a><br \/>\nSur <a target=\"_blank\" href=\"https:\/\/www.placegrenet.fr\/2025\/07\/17\/municipales-les-quatre-volontaires-de-la-majorite-sortante-de-grenoble-exposent-leur-demarche-et-leur-calendrier\/655843\" rel=\"noopener\">Place Gre&rsquo;Net<\/a>, Margot Belair, Laurence Ruffin, Lucille Lheureux, Nicolas Beron-Perez posent fa\u00e7on faussement bucolique dans le parc Pompidou, 5,5 hectares au coeur de Grenoble, une r\u00e9alisation&#8230; de la municipalit\u00e9  Carignon. Leur valeur ajout\u00e9e ? Les tags qu&rsquo;on voit sur le muret &#8230; <a target=\"_blank\" href=\"https:\/\/www.placegrenet.fr\/2025\/07\/17\/municipales-les-quatre-volontaires-de-la-majorite-sortante-de-grenoble-exposent-leur-demarche-et-leur-calendrier\/655843\" rel=\"noopener\">Source photo : Place Gre&rsquo;net<\/a><\/p>\n<p><strong>LES GRENOBLOIS N&rsquo;ONT DROIT \u00c0 AUCUNE INFORMATION SUR LES TRACTATIONS<\/strong><\/p>\n<p style=\"text-align: justify;\">Les grenoblois n&rsquo;ont pas droit \u00e0 un seul mot, une seule information sur ces tractations, les conditions pos\u00e9es par les uns et les autres. <a target=\"_blank\" href=\"https:\/\/www.placegrenet.fr\/2025\/07\/17\/municipales-les-quatre-volontaires-de-la-majorite-sortante-de-grenoble-exposent-leur-demarche-et-leur-calendrier\/655843\" rel=\"noopener\">Place Gre&rsquo;Net<\/a> a seulement droit \u00e0 l&rsquo;info selon laquelle elles ont lieu. Les pratiques de la secte au pouvoir ne changent pas. On amuse la galerie avec \u00ab\u00a0le recueil de la parole des grenoblois\u00a0\u00bb et \u00ab\u00a0toutes les personnes ont envie de parler\u00a0\u00bb pr\u00e9cise m\u00eame <a href=\"https:\/\/grenoble-le-changement.fr\/2025\/05\/26\/scop-alma-que-fait-laurence-ruffin-verts-lfi-des-2-5-millions-d-e-de-resultats\/\" target=\"_blank\" rel=\"noopener\">Laurence Ruffin (!)<\/a>.<\/p>\n<p style=\"text-align: justify;\"><strong>L. LHEUREUX (Verts\/LFI) \u00ab\u00a0PORTE CETTE HUMILIT\u00c9\u00a0\u00bb&#8230;<\/strong><\/p>\n<p style=\"text-align: justify;\">Lucille Lheureux, fid\u00e8le \u00e0 elle-m\u00eame, allant plus loin : \u00ab Ce n\u2019est pas parce qu\u2019on a discut\u00e9 avec les gens depuis dix ans qu\u2019on doit cesser de le faire. On ne doit jamais cesser de cultiver le dialogue. Ce que nous portons, c\u2019est la responsabilit\u00e9 d\u2019avoir de la consid\u00e9ration envers les personnes, de toujours avoir cette humilit\u00e9 de ne pas parler \u00e0 la place des gens \u00bb <a target=\"_blank\" href=\"https:\/\/www.placegrenet.fr\/2025\/07\/17\/municipales-les-quatre-volontaires-de-la-majorite-sortante-de-grenoble-exposent-leur-demarche-et-leur-calendrier\/655843\" rel=\"noopener\">( Place Gre&rsquo;Net).<\/a> Il faut oser.<\/p>\n<p style=\"text-align: justify;\">Que font-ils ? \u00ab\u00a0On trouve des mots ensemble pour faire le lien entre un projet politique de gauche \u00e9cologiste\u00a0\u00bb.\u00a0<\/p>\n<p style=\"text-align: justify;\"><strong>\u00ab\u00a0ENTENDRE LES CRITIQUES ?\u00a0\u00bb \u00c7A DEVIENT UN PEU FLOU\u00a0<\/strong><\/p>\n<p style=\"text-align: justify;\"><a target=\"_blank\" href=\"https:\/\/www.placegrenet.fr\/2025\/07\/17\/municipales-les-quatre-volontaires-de-la-majorite-sortante-de-grenoble-exposent-leur-demarche-et-leur-calendrier\/655843\" rel=\"noopener\">Florent Mathieu (Place Gre&rsquo;Net)<\/a> fait son travail et pose la question selon laquelle le \u00ab\u00a0recueil des paroles des Grenoblois pr\u00e9suppose-t-il une capacit\u00e9 \u00e0 entendre les critiques qu\u2019ils pourraient adresser \u00e0 la majorit\u00e9 sortante ?\u00a0\u00bb. \u00c0 ce sujet c&rsquo;est un peu flou. Margot Belair veut \u00ab\u00a0comprendre leurs fondements\u00a0\u00bb. Mais Nicolas Beron-Perez estime que \u00ab\u00a0la plupart des gens\u00a0\u00bb sont \u00ab\u00a0rarement critiques sur le bien fond\u00e9 de l&rsquo;action\u00a0\u00bb. En creux on pourrait discuter seulement de la m\u00e9thode. Et encore.\u00a0<\/p>\n<p style=\"text-align: justify;\"><strong>L. LHEUREUX ET LA N\u00c9CESSIT\u00c9 \u00ab\u00a0DE D\u00c9CISIONS PARFOIS VIOLENTES\u00a0\u00bb<\/strong><\/p>\n<p style=\"text-align: justify;\">Car Lucille Lheureux, l\u00e0 encore, ferme le banc puisque \u00ab\u00a0l\u2019int\u00e9r\u00eat g\u00e9n\u00e9ral n\u00e9cessite des d\u00e9cisions parfois violentes, parfois difficiles\u00a0\u00bb. Evidemment les \u00e9lus Rouge\/Verts incarnent l&rsquo;int\u00e9r\u00eat g\u00e9n\u00e9ral quand ils tuent le commerce d&rsquo;une femme seule rue Diderot, font vivre des familles modestes dans des conditions indignes dans le logement social, quand ils font baisser le rideau \u00e0 des dizaines de dizaines de travailleurs, pour ne citer que quelques exemples. \u00ab\u00a0L&rsquo;humilit\u00e9\u00a0\u00bb a ses limites.<\/p>\n<p><img decoding=\"async\" data-id=\"78975\" src=\"https:\/\/grenoble-le-changement.fr\/wp-content\/uploads\/2025\/01\/Piolle-Lheureux-Pre\u0301vost.webp\" alt=\"\" class=\"wp-image-78975 jetpack-lazy-image\" data-lazy-src=\"https:\/\/www.europesays.com\/fr\/wp-content\/uploads\/2025\/05\/Piolle-Lheureux-Pre\u0301vost.webp\" \/><\/p>\n<p><img decoding=\"async\" data-id=\"58325\" src=\"https:\/\/i2.wp.com\/grenoble-le-changement.fr\/wp-content\/uploads\/2023\/02\/Curarollo-Bertrand-.png?w=678&amp;ssl=1\" alt=\"\" class=\"wp-image-58325 jetpack-lazy-image\" data-recalc-dims=\"1\" data-lazy-src=\"https:\/\/www.europesays.com\/fr\/wp-content\/uploads\/2025\/07\/Curarollo-Bertrand-.png\" \/><br \/>\nIl faut se m\u00e9fier des pr\u00e9sentations bucoliques des Rouge\/Verts. \u00c0 Gauche &#8230; Lucille Lheureux avec Piolle et Hugo Pr\u00e9vost, l&rsquo;ex d\u00e9put\u00e9 LFI de la 1\u00e8re circonscription contraint de d\u00e9missionner <a href=\"https:\/\/grenoble-le-changement.fr\/2025\/05\/13\/violences-dhugo-prevostlfi-e-piolle-et-e-martin-savaient\/\" target=\"_blank\" rel=\"noopener\">car accus\u00e9 de violences sexistes et sexuelles. <\/a>\u00c0 droite, Olivier Bertrand, un apparatchik des Verts\/Ades <a href=\"https:\/\/grenoble-le-changement.fr\/2024\/03\/04\/raymond-avrillier-le-tartuffe-rouge-verts-bouge-encore\/\" target=\"_blank\" rel=\"noopener\">de la secte Avrillier<\/a> et <a href=\"https:\/\/grenoble-le-changement.fr\/2025\/03\/13\/j-cucarollo-verts-lfi-perd-son-proces-contre-glc\/\" target=\"_blank\" rel=\"noopener\">J\u00e9r\u00f4me Cucarollo, autre apparatchik<\/a>, conseiller d\u00e9partemental, compagnon de Margot Belair. Une enqu\u00eate a \u00e9t\u00e9 ouverte en 2023 pour \u00ab\u00a0soup\u00e7ons de favoritisme\u00a0\u00bb pour des march\u00e9s sans appel d&rsquo;offres entre le CCAS de la ville et la soci\u00e9t\u00e9 de transport Toutenv\u00e9lo, la soci\u00e9t\u00e9 qu&rsquo;il pr\u00e9side. \u00c0 les voir on leur donnerait le Bon Dieu sans confession.<\/p>\n<p><strong>PENDANT CE TEMPS, LE RAPPORT DE FORCES DE N\u00c9GOCIATIONS ACHARN\u00c9ES<\/strong><\/p>\n<p style=\"text-align: justify;\">On est frapp\u00e9 par la r\u00e9p\u00e9tition de la story des municipales pr\u00e9c\u00e9dentes avec les fausses consultations et les faux citoyens qui n&rsquo;existent pas, tandis qu&rsquo;existent bien les apparatchiks avec lesquels le quatuor n\u00e9gocie de fa\u00e7on acharn\u00e9e pour les places et \u00e9viter notamment une liste autonome LFI. Et le rapport n&rsquo;est que de force quand on sait que <a href=\"https:\/\/grenoble-le-changement.fr\/2025\/06\/11\/lfi-met-la-pression-sur-l-ruffin-la-candidate-pour-succeder-a-piolle\/\" target=\"_blank\" rel=\"noopener\">LFI a d\u00e9sign\u00e9 Allan Brunon pour seconder Elisa Martin dans cette n\u00e9gociation.<\/a><\/p>\n<p style=\"text-align: justify;\"><strong>L. RUFFIN : \u00ab\u00a0IL Y A DES QUESTIONS SUR LE LOGEMENT\u00a0\u00bb (!)\u00a0<\/strong><\/p>\n<p style=\"text-align: justify;\"><a href=\"https:\/\/grenoble-le-changement.fr\/2025\/07\/07\/municipales-un-ete-meurtrier-pour-les-gauches-grenobloises\/\" target=\"_blank\" rel=\"noopener\">Comment peuvent-ils esp\u00e9rer tromper une troisi\u00e8me fois les grenoblois <\/a>? D&rsquo;autant que Laurence Ruffin et ses soutiens expriment un retour des grenoblois d&rsquo;une pauvret\u00e9 abyssale. \u00ab<a href=\"https:\/\/grenoble-le-changement.fr\/2025\/07\/12\/requisitions-de-logements-encore-une-fausse-annonce-de-piolle\/\" target=\"_blank\" rel=\"noopener\">\u00a0<\/a><a href=\"https:\/\/grenoble-le-changement.fr\/2025\/07\/12\/requisitions-de-logements-encore-une-fausse-annonce-de-piolle\/\" target=\"_blank\" rel=\"noopener\">Il y a des questions sur le logement.<\/a> On a parl\u00e9 de la question de l\u2019acc\u00e8s aux droits et du sens de l\u2019action publique\u00bb. Ou encore \u00a0\u00bb le logement, cheval de bataille principal\u00a0\u00bb. Eux qui ont ghetto\u00efs\u00e9 des quartiers entiers, pr\u00e9tendent construire encore 5000 HLM suppl\u00e9mentaires alors qu&rsquo;ils n&rsquo;ont ni le premier sou, ni le foncier pour le faire. Mais l&rsquo;important est <a href=\"https:\/\/grenoble-le-changement.fr\/2025\/06\/18\/25-de-logements-sociaux-piolle-jubile-pendant-que-grenoble-senfonce\/\" target=\"_blank\" rel=\"noopener\">\u00ab\u00a0la question du logement\u00a0\u00bb.<\/a> Pas la r\u00e9ponse&#8230;<\/p>\n<p style=\"text-align: justify;\"><strong>AUCUNE QUESTION SUR L&rsquo;INS\u00c9CURIT\u00c9, LA MALPROPRET\u00c9, LE STATIONNEMENT<\/strong><\/p>\n<p style=\"text-align: justify;\">Ils n&rsquo;ont entendu aucune question sur l&rsquo;ins\u00e9curit\u00e9, la malpropret\u00e9, le stationnement, l&rsquo;attractivit\u00e9&#8230; Pourtant <a href=\"https:\/\/grenoble-le-changement.fr\/2025\/05\/24\/sondage-carignon-en-tete-de-lopposition-les-grenoblois-veulent-le-changement\/\" target=\"_blank\" rel=\"noopener\">un sondage Ipsos r\u00e9alis\u00e9 pour GrenobleMag<\/a> relevait que les grenoblois \u00e9taient m\u00e9contents \u00e0 54 % sur la circulation, <a href=\"https:\/\/grenoble-le-changement.fr\/2025\/04\/29\/proprete-les-verts-lfi-ont-attendu-11-ans-pour-faire-semblant-de-se-reveiller\/\" target=\"_blank\" rel=\"noopener\">\u00a0\u00e0 57% pour le stationnement <\/a><a href=\"https:\/\/grenoble-le-changement.fr\/2025\/04\/09\/insecurite-toutes-les-stats-qui-confirment-que-grenoble-est-n1\/\" target=\"_blank\" rel=\"noopener\">et \u00e0 71 % sur la s\u00e9curit\u00e9.<\/a><\/p>\n<p style=\"text-align: justify;\">Ils n&rsquo;ont rencontr\u00e9 aucun de ces Grenoblois. Une d\u00e9monstration de la fausset\u00e9 compl\u00e8te de l&rsquo;op\u00e9ration totalement invent\u00e9e pour les m\u00e9dias. Ce sont des menteurs.\u00a0<\/p>\n<p><img decoding=\"async\" data-id=\"83325\" src=\"https:\/\/i2.wp.com\/grenoble-le-changement.fr\/wp-content\/uploads\/2025\/07\/bizertino-2.jpg?w=678&amp;ssl=1\" alt=\"\" class=\"wp-image-83325 jetpack-lazy-image\" data-recalc-dims=\"1\" data-lazy-src=\"https:\/\/www.europesays.com\/fr\/wp-content\/uploads\/2025\/07\/bizertino-2.jpg\" \/><\/p>\n<p><img decoding=\"async\" data-id=\"83290\" src=\"https:\/\/i1.wp.com\/grenoble-le-changement.fr\/wp-content\/uploads\/2025\/07\/Capture-de\u0301cran-2025-07-13-a\u0300-18.41.27.png?w=678&amp;ssl=1\" alt=\"\" class=\"wp-image-83290 jetpack-lazy-image\" data-recalc-dims=\"1\" data-lazy-src=\"https:\/\/i1.wp.com\/grenoble-le-changement.fr\/wp-content\/uploads\/2025\/07\/Capture-de\u0301cran-2025-07-13-a\u0300-18.41.27.png?w=678&amp;is-pending-load=1#038;ssl=1\" \/><\/p>\n<p><img decoding=\"async\" data-id=\"83224\" src=\"https:\/\/i2.wp.com\/grenoble-le-changement.fr\/wp-content\/uploads\/2025\/07\/Capture-de\u0301cran-2025-07-10-a\u0300-10.00.13.png?w=678&amp;ssl=1\" alt=\"\" class=\"wp-image-83224 jetpack-lazy-image\" data-recalc-dims=\"1\" data-lazy-src=\"https:\/\/i2.wp.com\/grenoble-le-changement.fr\/wp-content\/uploads\/2025\/07\/Capture-de\u0301cran-2025-07-10-a\u0300-10.00.13.png?w=678&amp;is-pending-load=1#038;ssl=1\" \/><br \/>\nPendant ce temps, Grenoble-r\u00e9alit\u00e9  au mois de juillet, voiture b\u00e9lier cours de la Lib\u00e9ration, incendie criminel probablement antis\u00e9mite \u00e0 Hoche, espace public Alsace Lorraine&#8230;<\/p>\n<p><strong>LA VICTOIRE ID\u00c9OLOGIQUE MAJEURE : LE VIDE DU BILAN\u00a0<\/strong><\/p>\n<p style=\"text-align: justify;\">C\u00f4t\u00e9 vide du bilan on tutoie les profondeurs. Pour les \u00e9lus sortants, la majorit\u00e9 municipale a remport\u00e9 \u00ab une victoire id\u00e9ologique et culturelle majeure \u00bb. Et de citer \u00ab\u00a0les autoroutes \u00e0 v\u00e9lo, la gratuit\u00e9 des biblioth\u00e8ques ou la r\u00e9duction de la publicit\u00e9\u00a0\u00bb.\u00a0<\/p>\n<p style=\"text-align: justify;\"><strong>IL FAUDRAIT LOUER NOS SEIGNEURS POUR LEURS \u00c9CHECS\u00a0<\/strong><\/p>\n<p style=\"text-align: justify;\">Comme s&rsquo;ils avaient invent\u00e9 les voies cyclables, n&rsquo;avaient ferm\u00e9 aucune biblioth\u00e8que et supprim\u00e9 la publicit\u00e9 dans l&rsquo;espace public ! Sans compter \u00e0 ce sujet qu&rsquo;ils ont fait perdre 4M\u20ac de recettes de JCDecaux par mandat et que la r\u00e9duction de la publicit\u00e9 a \u00e9t\u00e9 largement compens\u00e9e par la permissivit\u00e9 accord\u00e9e aux tags qui ne rapportent rien, coutent et d\u00e9gradent l&rsquo;espace public. 12 ans pour \u00e7a ! Et rien d&rsquo;autre ? Avec + 30 % d&rsquo;imp\u00f4ts. Il faudrait louer Nos Seigneurs ?\u00a0<\/p>\n<p style=\"text-align: justify;\"><strong>N.BERON-PEREZ (PCF) SE VERRAIT BIEN PREMIER ADJOINT\u00a0<\/strong><\/p>\n<p style=\"text-align: justify;\">Sur ces bases de sable, Nicolas Beron-Perez qui se verrait bien succ\u00e9der \u00e0 Isabelle Peters l&rsquo;actuelle Premi\u00e8re Adjointe communiste, puisque le Maire Verts\/LFI serait une femme, parvient \u00e0 cette conclusion sans appel : \u00ab C\u2019est comme si on avait d\u00e9j\u00e0 gagn\u00e9 \u00bb.\u00a0\u00a0<\/p>\n<p style=\"text-align: justify;\"><strong>DANS LA CONTINUIT\u00c9 PIOLLE SUR LE FOND ET LA FORME<\/strong><\/p>\n<p style=\"text-align: justify;\">Il faut les lire pour mesurer leur outrecuidance, leur suffisance et <a href=\"https:\/\/grenoble-le-changement.fr\/2025\/06\/28\/le-retour-des-methodes-immondes-pour-disqualifier-les-critiques-des-verts-lfi\/\" target=\"_blank\" rel=\"noopener\">leur m\u00e9pris des Grenoblois<\/a>. Leur montage politicien se situe dans <a href=\"https:\/\/grenoble-le-changement.fr\/2025\/07\/04\/piolle-fait-la-propagande-des-verts-avec-largent-des-grenoblois\/\" target=\"_blank\" rel=\"noopener\">la continuit\u00e9 de la lettre de Piolle, financ\u00e9e par les contribuables<\/a>, qui a choqu\u00e9 tant de nos concitoyens par ce satisfecit ridicule de Lui \u00e0 Lui.\u00a0<\/p>\n<p><a href=\"https:\/\/i0.wp.com\/grenoble-le-changement.fr\/wp-content\/uploads\/2025\/07\/AC-femmes-dont-Michard-Bentaleb-.jpg?ssl=1\" rel=\"lightbox[83378] noopener\" target=\"_blank\"><img decoding=\"async\" data-id=\"83381\" src=\"https:\/\/i0.wp.com\/grenoble-le-changement.fr\/wp-content\/uploads\/2025\/07\/AC-femmes-dont-Michard-Bentaleb-.jpg?resize=678%2C452&amp;ssl=1\" alt=\"\" class=\"wp-image-83381 jetpack-lazy-image\" data-recalc-dims=\"1\" data-lazy-src=\"https:\/\/www.europesays.com\/fr\/wp-content\/uploads\/2025\/07\/AC-femmes-dont-Michard-Bentaleb-.jpg\" \/><\/a><br \/>\nLes collectifs \u00ab\u00a0R\u00e9concilier Grenoble\u00a0\u00bb et \u00ab\u00a0la gauche qui agit\u00a0\u00bb sont identifi\u00e9s, actifs et travaillent s\u00e9rieusement \u00e0 un projet avec Alain Carignon, ici avec Anouchka Michard, Charah Bentaleb, Judith Thermoz<\/p>\n<p><strong>L. RUFFIN (Verts\/LFI) CAMPE HORS SOL POUR \u00c9VITER LA BASE RUGUEUSE<\/strong><\/p>\n<p style=\"text-align: justify;\">En justifiant \u00ab\u00a0des d\u00e9cisions parfois violentes\u00a0\u00bb<a href=\"https:\/\/grenoble-le-changement.fr\/2023\/12\/14\/culture-l-lheureux-se-torpille-elle-meme\/\" target=\"_blank\" rel=\"noopener\"> Lucille Lheureux d\u00e9montre que les sortants<\/a> n&rsquo;ont rien entendu des souffrances inflig\u00e9es \u00e0 nombre de Grenoblois et qu&rsquo;ils ne les entendront pas demain non plus si <a href=\"https:\/\/grenoble-le-changement.fr\/2024\/11\/23\/laurence-ruffin-verts-lfi-petits-mensonges-et-gros-sabots\/\" target=\"_blank\" rel=\"noopener\">Laurence Ruffin<\/a> \u00e9tait \u00e9lue, elle qui campe hors sol pour \u00e9viter tout contact avec la base rugueuse.<\/p>\n<p style=\"text-align: justify;\"><strong>H\u00c9RITI\u00c8RE DU SI\u00c8GE DU GRAND TIMONIER\u00a0<\/strong><\/p>\n<p style=\"text-align: justify;\">En pr\u00e9tendant \u00ab\u00a0c&rsquo;est comme si on avait d\u00e9j\u00e0 gagn\u00e9\u00a0\u00bb, Nicolas B\u00e9ron-Perez est bien repr\u00e9sentatif de l&rsquo;\u00e9tat d&rsquo;esprit ce cette derni\u00e8re : h\u00e9riti\u00e8re du si\u00e8ge octroy\u00e9 par le Grand Timonier, d\u00e9sign\u00e9e par Lui, le passage devant les \u00e9lecteurs est une formalit\u00e9, quasi une contrainte, dont on n&rsquo;a malheureusement pas le droit de se passer.<\/p>\n<p style=\"text-align: justify;\"><strong>UNE GLACANTE CONTINUIT\u00c9 DOGMATIQUE<\/strong><\/p>\n<p style=\"text-align: justify;\">Ce faisant ils confirment leur \u00e9tonnante c\u00e9cit\u00e9, leur refus cong\u00e9nital d&rsquo;entendre les difficult\u00e9s qu&rsquo;ils cr\u00e9ent, les situations humaines dramatiques qu&rsquo;ils engendrent, ils confirment cette gla\u00e7ante continuit\u00e9 dogmatique qu&rsquo;ils incarnent.\u00a0<\/p>\n<p style=\"text-align: justify;\"><strong>AVEC EUX LE PIOLLISME EST AGGRAV\u00c9 ET MULTIPLI\u00c9 PAR QUATRE<\/strong><\/p>\n<p style=\"text-align: justify;\">Laurence Ruffin, Lucille Lheureux, Margot Belair et Nicolas B\u00e9ron-Perez devraient renouveler ce type d&rsquo;op\u00e9ration m\u00e9diatique encore plus souvent. Avec eux le Piollisme est multipli\u00e9 par quatre et aggrav\u00e9. <a href=\"https:\/\/grenoble-le-changement.fr\/2025\/05\/24\/sondage-carignon-en-tete-de-lopposition-les-grenoblois-veulent-le-changement\/\" target=\"_blank\" rel=\"noopener\">68 % des grenoblois qui<\/a> \u00ab\u00a0veulent changer en profondeur l&rsquo;action municipale\u00a0\u00bb sont donc bien inform\u00e9s. Avec eux ce serait encore pire.\u00a0<\/p>\n","protected":false},"excerpt":{"rendered":"Posted On 19 juillet 2025 Les Grenoblois peuvent \u00eatre tr\u00e8s, tr\u00e8s inquiets. La liste Piolle\/Ruffin est sortie du&hellip;\n","protected":false},"author":2,"featured_media":259156,"comment_status":"","ping_status":"","sticky":false,"template":"","format":"standard","meta":{"footnotes":""},"categories":[9566],"tags":[1111,11,9601,39927,22024,2430,18838,10131,9607,1777,674,39928,1011,27,2731,20952,34393,22034,10136,10612,10613,12,24294,15454,10139,25],"class_list":{"0":"post-259155","1":"post","2":"type-post","3":"status-publish","4":"format-standard","5":"has-post-thumbnail","7":"category-grenoble","8":"tag-actu","9":"tag-actualites","10":"tag-alain-carignon","11":"tag-allan-bruno","12":"tag-anouchka-michard","13":"tag-auvergne-rhone-alpes","14":"tag-charah-bentaleb","15":"tag-elisa-martin","16":"tag-eric-piolle","17":"tag-eu","18":"tag-europe","19":"tag-florent-matthieu","20":"tag-fr","21":"tag-france","22":"tag-grenoble","23":"tag-hugo-prevost","24":"tag-jerome-cucarollo","25":"tag-judith-thermoz","26":"tag-laurence-ruffin","27":"tag-lucille-lheureux","28":"tag-margot-belair","29":"tag-news","30":"tag-nicolas-beron-perez","31":"tag-olivier-bertrand","32":"tag-place-grenet","33":"tag-republique-francaise"},"share_on_mastodon":{"url":"https:\/\/pubeurope.com\/@fr\/114880776089504738","error":""},"_links":{"self":[{"href":"https:\/\/www.europesays.com\/fr\/wp-json\/wp\/v2\/posts\/259155","targetHints":{"allow":["GET"]}}],"collection":[{"href":"https:\/\/www.europesays.com\/fr\/wp-json\/wp\/v2\/posts"}],"about":[{"href":"https:\/\/www.europesays.com\/fr\/wp-json\/wp\/v2\/types\/post"}],"author":[{"embeddable":true,"href":"https:\/\/www.europesays.com\/fr\/wp-json\/wp\/v2\/users\/2"}],"replies":[{"embeddable":true,"href":"https:\/\/www.europesays.com\/fr\/wp-json\/wp\/v2\/comments?post=259155"}],"version-history":[{"count":0,"href":"https:\/\/www.europesays.com\/fr\/wp-json\/wp\/v2\/posts\/259155\/revisions"}],"wp:featuredmedia":[{"embeddable":true,"href":"https:\/\/www.europesays.com\/fr\/wp-json\/wp\/v2\/media\/259156"}],"wp:attachment":[{"href":"https:\/\/www.europesays.com\/fr\/wp-json\/wp\/v2\/media?parent=259155"}],"wp:term":[{"taxonomy":"category","embeddable":true,"href":"https:\/\/www.europesays.com\/fr\/wp-json\/wp\/v2\/categories?post=259155"},{"taxonomy":"post_tag","embeddable":true,"href":"https:\/\/www.europesays.com\/fr\/wp-json\/wp\/v2\/tags?post=259155"}],"curies":[{"name":"wp","href":"https:\/\/api.w.org\/{rel}","templated":true}]}}