{"id":259163,"date":"2025-07-19T16:15:16","date_gmt":"2025-07-19T16:15:16","guid":{"rendered":"https:\/\/www.europesays.com\/fr\/259163\/"},"modified":"2025-07-19T16:15:16","modified_gmt":"2025-07-19T16:15:16","slug":"renaud-capucon-gabi-hartmann-the-kings-singer-decouvrez-la-belle-affiche-du-festival-de-musique-de-saint-paul-de-vence","status":"publish","type":"post","link":"https:\/\/www.europesays.com\/fr\/259163\/","title":{"rendered":"Renaud Capu\u00e7on, Gabi Hartmann, The King\u2019s Singer&#8230; D\u00e9couvrez la belle affiche du festival de musique de Saint-Paul-de-Vence"},"content":{"rendered":"<p>Elle s\u2019annonce m\u00e9morable. Par la qualit\u00e9 de son programme comme par son cadre unique et magique, sous les \u00e9toiles de la place de la Courtine, des jardins de la Fondation Maeght ou de la Fondation CAB. L\u2019\u00e9dition 2025 du festival de musique de Saint-Paul-de-Vence d\u00e9marre demain et durera jusqu\u2019au 27 juillet.<\/p>\n<p>On y rel\u00e8vera la pr\u00e9sence, pour un concert \u00e9v\u00e8nement, du violoniste Renaud Capu\u00e7on, certainement le musicien le plus embl\u00e9matique de la sc\u00e8ne fran\u00e7aise. Au total, huit concerts uniques de musiciens prestigieux sous la direction artistique du quatuor Modigliani, ensemble musical de nombreuses fois prim\u00e9 \u00e0 l\u2019international.<\/p>\n<p>\u00ab\u00a0Ce grand festival est \u00e0 l\u2019image du village, \u00e9crin \u00e0 taille humaine. Les nouveaut\u00e9s sont multiples, tous les concerts sont des instants uniques. Celui qui se tiendra la Fondation CAB donnera acc\u00e8s \u00e0 l\u2019exposition et au concert baroque-\u00e9lectro\u00a0\u00bb, pr\u00e9sente le directeur de l\u2019\u00e9v\u00e9nement, Julien Kieffer.<\/p>\n<p>Bref, un grand moment de musique classique et de jazz d\u00e9di\u00e9 aux m\u00e9lomanes comme aux curieux. Avec, en ligne de mire, le record de billets vendus, d\u00e9j\u00e0 battu l\u2019an dernier.<\/p>\n<p>Festival de musique de Saint-Paul, du 19 au 27 juillet. 15 \u00e0 36 euros. <br \/>&#13;<br \/>\nRenseignements \u00e0 l\u2019office de tourisme (04.93.32.86.95)<br \/>&#13;<br \/>\nR\u00e9servation: <a href=\"http:\/\/festivalsaintpauldevence.com\" target=\"_blank\" rel=\"noopener\">festivalsaintpauldevence.com.<\/a><\/p>\n<p>            Le programme<\/p>\n<p>Samedi 19 juillet (21 heures, place de la Courtine):\u00a0Quatuor Modigliani.<\/p>\n<p>Dimanche 20 juillet (21 heures, Fondation Maeght):\u00a0Trio Busch.<\/p>\n<p>Lundi 21 juillet (21 heures, place de la Courtine):\u00a0Gabi Hartmann (sextet jazz).<\/p>\n<p>Mardi 22 juillet (21 heures, Fondation Maeght):\u00a0C\u00e9lia Kameni (quintette \u00ab\u00a0M\u00e9duse\u00a0\u00bb jazz).<\/p>\n<p>Jeudi 24 juillet (21 heures, place de la Courtine):\u00a0The King\u2019s Singer.<\/p>\n<p>Vendredi 25 juillet (21 heures, Fondation CAB):\u00a0Valentin Tournet &amp; Djedjotronic.<\/p>\n<p>Samedi 26 juillet (21 heures, place de la Courtine):\u00a0B\u00e9atrice Rana (piano) &amp; Massimo Spada (classique)<\/p>\n<p>Dimanche 27 juillet (21 heures, place de la Courtine):\u00a0Renaud Capu\u00e7on (violon) et Guillaume Bellom (piano).<\/p>\n","protected":false},"excerpt":{"rendered":"Elle s\u2019annonce m\u00e9morable. Par la qualit\u00e9 de son programme comme par son cadre unique et magique, sous les&hellip;\n","protected":false},"author":2,"featured_media":259164,"comment_status":"","ping_status":"","sticky":false,"template":"","format":"standard","meta":{"footnotes":""},"categories":[2819],"tags":[1111,11,4156,251,1777,674,1011,27,12,2401,882,25],"class_list":{"0":"post-259163","1":"post","2":"type-post","3":"status-publish","4":"format-standard","5":"has-post-thumbnail","7":"category-nice","8":"tag-actu","9":"tag-actualites","10":"tag-concerts","11":"tag-culture","12":"tag-eu","13":"tag-europe","14":"tag-fr","15":"tag-france","16":"tag-news","17":"tag-nice","18":"tag-provence-alpes-cote-dazur","19":"tag-republique-francaise"},"share_on_mastodon":{"url":"https:\/\/pubeurope.com\/@fr\/114880795417979621","error":""},"_links":{"self":[{"href":"https:\/\/www.europesays.com\/fr\/wp-json\/wp\/v2\/posts\/259163","targetHints":{"allow":["GET"]}}],"collection":[{"href":"https:\/\/www.europesays.com\/fr\/wp-json\/wp\/v2\/posts"}],"about":[{"href":"https:\/\/www.europesays.com\/fr\/wp-json\/wp\/v2\/types\/post"}],"author":[{"embeddable":true,"href":"https:\/\/www.europesays.com\/fr\/wp-json\/wp\/v2\/users\/2"}],"replies":[{"embeddable":true,"href":"https:\/\/www.europesays.com\/fr\/wp-json\/wp\/v2\/comments?post=259163"}],"version-history":[{"count":0,"href":"https:\/\/www.europesays.com\/fr\/wp-json\/wp\/v2\/posts\/259163\/revisions"}],"wp:featuredmedia":[{"embeddable":true,"href":"https:\/\/www.europesays.com\/fr\/wp-json\/wp\/v2\/media\/259164"}],"wp:attachment":[{"href":"https:\/\/www.europesays.com\/fr\/wp-json\/wp\/v2\/media?parent=259163"}],"wp:term":[{"taxonomy":"category","embeddable":true,"href":"https:\/\/www.europesays.com\/fr\/wp-json\/wp\/v2\/categories?post=259163"},{"taxonomy":"post_tag","embeddable":true,"href":"https:\/\/www.europesays.com\/fr\/wp-json\/wp\/v2\/tags?post=259163"}],"curies":[{"name":"wp","href":"https:\/\/api.w.org\/{rel}","templated":true}]}}