{"id":259165,"date":"2025-07-19T16:16:14","date_gmt":"2025-07-19T16:16:14","guid":{"rendered":"https:\/\/www.europesays.com\/fr\/259165\/"},"modified":"2025-07-19T16:16:14","modified_gmt":"2025-07-19T16:16:14","slug":"trois-minutes-denfer-comment-les-gerants-dune-superette-a-nice-ont-reussi-a-arreter-leur-voleur","status":"publish","type":"post","link":"https:\/\/www.europesays.com\/fr\/259165\/","title":{"rendered":"\u00ab\u00a0Trois minutes d&rsquo;enfer\u00a0\u00bb : comment les g\u00e9rants d&rsquo;une sup\u00e9rette \u00e0 Nice ont r\u00e9ussi \u00e0 arr\u00eater leur voleur"},"content":{"rendered":"<ul class=\"jsx-862013697 ArticleChapo__List\">\n<li class=\"jsx-862013697 ArticleChapo__List_Item flex\">Exc\u00e9d\u00e9s par une s\u00e9rie de vols, un couple de commer\u00e7ants ni\u00e7ois a tent\u00e9 le tout pour le tout pour y mettre fin.<\/li>\n<li class=\"jsx-862013697 ArticleChapo__List_Item flex\">Ils ont tendu une embuscade dans leur boutique, qui s&rsquo;est referm\u00e9e sur le voleur.<\/li>\n<li class=\"jsx-862013697 ArticleChapo__List_Item flex\">Le 13H de TF1 a recueilli leurs t\u00e9moignages.<\/li>\n<\/ul>\n<p><a href=\"https:\/\/www.tf1info.fr\/emissions\/tf1\/le-13h-10927\/\" rel=\"noopener\" class=\"jsx-484472199 Link jsx-1428418400 jsx-640816507\" target=\"_blank\"><\/p>\n<p style=\"font-weight:400\" class=\"jsx-1837267516\">Suivez la couverture compl\u00e8te<\/p>\n<p style=\"font-weight:800\" class=\"jsx-1837267516\">Le 13H<\/p>\n<p><\/a><\/p>\n<p data-module=\"article-paragraph\" class=\"jsx-3046738180 Paragraph Paragraph__End\">C&rsquo;est une sc\u00e8ne digne d&rsquo;un thriller qu&rsquo;ont v\u00e9cu les g\u00e9rants et l&#8217;employ\u00e9e d&rsquo;une sup\u00e9rette \u00e0 Nice. Apr\u00e8s une lutte acharn\u00e9e, ils ont r\u00e9ussi \u00e0 attraper leur voleur en le maintenant au sol de toutes leurs forces, avant que la police arrive. \u00ab\u00a0Sur le coup, on ne rigolait pas du tout. Je hurlais de peur\u00a0\u00bb, raconte Marine Teyss\u00e8re, la g\u00e9rante du \u00ab\u00a0Carrefour express\u00a0\u00bb Lamartine dans le reportage de TF1 ci-dessus. \u00ab\u00a0Il ne comprenait rien de ce que je disais le monsieur, mais bon, la police est arriv\u00e9e super vite quand m\u00eame\u00a0\u00bb, ajoute son employ\u00e9e.<\/p>\n<blockquote class=\"jsx-2786790838 Quote__Text\"><p>L\u00e0, je l&rsquo;ai vu en face. Donc, je me suis recach\u00e9e. <\/p><\/blockquote>\n<p>Marine Teyss\u00e8re, g\u00e9rante du \u00ab\u00a0Carrefour express\u00a0\u00bb Lamartine \u00e0 Nice<\/p>\n<p data-module=\"article-paragraph\" class=\"jsx-3046738180 Paragraph Paragraph__End\">Tout a commenc\u00e9 il y a une semaine. La g\u00e9rante et son conjoint se rendent compte que des bouteilles d&rsquo;alcool se volatilisent pendant la nuit. Ils constatent des intrusions sur les vid\u00e9os de surveillance. Une premi\u00e8re fois, une deuxi\u00e8me fois et puis deux fois la m\u00eame nuit, \u00e0 minuit, puis \u00e0 5h du matin. C&rsquo;est l\u00e0 qu&rsquo;ils ont une id\u00e9e un peu folle : se cacher dans la r\u00e9serve de longues heures pour surprendre le voleur. \u00ab\u00a0On a install\u00e9 des palettes, on a pris \u00e0 boire, et on a tout simplement mis la t\u00e9l\u00e9 avec les cam\u00e9ras en face de nous\u00a0\u00bb, d\u00e9taille Marine. Mais vers 23h30, elle a une petite faim. \u00ab\u00a0Je suis all\u00e9e chercher une pizza donc j&rsquo;ai essay\u00e9 d&rsquo;\u00eatre discr\u00e8te. J&rsquo;ai long\u00e9 les murs et puis j&rsquo;ai essay\u00e9 d&rsquo;avancer. L\u00e0, je l&rsquo;ai vu en face. Donc, je me suis recach\u00e9e. Franchement, je n&rsquo;y croyais pas. Quand j&rsquo;ai vu sa t\u00eate, je me suis dit : &lsquo;non, ce n&rsquo;est pas possible'\u00a0\u00bb, admet-elle.\u00a0<\/p>\n<p><img decoding=\"async\" src=\"https:\/\/www.europesays.com\/fr\/wp-content\/uploads\/2025\/07\/capjta-vol-nice-c13096-0@1x.jpeg\" alt=\"TF1\" loading=\"lazy\" importance=\"low\" fetchpriority=\"low\" class=\"\" data-module=\"article-image\"\/>TF1<\/p>\n<p data-module=\"article-paragraph\" class=\"jsx-3046738180 Paragraph Paragraph__End\">Vladimir Ilin, son conjoint, ainsi que l&#8217;employ\u00e9e, assistent la sc\u00e8ne depuis la r\u00e9serve et interviennent. Tous les trois essaient d&rsquo;encercler le voleur. Marine lui barre la sortie et re\u00e7oit un coup. \u00ab\u00a0Je suis arriv\u00e9 dessus pour l&#8217;emp\u00eacher de sortir\u00a0\u00bb, t\u00e9moigne Vladimir. Mais la situation s&rsquo;envenime. L&rsquo;intrus se d\u00e9bat pendant que l&#8217;employ\u00e9e appelle la police. \u00ab\u00a0C&rsquo;est trois minutes d&rsquo;enfer qu&rsquo;on a v\u00e9cues. Le mec veut s&rsquo;\u00e9chapper, il bouge, me mord les doigts, me met les doigts dans les yeux. C&rsquo;\u00e9taient un peu les trois minutes les plus longues que j&rsquo;ai v\u00e9cues ici\u00a0\u00bb, estime Vladimir.\u00a0<\/p>\n<p><a href=\"https:\/\/www.tf1info.fr\/justice-faits-divers\/video-reportage-bravo-l-acte-heroique-des-clients-et-du-personnel-d-une-galerie-commerciale-de-joigny-dans-l-yonne-face-a-des-braqueurs-2383308.html\" rel=\"noopener\" class=\"jsx-3308031228 Link flex\" target=\"_blank\"><img decoding=\"async\" src=\"https:\/\/www.europesays.com\/fr\/wp-content\/uploads\/2025\/07\/cap-bravo-5abbe1-0@1x.jpeg\" alt=\"TF1\" loading=\"lazy\" importance=\"low\" fetchpriority=\"low\" class=\"\" aria-hidden=\"true\"\/><\/p>\n<p class=\"jsx-3657663356 ReadMoreArticle__Title\">Lire aussi<\/p>\n<p class=\"jsx-3657663356\">\u00ab\u00a0Bravo\u00a0\u00bb : l&rsquo;acte h\u00e9ro\u00efque des clients et du personnel d&rsquo;une galerie commerciale de l&rsquo;Yonne face \u00e0 des braqueurs<\/p>\n<p><\/a><\/p>\n<p data-module=\"article-paragraph\" class=\"jsx-3046738180 Paragraph Paragraph__End\">Le pr\u00e9judice des vols s&rsquo;\u00e9l\u00e8ve \u00e0 500 euros et 2.700 euros de d\u00e9gradation. Le d\u00e9linquant, en r\u00e9cidive, est pass\u00e9 en comparution imm\u00e9diate ce vendredi 18 juillet. Il a \u00e9t\u00e9 condamn\u00e9 \u00e0 un an d&#8217;emprisonnement et \u00e0 une \u00a0interdiction d\u00e9finitive du territoire fran\u00e7ais.<\/p>\n<p>La r\u00e9daction de TF1info | Reportage : Manon HAMIOT et Ga\u00ebl CAMBA<\/p>\n","protected":false},"excerpt":{"rendered":"Exc\u00e9d\u00e9s par une s\u00e9rie de vols, un couple de commer\u00e7ants ni\u00e7ois a tent\u00e9 le tout pour le tout&hellip;\n","protected":false},"author":2,"featured_media":259166,"comment_status":"","ping_status":"","sticky":false,"template":"","format":"standard","meta":{"footnotes":""},"categories":[2819],"tags":[1111,11,1921,1777,674,1011,27,1922,303,2954,5008,12,2401,1072,882,25,133,2953],"class_list":{"0":"post-259165","1":"post","2":"type-post","3":"status-publish","4":"format-standard","5":"has-post-thumbnail","7":"category-nice","8":"tag-actu","9":"tag-actualites","10":"tag-article-video","11":"tag-eu","12":"tag-europe","13":"tag-fr","14":"tag-france","15":"tag-info","16":"tag-justice","17":"tag-justice-et-faits-divers","18":"tag-le-13h","19":"tag-news","20":"tag-nice","21":"tag-police","22":"tag-provence-alpes-cote-dazur","23":"tag-republique-francaise","24":"tag-video","25":"tag-video-police"},"share_on_mastodon":{"url":"https:\/\/pubeurope.com\/@fr\/114880799312513768","error":""},"_links":{"self":[{"href":"https:\/\/www.europesays.com\/fr\/wp-json\/wp\/v2\/posts\/259165","targetHints":{"allow":["GET"]}}],"collection":[{"href":"https:\/\/www.europesays.com\/fr\/wp-json\/wp\/v2\/posts"}],"about":[{"href":"https:\/\/www.europesays.com\/fr\/wp-json\/wp\/v2\/types\/post"}],"author":[{"embeddable":true,"href":"https:\/\/www.europesays.com\/fr\/wp-json\/wp\/v2\/users\/2"}],"replies":[{"embeddable":true,"href":"https:\/\/www.europesays.com\/fr\/wp-json\/wp\/v2\/comments?post=259165"}],"version-history":[{"count":0,"href":"https:\/\/www.europesays.com\/fr\/wp-json\/wp\/v2\/posts\/259165\/revisions"}],"wp:featuredmedia":[{"embeddable":true,"href":"https:\/\/www.europesays.com\/fr\/wp-json\/wp\/v2\/media\/259166"}],"wp:attachment":[{"href":"https:\/\/www.europesays.com\/fr\/wp-json\/wp\/v2\/media?parent=259165"}],"wp:term":[{"taxonomy":"category","embeddable":true,"href":"https:\/\/www.europesays.com\/fr\/wp-json\/wp\/v2\/categories?post=259165"},{"taxonomy":"post_tag","embeddable":true,"href":"https:\/\/www.europesays.com\/fr\/wp-json\/wp\/v2\/tags?post=259165"}],"curies":[{"name":"wp","href":"https:\/\/api.w.org\/{rel}","templated":true}]}}