{"id":259183,"date":"2025-07-19T16:28:11","date_gmt":"2025-07-19T16:28:11","guid":{"rendered":"https:\/\/www.europesays.com\/fr\/259183\/"},"modified":"2025-07-19T16:28:11","modified_gmt":"2025-07-19T16:28:11","slug":"beaurepaire-le-club-oasis-de-lamitie-met-a-lhonneur-gisele-francois-brazier","status":"publish","type":"post","link":"https:\/\/www.europesays.com\/fr\/259183\/","title":{"rendered":"Beaurepaire. Le club Oasis de l\u2019amiti\u00e9 met \u00e0 l\u2019honneur Gis\u00e8le Fran\u00e7ois-Brazier"},"content":{"rendered":"<p>Ce mardi 15\u00a0juillet, le club Oasis de l\u2019amiti\u00e9 \u00e0 Beaurepaire \u00e9tait en pleine effervescence pour c\u00e9l\u00e9brer le 90e\u00a0 anniversaire de l\u2019une de ses adh\u00e9rentes, Gis\u00e8le Fran\u00e7ois-Brazier, originaire de Saint-Barth\u00e9lemy. L\u2019apr\u00e8s-midi a \u00e9t\u00e9 l\u2019occasion de partager un g\u00e2teau. Et un cadeau lui a \u00e9t\u00e9 offert par l\u2019association. <\/p>\n<p>Cette c\u00e9l\u00e9bration a aussi marqu\u00e9 le dernier jour d\u2019ouverture du club avant sa pause estivale. L\u2019association reprendra ses activit\u00e9s le mardi 12\u00a0ao\u00fbt.<\/p>\n","protected":false},"excerpt":{"rendered":"Ce mardi 15\u00a0juillet, le club Oasis de l\u2019amiti\u00e9 \u00e0 Beaurepaire \u00e9tait en pleine effervescence pour c\u00e9l\u00e9brer le 90e\u00a0&hellip;\n","protected":false},"author":2,"featured_media":259184,"comment_status":"","ping_status":"","sticky":false,"template":"","format":"standard","meta":{"footnotes":""},"categories":[1889],"tags":[1111,11,2430,36460,117,1687,111,1777,674,1011,27,2428,12,25],"class_list":{"0":"post-259183","1":"post","2":"type-post","3":"status-publish","4":"format-standard","5":"has-post-thumbnail","7":"category-lyon","8":"tag-actu","9":"tag-actualites","10":"tag-auvergne-rhone-alpes","11":"tag-beaurepaire","12":"tag-bievre","13":"tag-culture-loisirs","14":"tag-edition-vienne-roussillon","15":"tag-eu","16":"tag-europe","17":"tag-fr","18":"tag-france","19":"tag-lyon","20":"tag-news","21":"tag-republique-francaise"},"share_on_mastodon":{"url":"https:\/\/pubeurope.com\/@fr\/114880846424827017","error":""},"_links":{"self":[{"href":"https:\/\/www.europesays.com\/fr\/wp-json\/wp\/v2\/posts\/259183","targetHints":{"allow":["GET"]}}],"collection":[{"href":"https:\/\/www.europesays.com\/fr\/wp-json\/wp\/v2\/posts"}],"about":[{"href":"https:\/\/www.europesays.com\/fr\/wp-json\/wp\/v2\/types\/post"}],"author":[{"embeddable":true,"href":"https:\/\/www.europesays.com\/fr\/wp-json\/wp\/v2\/users\/2"}],"replies":[{"embeddable":true,"href":"https:\/\/www.europesays.com\/fr\/wp-json\/wp\/v2\/comments?post=259183"}],"version-history":[{"count":0,"href":"https:\/\/www.europesays.com\/fr\/wp-json\/wp\/v2\/posts\/259183\/revisions"}],"wp:featuredmedia":[{"embeddable":true,"href":"https:\/\/www.europesays.com\/fr\/wp-json\/wp\/v2\/media\/259184"}],"wp:attachment":[{"href":"https:\/\/www.europesays.com\/fr\/wp-json\/wp\/v2\/media?parent=259183"}],"wp:term":[{"taxonomy":"category","embeddable":true,"href":"https:\/\/www.europesays.com\/fr\/wp-json\/wp\/v2\/categories?post=259183"},{"taxonomy":"post_tag","embeddable":true,"href":"https:\/\/www.europesays.com\/fr\/wp-json\/wp\/v2\/tags?post=259183"}],"curies":[{"name":"wp","href":"https:\/\/api.w.org\/{rel}","templated":true}]}}