{"id":259187,"date":"2025-07-19T16:31:08","date_gmt":"2025-07-19T16:31:08","guid":{"rendered":"https:\/\/www.europesays.com\/fr\/259187\/"},"modified":"2025-07-19T16:31:08","modified_gmt":"2025-07-19T16:31:08","slug":"une-navette-mise-en-place-pour-mieux-desservir-lile-saint-denis","status":"publish","type":"post","link":"https:\/\/www.europesays.com\/fr\/259187\/","title":{"rendered":"une navette mise en place pour mieux desservir L&rsquo;\u00cele-Saint-Denis"},"content":{"rendered":"<p>            Par<br \/>\n        <strong><br \/>\n            <a href=\"https:\/\/actu.fr\/auteur\/dorinegoth\" title=\"Consulter tous les articles de Dorine Goth\" target=\"_blank\" rel=\"noopener\">Dorine Goth<\/a><br \/>\n        <\/strong><\/p>\n<p>        Publi\u00e9 le<\/p>\n<p>            19 juil. 2025 \u00e0 17h15        <\/p>\n<p>Depuis trois mois, le quotidien des habitants de L\u2019\u00cele <strong>Saint-Denis<\/strong> s\u2019est compliqu\u00e9. En cause\u2009: la<strong> fermeture du pont<\/strong> qui relie la petite ville insulaire \u00e0 sa voisine de Saint-Denis apr\u00e8s <strong><a href=\"https:\/\/actu.fr\/ile-de-france\/l-ile-saint-denis_93039\/un-bateau-percute-le-pont-de-l-ile-saint-denis-la-circulation-et-la-navigation-fluviale-totalement-coupees_62645364.html\" target=\"_blank\" rel=\"noopener\">un accident de bateau<\/a><\/strong> le 15\u00a0mai 2025. Depuis, ni voiture ni <a href=\"https:\/\/actu.fr\/ile-de-france\/saint-denis_93066\/travaux-d-ete-a-la-ratp-le-tramway-t1-va-de-nouveau-etre-interrompu-en-seine-saint-denis_62586392.html\" target=\"_blank\" rel=\"noopener\">tramway<\/a> ne peuvent circuler sur l\u2019ouvrage fragilis\u00e9. Le 15\u00a0juillet, le d\u00e9partement douchait les espoirs d\u2019une r\u00e9ouverture rapide\u2009: la fermeture du pont est pr\u00e9vue pour <strong><a href=\"https:\/\/actu.fr\/ile-de-france\/saint-denis_93066\/accident-au-pont-de-l-ile-saint-denis-la-circulation-des-voitures-et-du-t1-suspendue-au-moins-un-an_62912476.html\" target=\"_blank\" rel=\"noopener\">au moins un an<\/a><\/strong> avec pour l\u2019heure aucune solution pour faire circuler le T1 en attendant.<\/p>\n<p>Une navette d\u00e8s le 21\u00a0juillet<\/p>\n<p class=\" wall-content\">Pendant toute la dur\u00e9e de l\u2019interruption, un service de <strong>bus de substitution<\/strong> a \u00e9t\u00e9 mis en place entre les stations<strong> Asni\u00e8res \u2013 Les Courtilles et la Mairie de Villeneuve-la-Garenne<\/strong>. Un soutien partiel, qui ne couvre pas l\u2019ensemble du tron\u00e7on interrompu et laisse les habitants de L\u2019\u00cele Saint-Denis livr\u00e9s \u00e0 leur sort. Face \u00e0 la situation, la ville a demand\u00e9 \u00e0 la <a href=\"https:\/\/actu.fr\/tag\/ratp\" target=\"_blank\" rel=\"noopener\">RATP<\/a> la mise en place d\u2019une liaison de bus allant du pont de L\u2019\u00cele-Saint-Denis\u00a0\u00e0 la mairie de Villeneuve-la-Garenne.<\/p>\n<p class=\" wall-content\">Une demande en passe d\u2019\u00eatre exauc\u00e9e. \u00ab<strong>\u2009Une navette<\/strong> permettant de mieux desservir L\u2019\u00cele-Saint-Denis sera mise en \u0153uvre \u00e0 compter du 21\u00a0juillet\u2009\u00bb, annonce la RATP \u00e0\u00a0actu Paris sans d\u00e9tailler son fonctionnement avant d\u2019ajouter\u2009: \u00ab\u2009La RATP a \u00e9galement d\u00e9ploy\u00e9 un important dispositif de canalisation et d\u2019information voyageurs sur les points clefs du secteur impact\u00e9 (Gare de Saint-Denis, Maire de Villeneuve La Garenne et les Courtilles)\u2009\u00bb. Quant aux pi\u00e9tons et cyclistes, ils peuvent toujours franchir le pont.<\/p>\n<p class=\" wall-content\">Les premi\u00e8res \u00e9tudes ont \u00e9tabli la possibilit\u00e9 de r\u00e9parer l\u2019ouvrage tout en pr\u00e9servant les rails du tramway en surface. La technique privil\u00e9gi\u00e9e consisterait \u00e0 intervenir par-dessous du pont pour remplacer la poutre endommag\u00e9e \u00e0 l\u2019aide d\u2019un syst\u00e8me de v\u00e9rins. La r\u00e9ouverture est envisag\u00e9e pour l\u2019\u00e9t\u00e9 2026.<\/p>\n<p class=\" wall-content\">Suivez toute l\u2019actualit\u00e9 de vos villes et m\u00e9dias favoris en vous inscrivant \u00e0 <a href=\"https:\/\/moncompte.actu.fr\" title=\"D\u00e9couvez Mon Actu\" rel=\"nofollow noopener\" data-trk=\"{&quot;cta&quot;:{&quot;action&quot;:&quot;https:\\\/\\\/moncompte.actu.fr&quot;,&quot;category&quot;:&quot;mon compte&quot;,&quot;from&quot;:&quot;article footer&quot;,&quot;name&quot;:&quot;Mon actu&quot;,&quot;type&quot;:&quot;cta&quot;}}\" target=\"_blank\">Mon Actu<\/a>.<\/p>\n","protected":false},"excerpt":{"rendered":"Par Dorine Goth Publi\u00e9 le 19 juil. 2025 \u00e0 17h15 Depuis trois mois, le quotidien des habitants de&hellip;\n","protected":false},"author":2,"featured_media":259188,"comment_status":"","ping_status":"","sticky":false,"template":"","format":"standard","meta":{"footnotes":""},"categories":[1592],"tags":[1111,11,1777,674,1011,27,662,12,626,625,25,104,2086],"class_list":{"0":"post-259187","1":"post","2":"type-post","3":"status-publish","4":"format-standard","5":"has-post-thumbnail","7":"category-ile-de-france","8":"tag-actu","9":"tag-actualites","10":"tag-eu","11":"tag-europe","12":"tag-fr","13":"tag-france","14":"tag-ile-de-france","15":"tag-news","16":"tag-paris","17":"tag-ratp","18":"tag-republique-francaise","19":"tag-societe","20":"tag-travaux"},"share_on_mastodon":{"url":"https:\/\/pubeurope.com\/@fr\/114880858290013284","error":""},"_links":{"self":[{"href":"https:\/\/www.europesays.com\/fr\/wp-json\/wp\/v2\/posts\/259187","targetHints":{"allow":["GET"]}}],"collection":[{"href":"https:\/\/www.europesays.com\/fr\/wp-json\/wp\/v2\/posts"}],"about":[{"href":"https:\/\/www.europesays.com\/fr\/wp-json\/wp\/v2\/types\/post"}],"author":[{"embeddable":true,"href":"https:\/\/www.europesays.com\/fr\/wp-json\/wp\/v2\/users\/2"}],"replies":[{"embeddable":true,"href":"https:\/\/www.europesays.com\/fr\/wp-json\/wp\/v2\/comments?post=259187"}],"version-history":[{"count":0,"href":"https:\/\/www.europesays.com\/fr\/wp-json\/wp\/v2\/posts\/259187\/revisions"}],"wp:featuredmedia":[{"embeddable":true,"href":"https:\/\/www.europesays.com\/fr\/wp-json\/wp\/v2\/media\/259188"}],"wp:attachment":[{"href":"https:\/\/www.europesays.com\/fr\/wp-json\/wp\/v2\/media?parent=259187"}],"wp:term":[{"taxonomy":"category","embeddable":true,"href":"https:\/\/www.europesays.com\/fr\/wp-json\/wp\/v2\/categories?post=259187"},{"taxonomy":"post_tag","embeddable":true,"href":"https:\/\/www.europesays.com\/fr\/wp-json\/wp\/v2\/tags?post=259187"}],"curies":[{"name":"wp","href":"https:\/\/api.w.org\/{rel}","templated":true}]}}