{"id":259217,"date":"2025-07-19T16:46:13","date_gmt":"2025-07-19T16:46:13","guid":{"rendered":"https:\/\/www.europesays.com\/fr\/259217\/"},"modified":"2025-07-19T16:46:13","modified_gmt":"2025-07-19T16:46:13","slug":"un-trou-en-un-a-lopen-britannique","status":"publish","type":"post","link":"https:\/\/www.europesays.com\/fr\/259217\/","title":{"rendered":"Un trou en un \u00e0 l&rsquo;Open britannique !"},"content":{"rendered":"<p>\t\t\t\t\t\t<img width=\"770\" height=\"559\" src=\"https:\/\/www.europesays.com\/fr\/wp-content\/uploads\/2025\/07\/capture-decran-2025-07-19-a-13.56.59-770x559.png\" class=\"img-responsive wp-post-image\" alt=\"\" decoding=\"async\" fetchpriority=\"high\"  \/>\t\t\t\t\t<\/p>\n<p>\t\t\t\t\t\t Partager cet article <\/p>\n<p class=\"screen-reader-text juiz_sps_maybe_hidden_text\">Partager la publication \u00ab\u00a0Un trou en un \u00e0 l\u2019Open britannique !\u00a0\u00bb<\/p>\n<p><strong>Auteur d\u2019un trou en un sur n\u00b013 du Royal Portrush lors du 3e tour du 153e Open britannique, l\u2019Anglais John Parry\u00a0 s\u2019est offert un souvenir pour la vie.<\/strong><\/p>\n<p><strong>De notre envoy\u00e9 sp\u00e9cial \u00e0 Portrush, Stefan Colin<\/strong><\/p>\n<p>\t\t\t\t\t<a id=\"178017\" href=\"https:\/\/www.formigolf.fr\/voyage-pays~jardin-de-tecina-4etoiles-la-gomera~75~canaries\" target=\"_blank\" rel=\"sponsorised nofollow noopener\"><img decoding=\"async\" src=\"data:image\/svg+xml,%3Csvg%20xmlns=\" http:=\"\" class=\"img-responsive\" alt=\"\" data-lazy-src=\"https:\/\/www.europesays.com\/fr\/wp-content\/uploads\/2025\/07\/formigolf-e07-canaries-gomera-1170x275-1.gif\"\/><\/a><\/p>\n<p>La foule a rugi et m\u00eame <strong>Adrien Saddier<\/strong>, situ\u00e9 au trou n\u00b017, \u00e0 quelques encablures de l\u00e0, a appr\u00e9ci\u00e9 ce rugissement. Sur le trou n\u00b013, un par 3 en descente de 192 yards (175 m\u00e8tres), l\u2019Anglais John Parry a trouv\u00e9 la cible. \u00ab\u00a0Hole in one !\u00a0\u00bb Sur un trou au chiffre porte-bonheur\u2026<\/p>\n<blockquote class=\"twitter-tweet\">\n<p dir=\"ltr\" lang=\"en\">Magic on 13.<\/p>\n<p>It\u2019s a hole-in-one for John Parry. <a href=\"https:\/\/t.co\/uNw5j9JMyP\" rel=\"nofollow\">pic.twitter.com\/uNw5j9JMyP<\/a><\/p>\n<p>\u2014 The Open (@TheOpen) <a href=\"https:\/\/twitter.com\/TheOpen\/status\/1946553754917929268?ref_src=twsrc%5Etfw\" rel=\"nofollow noopener\" target=\"_blank\">July 19, 2025<\/a><\/p>\n<\/blockquote>\n<p>\u00ab\u00a0Je crois que c\u2019est le 10e trou en un de ma carri\u00e8re de joueur. Mais c\u2019est d\u00e9finitivement le plus beau\u00ab\u00a0, a d\u00e9taill\u00e9 John Parry.<\/p>\n<p>Il s\u2019agit l\u00e0 du tout premier trou en un de cette \u00e9dition 2025 du \u00ab\u00a0British\u00a0\u00bb. Vingt-six trou en un ont \u00e9t\u00e9 r\u00e9alis\u00e9s \u00e0 The Open depuis 40 ans.<\/p>\n<p>L\u2019Argentin <strong>Emiliano Grillo<\/strong> avait \u00e9galement r\u00e9ussi un \u00ab\u00a0ace\u00a0\u00bb sur ce trou n\u00b013 lors de l\u2019\u00e9dition 2019 d\u00e9j\u00e0 jou\u00e9e \u00e0 Portrush.<\/p>\n<p>\u00a9The Open X<\/p>\n<p>\t\t\t<script async src=\"https:\/\/platform.twitter.com\/widgets.js\" charset=\"utf-8\"><\/script><\/p>\n","protected":false},"excerpt":{"rendered":"Partager cet article Partager la publication \u00ab\u00a0Un trou en un \u00e0 l\u2019Open britannique !\u00a0\u00bb Auteur d\u2019un trou en&hellip;\n","protected":false},"author":2,"featured_media":259218,"comment_status":"","ping_status":"","sticky":false,"template":"","format":"standard","meta":{"footnotes":""},"categories":[1418],"tags":[1011,27,1472,60],"class_list":{"0":"post-259217","1":"post","2":"type-post","3":"status-publish","4":"format-standard","5":"has-post-thumbnail","7":"category-golf","8":"tag-fr","9":"tag-france","10":"tag-golf","11":"tag-sports"},"share_on_mastodon":{"url":"https:\/\/pubeurope.com\/@fr\/114880917318967069","error":""},"_links":{"self":[{"href":"https:\/\/www.europesays.com\/fr\/wp-json\/wp\/v2\/posts\/259217","targetHints":{"allow":["GET"]}}],"collection":[{"href":"https:\/\/www.europesays.com\/fr\/wp-json\/wp\/v2\/posts"}],"about":[{"href":"https:\/\/www.europesays.com\/fr\/wp-json\/wp\/v2\/types\/post"}],"author":[{"embeddable":true,"href":"https:\/\/www.europesays.com\/fr\/wp-json\/wp\/v2\/users\/2"}],"replies":[{"embeddable":true,"href":"https:\/\/www.europesays.com\/fr\/wp-json\/wp\/v2\/comments?post=259217"}],"version-history":[{"count":0,"href":"https:\/\/www.europesays.com\/fr\/wp-json\/wp\/v2\/posts\/259217\/revisions"}],"wp:featuredmedia":[{"embeddable":true,"href":"https:\/\/www.europesays.com\/fr\/wp-json\/wp\/v2\/media\/259218"}],"wp:attachment":[{"href":"https:\/\/www.europesays.com\/fr\/wp-json\/wp\/v2\/media?parent=259217"}],"wp:term":[{"taxonomy":"category","embeddable":true,"href":"https:\/\/www.europesays.com\/fr\/wp-json\/wp\/v2\/categories?post=259217"},{"taxonomy":"post_tag","embeddable":true,"href":"https:\/\/www.europesays.com\/fr\/wp-json\/wp\/v2\/tags?post=259217"}],"curies":[{"name":"wp","href":"https:\/\/api.w.org\/{rel}","templated":true}]}}