{"id":259225,"date":"2025-07-19T16:52:13","date_gmt":"2025-07-19T16:52:13","guid":{"rendered":"https:\/\/www.europesays.com\/fr\/259225\/"},"modified":"2025-07-19T16:52:13","modified_gmt":"2025-07-19T16:52:13","slug":"un-mentor-pour-michael-schumacher-sen-va","status":"publish","type":"post","link":"https:\/\/www.europesays.com\/fr\/259225\/","title":{"rendered":"Un mentor pour Michael Schumacher s&rsquo;en va"},"content":{"rendered":"<p><strong>Jochen Mass, un homme discret mais essentiel dans la carri\u00e8re de Michael Schumacher, a disparu le 4 mai 2025 des suites d&rsquo;un AVC. Cette perte touche profond\u00e9ment le monde de la Formule 1 et du sport automobile. Retour sur le r\u00f4le crucial de ce mentor et de l&rsquo;impact qu&rsquo;il a eu sur la carri\u00e8re du septuple champion du monde.<\/strong><\/p>\n<p>\u00a0<\/p>\n<p><strong>Une perte immense pour la famille Schumacher<\/strong><\/p>\n<p>Michael Schumacher, ic\u00f4ne de la Formule 1, fait face \u00e0 une \u00e9preuve personnelle d\u00e9vastatrice : la disparition de Jochen Mass, un homme dont l&rsquo;influence sur sa carri\u00e8re ne peut \u00eatre sous-estim\u00e9e. En mars 2025, la famille Schumacher avait connu un heureux \u00e9v\u00e9nement avec la naissance de Millie, la fille de Gina Schumacher, un moment de joie partag\u00e9 dans l&rsquo;intimit\u00e9. Cependant, ce bonheur fut de courte dur\u00e9e, car quelques semaines plus tard, une nouvelle tragique a frapp\u00e9 la famille.<\/p>\n<p>Jochen Mass, bien que peu connu du grand public, a jou\u00e9 un r\u00f4le fondamental dans les premi\u00e8res \u00e9tapes de la carri\u00e8re de Michael Schumacher. Alors que Schumacher d\u00e9butait sa carri\u00e8re dans l&rsquo;endurance, Mass a su lui transmettre bien plus que des techniques de conduite. Il lui a appris la discipline, l&rsquo;humilit\u00e9 et l&rsquo;intelligence strat\u00e9gique essentielles pour exceller dans un monde exigeant, celui de la Formule 1 et de l&rsquo;endurance.<\/p>\n<p>\u00a0<\/p>\n<p><strong>Les premiers pas de Schumacher sous l&rsquo;aile de Jochen Mass<\/strong><\/p>\n<p>La rencontre entre Jochen Mass et Michael Schumacher remonte \u00e0 la fin des ann\u00e9es 1980, au sein de l&rsquo;\u00e9curie Sauber-Mercedes. \u00c0 l&rsquo;\u00e9poque, Mercedes misait sur une g\u00e9n\u00e9ration montante de pilotes pour renforcer ses \u00e9quipes. Jochen Mass, alors pilote exp\u00e9riment\u00e9, a rapidement rep\u00e9r\u00e9 le potentiel de Schumacher, qui n&rsquo;\u00e9tait encore qu&rsquo;un jeune espoir dans l&rsquo;univers impitoyable de la course automobile.<\/p>\n<p>Mass, avec son exp\u00e9rience en Formule 1 et en endurance, a jou\u00e9 un r\u00f4le de mentor pour Schumacher. Ensemble, ils ont form\u00e9 un duo redoutable au volant de la Sauber-Mercedes C11. Mass a appris \u00e0 Schumacher la gestion mentale, l&rsquo;importance de la lecture des circuits et la patience \u2013 des qualit\u00e9s qui deviendront la signature de Schumacher tout au long de sa carri\u00e8re.<\/p>\n<p>\u00a0<\/p>\n<p><strong>Un homme humble au palmar\u00e8s impressionnant<\/strong><\/p>\n<p>Jochen Mass \u00e9tait un pilote respect\u00e9, mais c&rsquo;\u00e9tait aussi un homme d&rsquo;une grande humilit\u00e9. N\u00e9 en Bavi\u00e8re, Mass a d&rsquo;abord r\u00eav\u00e9 de navigation avant de se tourner vers le sport automobile. Sa carri\u00e8re d\u00e9bute modestement avec un Alfa Romeo dans des comp\u00e9titions locales, avant qu&rsquo;il n&rsquo;acc\u00e8de \u00e0 la Formule 1 en 1973 avec l&rsquo;\u00e9curie Surtees, puis McLaren, aux c\u00f4t\u00e9s du champion Emerson Fittipaldi.<\/p>\n<p>Malgr\u00e9 une carri\u00e8re marqu\u00e9e par des podiums, son plus grand accomplissement en F1 fut sa victoire en Espagne en 1975. Mass a disput\u00e9 114 Grands Prix, accumulant huit podiums et se forgeant une r\u00e9putation de pilote fiable et constant. Toutefois, c&rsquo;est apr\u00e8s la fin de sa carri\u00e8re en F1 qu&rsquo;il a marqu\u00e9 v\u00e9ritablement l&rsquo;histoire. Jochen Mass est devenu une figure incontournable du championnat d&rsquo;endurance, notamment gr\u00e2ce \u00e0 sa victoire aux <strong>24 Heures du Mans en 1989<\/strong> avec Porsche.<\/p>\n<p>\u00a0<\/p>\n<p><strong>La transition vers la formation et le mentorat chez Sauber<\/strong><\/p>\n<p>Apr\u00e8s sa retraite de la Formule 1, Jochen Mass a int\u00e9gr\u00e9 l&rsquo;\u00e9curie Sauber en 1988, o\u00f9 il est devenu un mentor pour les jeunes pilotes. Son approche m\u00e9thodique et son calme en ont fait un formateur id\u00e9al pour les talents montants, dont Michael Schumacher. Mass a pris sous son aile plusieurs pilotes prometteurs, les guidant non seulement dans la technique de conduite, mais aussi dans la gestion du stress et des enjeux strat\u00e9giques qui d\u00e9finissent une grande carri\u00e8re dans le sport automobile.<\/p>\n<p>Jochen Mass est ainsi devenu un pilier de l&rsquo;endurance, mais aussi un b\u00e2tisseur de carri\u00e8res, sa vision de la course laissant une empreinte ind\u00e9l\u00e9bile sur ceux qu&rsquo;il a form\u00e9s. Parmi eux, Michael Schumacher, qui lui doit une partie de son immense succ\u00e8s.<\/p>\n<p>\u00a0<\/p>\n<p><strong>Un hommage \u00e0 un grand homme du sport automobile<\/strong><\/p>\n<p>Le 4 mai 2025, Jochen Mass s\u2019\u00e9teint \u00e0 Cannes \u00e0 l\u2019\u00e2ge de 78 ans des suites d\u2019un AVC survenu quelques mois plus t\u00f4t. La nouvelle de son d\u00e9c\u00e8s a profond\u00e9ment secou\u00e9 le monde de la course, notamment ses proches et ses anciens co\u00e9quipiers. Dans un hommage poignant, plusieurs circuits prestigieux, dont le N\u00fcrburgring et Le Mans, ont pr\u00e9vu des gestes symboliques pour rendre hommage \u00e0 cet homme d&rsquo;exception.<\/p>\n<p>Pour Michael Schumacher, dont la sant\u00e9 demeure entour\u00e9e de myst\u00e8re, la disparition de Jochen Mass r\u00e9sonne d&rsquo;une mani\u00e8re particuli\u00e8re. Celui qui fut son mentor, son guide dans les moments cl\u00e9s de sa carri\u00e8re, n\u2019est plus. Un vide immense se fait sentir dans la famille Schumacher, mais aussi dans le c\u0153ur de ceux qui ont eu la chance de conna\u00eetre Jochen Mass.<\/p>\n<p>\u00a0<\/p>\n<p><strong>La fin d\u2019une \u00e9poque pour Schumacher et le sport automobile<\/strong><\/p>\n<p>Jochen Mass aura marqu\u00e9 l\u2019histoire de la Formule 1 et du sport automobile, non seulement par ses exploits sur les circuits, mais aussi par son r\u00f4le de mentor discret mais d\u00e9terminant. Pour Michael Schumacher, la perte de ce guide d\u2019exception est une \u00e9preuve de plus dans un parcours d\u00e9j\u00e0 boulevers\u00e9 par des \u00e9v\u00e9nements tragiques. Mais l\u2019h\u00e9ritage de Jochen Mass perdurera \u00e0 travers les g\u00e9n\u00e9rations de pilotes qu\u2019il a form\u00e9s, et notamment \u00e0 travers l\u2019impact qu\u2019il a eu sur la carri\u00e8re l\u00e9gendaire de Schumacher.<\/p>\n","protected":false},"excerpt":{"rendered":"Jochen Mass, un homme discret mais essentiel dans la carri\u00e8re de Michael Schumacher, a disparu le 4 mai&hellip;\n","protected":false},"author":2,"featured_media":259226,"comment_status":"","ping_status":"","sticky":false,"template":"","format":"standard","meta":{"footnotes":""},"categories":[1412],"tags":[10312,2369,39942,3983,1451,1452,1453,1454,1455,1011,27,4879,39939,13878,3754,10159,500,39940,8942,39931,39941,27138,60],"class_list":{"0":"post-259225","1":"post","2":"type-post","3":"status-publish","4":"format-standard","5":"has-post-thumbnail","7":"category-f1","8":"tag-24-heures-du-mans","9":"tag-audience-tv","10":"tag-carriere-de-schumacher","11":"tag-deces","12":"tag-f1","13":"tag-formula-1","14":"tag-formula1","15":"tag-formule-1","16":"tag-formule1","17":"tag-fr","18":"tag-france","19":"tag-hommage","20":"tag-jochen-mass","21":"tag-legende","22":"tag-media","23":"tag-mediametrie","24":"tag-medias","25":"tag-mentor","26":"tag-michael-schumacher","27":"tag-programme-tv-hier-soir","28":"tag-sauber-mercedes","29":"tag-sport-automobile","30":"tag-sports"},"share_on_mastodon":{"url":"https:\/\/pubeurope.com\/@fr\/114880940791865146","error":""},"_links":{"self":[{"href":"https:\/\/www.europesays.com\/fr\/wp-json\/wp\/v2\/posts\/259225","targetHints":{"allow":["GET"]}}],"collection":[{"href":"https:\/\/www.europesays.com\/fr\/wp-json\/wp\/v2\/posts"}],"about":[{"href":"https:\/\/www.europesays.com\/fr\/wp-json\/wp\/v2\/types\/post"}],"author":[{"embeddable":true,"href":"https:\/\/www.europesays.com\/fr\/wp-json\/wp\/v2\/users\/2"}],"replies":[{"embeddable":true,"href":"https:\/\/www.europesays.com\/fr\/wp-json\/wp\/v2\/comments?post=259225"}],"version-history":[{"count":0,"href":"https:\/\/www.europesays.com\/fr\/wp-json\/wp\/v2\/posts\/259225\/revisions"}],"wp:featuredmedia":[{"embeddable":true,"href":"https:\/\/www.europesays.com\/fr\/wp-json\/wp\/v2\/media\/259226"}],"wp:attachment":[{"href":"https:\/\/www.europesays.com\/fr\/wp-json\/wp\/v2\/media?parent=259225"}],"wp:term":[{"taxonomy":"category","embeddable":true,"href":"https:\/\/www.europesays.com\/fr\/wp-json\/wp\/v2\/categories?post=259225"},{"taxonomy":"post_tag","embeddable":true,"href":"https:\/\/www.europesays.com\/fr\/wp-json\/wp\/v2\/tags?post=259225"}],"curies":[{"name":"wp","href":"https:\/\/api.w.org\/{rel}","templated":true}]}}