{"id":259227,"date":"2025-07-19T16:53:10","date_gmt":"2025-07-19T16:53:10","guid":{"rendered":"https:\/\/www.europesays.com\/fr\/259227\/"},"modified":"2025-07-19T16:53:10","modified_gmt":"2025-07-19T16:53:10","slug":"le-numero-de-thymen-arensman-le-cauchemar-de-remco-evenepoel-le-jour-sans-de-tadej-pogacar-les-tops-et-les-flops-de-la-14e-etape","status":"publish","type":"post","link":"https:\/\/www.europesays.com\/fr\/259227\/","title":{"rendered":"le num\u00e9ro de Thymen Arensman, le cauchemar de Remco Evenepoel, le jour sans de Tadej Pogacar\u2026 Les tops et les flops de la 14e \u00e9tape"},"content":{"rendered":"<p>Le N\u00e9erlandais a, en solitaire, d\u00e9croch\u00e9 une superbe victoire au sommet de Luchon-Superbagn\u00e8res. Le maillot jaune a \u00e9t\u00e9 moins \u00e9tincelant.<\/p>\n<p class=\"fig-paragraph\"><strong>TOPS<\/strong><\/p>\n<p>Le num\u00e9ro de Thymen Arensman<\/p>\n<p class=\"fig-paragraph\">Membre de la premi\u00e8re \u00e9chapp\u00e9e lanc\u00e9e dans le col du Tourmalet, le N\u00e9erlandais Thymen Arensman s\u2019est, dans le col de Peyresourde, post\u00e9 seul en t\u00eate. Le coureur de l\u2019\u00e9quipe Ineos avait gard\u00e9 des forces durant le contre-la-montre de Peyragudes. Il a tout jet\u00e9 et effectu\u00e9 l\u2019avant-derni\u00e8re difficult\u00e9 de la journ\u00e9e, \u00e0 toute vitesse. Avant de r\u00e9aliser\u00a0<a href=\"http:\/\/www.lefigaro.fr\/sports\/cyclisme\/tour-de-france\/tour-de-france-arensman-s-impose-a-luchon-superbagneres-pogacar-grappille-encore-du-temps-sur-vingegaard-20250719\" target=\"_blank\" data-fig-type=\"NewsFlash\" rel=\"noopener\" data-gtm-custom-categorie=\"navigation\" data-gtm-custom-action=\"crossclick\" data-gtm-custom-label=\"Contextuel\" data-gtm-event=\"customEventSPE\" data-fig-domain=\"LEFIGARO\">un sacr\u00e9 num\u00e9ro en maintenant \u00e0 distance les ambitieux lanc\u00e9s \u00e0 ses trousses.\u00a0<\/a>Pour offrir \u00e0 Ineos sa 22e victoire sur le Tour de France (la premi\u00e8re depuis Carlos Rodriguez en 2023 \u00e0 Morzine) et signer la deuxi\u00e8me \u00e9chapp\u00e9e victorieuse sur ce Tour (apr\u00e8s Ben Healy, \u00e0 Vire).<\/p>\n<p>                                    <a class=\"fig-a11y-skip a11y-hidden\" href=\"#fig-a11y-skip-main-inarticle\"><br \/>\n        Passer la publicit\u00e9<br \/>\n    <\/a><\/p>\n<p>Le panache de Lenny Martinez<\/p>\n<p class=\"fig-paragraph\">Le grimpeur de l\u2019\u00e9quipe Bahrain Victorious a franchi le c\u00e9l\u00e8bre col du Tourmalet, puis le col d\u2019Aspin, seul en t\u00eate. L\u2019occasion d\u2019empocher des points pr\u00e9cieux (33) pour le classement de la montagne et de partager avec le public des moments inoubliables. Il se hisse en t\u00eate du classement du maillot \u00e0 pois (avec 60 points, il devance Tadej Pogacar 52) apr\u00e8s une journ\u00e9e intense v\u00e9cue devant. R\u00e9compens\u00e9 du prix de la combativit\u00e9.<\/p>\n<p>Jonas Vingegaard, sursaut confirm\u00e9<\/p>\n<p class=\"fig-paragraph\">Simon Yates et Sepp Kuss ont compt\u00e9 parmi les animateurs de la longue journ\u00e9e. Mais ils n\u2019ont pas \u00e9t\u00e9 en mesure d\u2019accompagner Thymen Arensman dans sa folle chevauch\u00e9e. Jonas Vingegaard a, \u00e0 4 km de l\u2019arriv\u00e9e, attaqu\u00e9. Il n\u2019a pas pu faire sortir Tadej Pogacar de sa roue mais a montr\u00e9 qu\u2019il n\u2019avait pas d\u00e9finitivement rang\u00e9 toute envie de s\u2019illustrer. Le Danois a toutefois \u00e9t\u00e9 devanc\u00e9 au sprint \u00e0 Superbagn\u00e8res par le Slov\u00e8ne. Bien difficile de faire un peu d\u2019ombre \u00e0 l\u2019omnipotent maillot jaune.<\/p>\n<p>La solidit\u00e9 de K\u00e9vin Vauquelin<\/p>\n<p class=\"fig-paragraph\">Le leader de l\u2019\u00e9quipe Ark\u00e9a-B&amp;B H\u00f4tels savait qu\u2019il passait un test et que ce serait un indicateur en vue de la 3e semaine. Le Normand, dans un bon jour, a suivi le rythme des meilleurs, avant de souffrir. Mais il s\u2019est accroch\u00e9, comme \u00e0 son habitude, dans la derni\u00e8re ascension. 10e \u00e0 3\u201908\u2019\u2019 de Arensman \u00e0 l\u2019arriv\u00e9e,<a href=\"http:\/\/www.lefigaro.fr\/sports\/cyclisme\/tour-de-france\/tour-de-france-lipowitz-grimpe-sur-le-podium-vauquelin-dans-le-top-5-le-classement-general-apres-la-14e-etape-20250719\" target=\"_blank\" data-fig-type=\"NewsFlash\" rel=\"noopener\" data-gtm-custom-categorie=\"navigation\" data-gtm-custom-action=\"crossclick\" data-gtm-custom-label=\"Contextuel\" data-gtm-event=\"customEventSPE\" data-fig-domain=\"LEFIGARO\">\u00a0il occupe la 5e place du classement g\u00e9n\u00e9ral (\u00e0 10\u201921\u2019\u2019 de Pogacar).<\/a><\/p>\n<p class=\"fig-paragraph\"><strong>FLOPS<\/strong><\/p>\n<p>Le point final de Remco Evenepoel<\/p>\n<p class=\"fig-paragraph\">Le Belge, rattrap\u00e9 et doubl\u00e9 par Jonas Vingegaard avait termin\u00e9 tr\u00e8s \u00e9prouv\u00e9 le contre-la-montre de Peyragudes, vendredi. Ce samedi, priv\u00e9 de jambes et les batteries mentales \u00e0 plat,\u00a0<a href=\"http:\/\/www.lefigaro.fr\/sports\/cyclisme\/tour-de-france\/tour-de-france-coup-de-tonnerre-remco-evenepoel-contraint-a-l-abandon-20250719\" target=\"_blank\" data-fig-type=\"NewsFlash\" rel=\"noopener\" data-gtm-custom-categorie=\"navigation\" data-gtm-custom-action=\"crossclick\" data-gtm-custom-label=\"Contextuel\" data-gtm-event=\"customEventSPE\" data-fig-domain=\"LEFIGARO\">il a rapidement mis pied \u00e0 terre.<\/a>\u00a0D\u00e8s les premiers pourcentages du col du Tourmalet, le leader de l\u2019\u00e9quipe Soudal-Quick Step (vainqueur de la 5e \u00e9tape, le contre-la-montre autour de Caen) qui figurait, ce samedi matin, \u00e0 la 3e place du classement g\u00e9n\u00e9ral, a mis fin \u00e0 son calvaire.<\/p>\n<p>                                    <a class=\"fig-a11y-skip a11y-hidden\" href=\"#fig-a11y-skip-main-inarticle_mtf\"><br \/>\n        Passer la publicit\u00e9<br \/>\n    <\/a><\/p>\n<p>Les limites de Roglic<\/p>\n<p class=\"fig-paragraph\">Tr\u00e8s \u00e0 l\u2019aise dans le contre-la-montre de Peyragudes (3e), le Slov\u00e8ne a \u00e9t\u00e9 en difficult\u00e9 dans la derni\u00e8re ascension de la 14e \u00e9tape. Son \u00e9quipier, l\u2019Allemand Florian Lipowitz, a \u00e9prouv\u00e9 des difficult\u00e9s \u00e0 garder la roue du duo star Pogacar-Vingegaard (5e \u00e0 Superbagn\u00e8res, \u00e0 13\u2019\u2019 du Danois) mais se hisse sur la troisi\u00e8me place du classement g\u00e9n\u00e9ral. Primoz Roglic a, lui, \u00e9volu\u00e9 encore un ton en dessous (8e de l\u2019\u00e9tape ; il occupe la 6e place au classement g\u00e9n\u00e9ral).<\/p>\n<p>Le jour sans de Pogacar<\/p>\n<p class=\"fig-paragraph\">Tadej Pogacar avait vraisemblablement en t\u00eate de s\u2019illustrer pour signer un tripl\u00e9 retentissant dans les Pyr\u00e9n\u00e9es. Son \u00e9quipe a tout fait pour priver les \u00e9chapp\u00e9s de beaucoup de libert\u00e9 et coller aux envies de l\u2019insatiable maillot jaune. Narvaez, Yates et Soler ont beaucoup travaill\u00e9 pour accompagner les desseins du maillot jaune dont l\u2019attaque attendue dans la derni\u00e8re difficult\u00e9, la mont\u00e9e vers Luchon-Superbagn\u00e8res n\u2019est jamais venue. Apr\u00e8s bien des efforts et un superbe num\u00e9ro, Thymen Arensman a trouv\u00e9 la force de r\u00e9sister, avant de s\u2019allonger, \u00e9puis\u00e9\u2026<\/p>\n<p class=\"fig-paragraph\"><strong>\u00c0 VOIR AUSSI &#8211; <\/strong>Ligue 1, Ligue des champions, Ousmane Demb\u00e9l\u00e9&#8230;La saison historique du Paris SG<\/p>\n","protected":false},"excerpt":{"rendered":"Le N\u00e9erlandais a, en solitaire, d\u00e9croch\u00e9 une superbe victoire au sommet de Luchon-Superbagn\u00e8res. Le maillot jaune a \u00e9t\u00e9&hellip;\n","protected":false},"author":2,"featured_media":259228,"comment_status":"","ping_status":"","sticky":false,"template":"","format":"standard","meta":{"footnotes":""},"categories":[1411],"tags":[1154,207,1011,27,27884,60,1138],"class_list":{"0":"post-259227","1":"post","2":"type-post","3":"status-publish","4":"format-standard","5":"has-post-thumbnail","7":"category-cyclisme","8":"tag-cycling","9":"tag-cyclisme","10":"tag-fr","11":"tag-france","12":"tag-jonas-vingegaard","13":"tag-sports","14":"tag-tadej-pogacar"},"share_on_mastodon":{"url":"https:\/\/pubeurope.com\/@fr\/114880944819138386","error":""},"_links":{"self":[{"href":"https:\/\/www.europesays.com\/fr\/wp-json\/wp\/v2\/posts\/259227","targetHints":{"allow":["GET"]}}],"collection":[{"href":"https:\/\/www.europesays.com\/fr\/wp-json\/wp\/v2\/posts"}],"about":[{"href":"https:\/\/www.europesays.com\/fr\/wp-json\/wp\/v2\/types\/post"}],"author":[{"embeddable":true,"href":"https:\/\/www.europesays.com\/fr\/wp-json\/wp\/v2\/users\/2"}],"replies":[{"embeddable":true,"href":"https:\/\/www.europesays.com\/fr\/wp-json\/wp\/v2\/comments?post=259227"}],"version-history":[{"count":0,"href":"https:\/\/www.europesays.com\/fr\/wp-json\/wp\/v2\/posts\/259227\/revisions"}],"wp:featuredmedia":[{"embeddable":true,"href":"https:\/\/www.europesays.com\/fr\/wp-json\/wp\/v2\/media\/259228"}],"wp:attachment":[{"href":"https:\/\/www.europesays.com\/fr\/wp-json\/wp\/v2\/media?parent=259227"}],"wp:term":[{"taxonomy":"category","embeddable":true,"href":"https:\/\/www.europesays.com\/fr\/wp-json\/wp\/v2\/categories?post=259227"},{"taxonomy":"post_tag","embeddable":true,"href":"https:\/\/www.europesays.com\/fr\/wp-json\/wp\/v2\/tags?post=259227"}],"curies":[{"name":"wp","href":"https:\/\/api.w.org\/{rel}","templated":true}]}}