{"id":25924,"date":"2025-04-15T05:10:11","date_gmt":"2025-04-15T05:10:11","guid":{"rendered":"https:\/\/www.europesays.com\/fr\/25924\/"},"modified":"2025-04-15T05:10:11","modified_gmt":"2025-04-15T05:10:11","slug":"patrons-franciliens-au-chomage-jai-voulu-me-buter-me-jeter-du-6e-etage-le-parisien","status":"publish","type":"post","link":"https:\/\/www.europesays.com\/fr\/25924\/","title":{"rendered":"Patrons franciliens au ch\u00f4mage : \u00ab J\u2019ai voulu me buter, me jeter du 6e \u00e9tage \u00bb &#8211; Le Parisien"},"content":{"rendered":"<ol>\n<li><a href=\"https:\/\/news.google.com\/rss\/articles\/CBMi4AFBVV95cUxQRFZjSjVTOXljYjVWak5YeEZGbWlTeFlhUmM4eko4SC1wU0tvYllHVjRUc184bW5udmVtd285Q0tRUlAxRVZLa0MzMWVMVm0xR3FiWXBKZm1sVG5SaFNFWDg3aFZFWHRmcWlLU0FfWTF0RWF1Wk5taEpZN01xOVZMUk9kcnpTMWpac2NIcW1fb0VFTWN0V05jWHBNT2ZwYVVvSG9MeFJhTXQ5S09tLTMwMG5zUFo0T3N1OFRSWWczWTJGdVRKMzIxS3M1bmdNRE52WURjaG1fV05sMXVqMEpPbg?oc=5\" target=\"_blank\" rel=\"nofollow noopener\">Patrons franciliens au ch\u00f4mage : \u00ab J\u2019ai voulu me buter, me jeter du 6e \u00e9tage \u00bb<\/a>&nbsp;&nbsp;Le Parisien<\/li>\n<li><a href=\"https:\/\/news.google.com\/rss\/articles\/CBMiqAFBVV95cUxOam9JYmxULWFraHJNQUNVc2tSOHBIb19Tc0pYZkR3Z1J0OW5qSFFCbGNuM2E2dS1wb24tNlkxQVRoU3k0WnlhZ2Q0SG5Gb096MENDT0pvaFdyaDlIOEJueklvaVBMZHc2WS1EUjFfUjg1cm5lVG95V0pJT0M1cWRfNGNEcVNrZ2dBRlhjckhsMmFVRzctdTRpaTdyV2JtemFzNWp0WEgyMFQ?oc=5\" target=\"_blank\" rel=\"nofollow noopener\">Hautes-Alpes | Alpes-de-Haute-Provence. Perte d\u2019emploi des entrepreneurs : 2024, une ann\u00e9e compliqu\u00e9e<\/a>&nbsp;&nbsp;Le Dauphin\u00e9 Lib\u00e9r\u00e9<\/li>\n<li><a href=\"https:\/\/news.google.com\/rss\/articles\/CBMizwFBVV95cUxPS1gybjhRVUZ1YUFhS3pYS3RpZGRkdm9rNDRuZWQzTVBQSnpqc1lIUVVnMGdudmRTMDJhbDVTblV4UmFtdXJ2Q3lEUWFOaUVXWktLSzNDT1N0WGpyQnN6ZDlqaDZpR1QyeEV1cXNiSlRHaGlfTzN3V3JqdlNjd3JMNkpWZXpPOWcxVzl6dVFoUGRib0psUU1RU0NUNGU2MVRSU21IaC1oMzZQQW1LdDNyeVB2R0w4Wm5sUEtnRC13amtGNE9SSU1mb01yMGVqb03SAdQBQVVfeXFMT2RucW5JZVdidk15ZVFOM2IxcGpSZTZLUzFYbklnTUl0cXE2bklPSlFndDlKLXlDZ29KeTdCblg3dTdjc1R5aUVLYmxYY3NrRHprTUtIbG1kWXhHN2FIaUFPdy11R3B5V0VnWFFJXzF4dDZVRnM0TDltWUY5MEZNX2htMWstSHlsWUxUTmFmYXhJRExtN0t1U1dQUkkyam92OUZPUkFqUDNaYmFqbTZ4Y2pBR2w3UXZrMXpfNkc5YXY1ZG9WMUlmdzV0VTJ5aGRMU2hwN2c?oc=5\" target=\"_blank\" rel=\"nofollow noopener\">Bourgogne-Franche-Comt\u00e9 : le nombre de chefs d\u2019entreprise qui ont perdu leur emploi atteint un record en 2024<\/a>&nbsp;&nbsp;maCommune.info<\/li>\n<li><a href=\"https:\/\/news.google.com\/rss\/articles\/CBMi0wFBVV95cUxPejFfb1R3QjRzbW45VzB5RG5qVF80NGl2dllpZmc1ejBmNHJpRlkwczV2anFqWEduY0hScUhpZm45SllUU2c4XzM1ZktySWxnQlZDeDloUkFZazZzSGhHdHdIeFJ1RW0tLVRXRHFEYlNDSkI3aG1Gam1ZQjM3Ty1IZFVybzhtZlhCU3ZVVmFRWXpRNTlpOU1SbXBxQlBEbmpWVlZlVThtT3RFbVlHWHh3YkVEVmFOdGd5X1pWNmFWWW1NWmcyV2NydDZVeDBlekZLdTlZ?oc=5\" target=\"_blank\" rel=\"nofollow noopener\">Le chiffre de la semaine : 4 645 chefs d\u2019entreprise ont perdu leur emploi en 2024 dans les Hauts-de-France<\/a>&nbsp;&nbsp;Courrier picard<\/li>\n<li><a href=\"https:\/\/news.google.com\/rss\/articles\/CBMi6AFBVV95cUxOMXRiYThIOFBabnZQaGZJVEdBU3l3cnJFckdJSDRNMl84UmxNVXd1REVaWHZSUGI2WmlKVTZ5S3BmR0kyWGd6aFBQUzF6N0Y1ZnlGQnlmakFiZThoTDBjN2UtUUc2S0ZxZmRWbWdkaHh5bnFncWJVbHZwcmozVHR0SGdzV2hRSG5TQVVub1JqZU1vbHdBa0NyNm9LRzZpeE5fcmRVOUo4a213OXA4WlBmY2YxeUtMbGMxWmxIeVFJTkw5dGxSZ1dOUFR0SXlyWjB3Z3ZqV1Nobk45T3VZS082VExEYjFhQS1I?oc=5\" target=\"_blank\" rel=\"nofollow noopener\">Une forte hausse du ch\u00f4mage des chefs d\u2019entreprise dans les Pyr\u00e9n\u00e9es-Atlantiques<\/a>&nbsp;&nbsp;La R\u00e9publique des Pyr\u00e9n\u00e9es<\/li>\n<\/ol>\n","protected":false},"excerpt":{"rendered":"Patrons franciliens au ch\u00f4mage : \u00ab J\u2019ai voulu me buter, me jeter du 6e \u00e9tage \u00bb&nbsp;&nbsp;Le Parisien Hautes-Alpes&hellip;\n","protected":false},"author":2,"featured_media":25925,"comment_status":"","ping_status":"","sticky":false,"template":"","format":"standard","meta":{"footnotes":""},"categories":[6],"tags":[35,33,34,1011,27,1944,626],"class_list":{"0":"post-25924","1":"post","2":"type-post","3":"status-publish","4":"format-standard","5":"has-post-thumbnail","7":"category-economie","8":"tag-business","9":"tag-economie","10":"tag-economy","11":"tag-fr","12":"tag-france","13":"tag-ma-ville","14":"tag-paris"},"share_on_mastodon":{"url":"https:\/\/pubeurope.com\/@fr\/114340260962879936","error":""},"_links":{"self":[{"href":"https:\/\/www.europesays.com\/fr\/wp-json\/wp\/v2\/posts\/25924","targetHints":{"allow":["GET"]}}],"collection":[{"href":"https:\/\/www.europesays.com\/fr\/wp-json\/wp\/v2\/posts"}],"about":[{"href":"https:\/\/www.europesays.com\/fr\/wp-json\/wp\/v2\/types\/post"}],"author":[{"embeddable":true,"href":"https:\/\/www.europesays.com\/fr\/wp-json\/wp\/v2\/users\/2"}],"replies":[{"embeddable":true,"href":"https:\/\/www.europesays.com\/fr\/wp-json\/wp\/v2\/comments?post=25924"}],"version-history":[{"count":0,"href":"https:\/\/www.europesays.com\/fr\/wp-json\/wp\/v2\/posts\/25924\/revisions"}],"wp:featuredmedia":[{"embeddable":true,"href":"https:\/\/www.europesays.com\/fr\/wp-json\/wp\/v2\/media\/25925"}],"wp:attachment":[{"href":"https:\/\/www.europesays.com\/fr\/wp-json\/wp\/v2\/media?parent=25924"}],"wp:term":[{"taxonomy":"category","embeddable":true,"href":"https:\/\/www.europesays.com\/fr\/wp-json\/wp\/v2\/categories?post=25924"},{"taxonomy":"post_tag","embeddable":true,"href":"https:\/\/www.europesays.com\/fr\/wp-json\/wp\/v2\/tags?post=25924"}],"curies":[{"name":"wp","href":"https:\/\/api.w.org\/{rel}","templated":true}]}}