{"id":25926,"date":"2025-04-15T05:11:16","date_gmt":"2025-04-15T05:11:16","guid":{"rendered":"https:\/\/www.europesays.com\/fr\/25926\/"},"modified":"2025-04-15T05:11:16","modified_gmt":"2025-04-15T05:11:16","slug":"les-khmers-rouges-ne-souhaitaient-pas-simplement-tuer-mais-detruire-au-dela-des-individus-liberation","status":"publish","type":"post","link":"https:\/\/www.europesays.com\/fr\/25926\/","title":{"rendered":"\u00abLes Khmers rouges ne souhaitaient pas simplement tuer, mais d\u00e9truire au-del\u00e0 des individus\u00bb \u2013 Lib\u00e9ration"},"content":{"rendered":"<p class=\"sc-cPiKLX AiZTS text-element\">Depuis le milieu des ann\u00e9es 1980, Richard Rechtman a beaucoup travaill\u00e9 aupr\u00e8s de la communaut\u00e9 cambodgienne, notamment les victimes des Khmers rouges. Anthropologue et psychiatre, directeur d\u2019\u00e9tudes \u00e0 l\u2019EHESS, il a publi\u00e9 en 2022 la Vie ordinaire des g\u00e9nocidaires (CNRS Editions) o\u00f9 il montrait que ce ne sont pas les id\u00e9ologies qui tuent, mais bien les hommes. Dans une interview \u00e0 Lib\u00e9ration, il d\u00e9finit les sp\u00e9cificit\u00e9s du massacre de masse commis au Cambodge entre 1975 et 1979 avant de d\u00e9montrer son caract\u00e8re g\u00e9nocidaire.<\/p>\n<p class=\"sc-cPiKLX AiZTS text-element\"><b>Quelle place occupe le g\u00e9nocide cambodgien par rapport aux autres crimes de masse du XXe si\u00e8cle ?<\/b><\/p>\n<p class=\"sc-cPiKLX AiZTS text-element\">C\u2019est avec les crimes de masse des r\u00e9gimes communistes, dans la Russie stalinienne et la Chine mao\u00efste, que l\u2019on peut \u00e9tablir une comparaison. Je dirais qu\u2019il y a une forme d\u2019emprunt que les Khmers rouges ont fait aupr\u00e8s de ses r\u00e9gimes. Mais, \u00e0 la diff\u00e9rence du stalinisme et du mao\u00efsme, ils n\u2019ont pas massacr\u00e9 pour soumettre, mais bien pour \u00e9radiquer.<\/p>\n<p class=\"sc-cPiKLX AiZTS text-element\"><b>La comparaison avec la machine de mort nazie est-elle pertinente ?<\/b><\/p>\n<p class=\"sc-cPiKLX AiZTS text-element\">Cette comparaison m\u2019a toujours g\u00ean\u00e9 parce que l\u2019on n\u2019est pas dans les m\u00eames m\u00e9thodes. Les d\u00e9portations ne sont pas identiques. L\u2019utilisation de la famine, la gestion des corps ne sont pas les m\u00eames non plus. Nous savons d\u00e9sormais que les g\u00e9nocides ne se font qu\u2019avec les outils dont disposent les populations locales. <\/p>\n","protected":false},"excerpt":{"rendered":"Depuis le milieu des ann\u00e9es 1980, Richard Rechtman a beaucoup travaill\u00e9 aupr\u00e8s de la communaut\u00e9 cambodgienne, notamment les&hellip;\n","protected":false},"author":2,"featured_media":25927,"comment_status":"","ping_status":"","sticky":false,"template":"","format":"standard","meta":{"footnotes":""},"categories":[5],"tags":[11,9265,309,5887,9268,1011,27,9267,9264,9266,14,12,28],"class_list":{"0":"post-25926","1":"post","2":"type-post","3":"status-publish","4":"format-standard","5":"has-post-thumbnail","7":"category-international","8":"tag-actualites","9":"tag-cambodge","10":"tag-chine","11":"tag-cour-penale-internationale","12":"tag-droits-humain","13":"tag-fr","14":"tag-france","15":"tag-genocide","16":"tag-genocide-cambodgien-khmers-rouges","17":"tag-genocide-tutsis-rwanda","18":"tag-international","19":"tag-news","20":"tag-world"},"share_on_mastodon":{"url":"https:\/\/pubeurope.com\/@fr\/114340264877702597","error":""},"_links":{"self":[{"href":"https:\/\/www.europesays.com\/fr\/wp-json\/wp\/v2\/posts\/25926","targetHints":{"allow":["GET"]}}],"collection":[{"href":"https:\/\/www.europesays.com\/fr\/wp-json\/wp\/v2\/posts"}],"about":[{"href":"https:\/\/www.europesays.com\/fr\/wp-json\/wp\/v2\/types\/post"}],"author":[{"embeddable":true,"href":"https:\/\/www.europesays.com\/fr\/wp-json\/wp\/v2\/users\/2"}],"replies":[{"embeddable":true,"href":"https:\/\/www.europesays.com\/fr\/wp-json\/wp\/v2\/comments?post=25926"}],"version-history":[{"count":0,"href":"https:\/\/www.europesays.com\/fr\/wp-json\/wp\/v2\/posts\/25926\/revisions"}],"wp:featuredmedia":[{"embeddable":true,"href":"https:\/\/www.europesays.com\/fr\/wp-json\/wp\/v2\/media\/25927"}],"wp:attachment":[{"href":"https:\/\/www.europesays.com\/fr\/wp-json\/wp\/v2\/media?parent=25926"}],"wp:term":[{"taxonomy":"category","embeddable":true,"href":"https:\/\/www.europesays.com\/fr\/wp-json\/wp\/v2\/categories?post=25926"},{"taxonomy":"post_tag","embeddable":true,"href":"https:\/\/www.europesays.com\/fr\/wp-json\/wp\/v2\/tags?post=25926"}],"curies":[{"name":"wp","href":"https:\/\/api.w.org\/{rel}","templated":true}]}}