{"id":259275,"date":"2025-07-19T17:25:19","date_gmt":"2025-07-19T17:25:19","guid":{"rendered":"https:\/\/www.europesays.com\/fr\/259275\/"},"modified":"2025-07-19T17:25:19","modified_gmt":"2025-07-19T17:25:19","slug":"cest-fantastique-pourquoi-ils-adorent-la-rocade-de-rennes-pendant-lete","status":"publish","type":"post","link":"https:\/\/www.europesays.com\/fr\/259275\/","title":{"rendered":"\ufeff\u00ab\u00a0C\u2019est fantastique\u00a0\u00bb : pourquoi ils adorent la rocade de Rennes pendant l\u2019\u00e9t\u00e9"},"content":{"rendered":"<p>Les vacances scolaires ont \u00e0 peine d\u00e9marr\u00e9, mais la diff\u00e9rence est bien visible. Pour les automobilistes qui continuent \u00e0 travailler, les bouchons sur la rocade rennaise semblent s\u2019\u00eatre \u00e9vapor\u00e9s. Pour certains, les trajets pour aller au travail ont presque des faux airs de vacance. \u00ab L\u00e0 c\u2019est beaucoup mieux ! On respire \u00bb souri Barbara Guilbert, une automobiliste rennaise. \u00ab La rocade en juillet ? C\u2019est beau \u00bb, rigole quant \u00e0 elle H\u00e9l\u00e8ne Prudhomme, \u00ab \u00e7a ne bouchonne pas, c\u2019est fantastique \u00bb.<\/p>\n<p>Avec l\u2019arriv\u00e9e des vacances d\u2019\u00e9t\u00e9, le trafic a baiss\u00e9 sur la rocade rennaise selon les usagers. \u00ab Il y a beaucoup moins de bouchons depuis une semaine \u00bb raconte Yann Fauchier. \u00ab J\u2019utilise la portion ouest pour aller de chez moi au travail. D\u2019habitude, dans l\u2019ann\u00e9e, il y a des bouchons mais l\u00e0 il n\u2019y en a pas \u00bb, raconte C\u00e9dric Saint-Ghislain.<\/p>\n<p><a href=\"https:\/\/www.letelegramme.fr\/ille-et-vilaine\/rennes-35000\/dans-certaines-rues-de-rennes-le-trafic-routier-sest-effondre-voici-lesquelles-6781995.php\" target=\"_blank\" rel=\"nofollow noopener\">Malgr\u00e9 une baisse du trafic entre 2019 et 2023 sur les grands axes rennais<\/a>, la rocade reste connue pour ses embouteillages et ses ralentissements qui touchent fr\u00e9quemment les automobilistes. \u00ab De septembre \u00e0 juillet, c\u2019est l\u2019horreur. On est bloqu\u00e9 sur la quatre voies matin et soir et tous les jours ! C\u2019est devenu un gros sujet la rocade\u2026 \u00bb, raconte Barbara.<\/p>\n<p>Du temps de gagn\u00e9<\/p>\n<p>Et au niveau du gain de temps, certains automobilistes observent des gros changements. \u00abL\u00e0 je diminue de 20 minutes!\u00bb raconte Barbara. H\u00e9l\u00e8ne, elle, gagne \u00ab\u00e0 peu pr\u00e8s un quart d\u2019heure\u00bb. <br \/>\u00ab \u00c7a d\u00e9pend du parcours, mais quand je fais la moiti\u00e9 de la rocade, je suis moins inquiet surtout par le timing. Je regarde moins l\u2019heure en venant au travail \u00bb explique Sylvain Berceliot. \u00ab<br \/> \u00c7a ne me fait pas gagner beaucoup de temps mais j\u2019observe quand m\u00eame des diff\u00e9rences \u00bb, mod\u00e8re Yann.<\/p>\n<p>Des ralentissements encore pr\u00e9sents<\/p>\n<p>Malgr\u00e9 des am\u00e9liorations tr\u00e8s nettes en ce d\u00e9but de mois, certains automobilistes observent tout de m\u00eame toujours quelques ralentissements. \u00ab C\u2019est fluide, c\u2019est assez sympathique mais je dirais que vers 8h \u00e7a reste encore moyen, \u00e7a arrive que l\u2019on circule plus difficilement \u00bb, nuance H\u00e9l\u00e8ne Prudhomme. \u00ab Sur les heures de pointe de toute fa\u00e7on, \u00e7a peut \u00eatre bouch\u00e9, m\u00eame pendant les vacances \u00bb t\u00e9moigne Sylvain Berceliot. \u00ab Mais par contre le reste du temps il n\u2019y a pas de bouchons alors que le reste de l\u2019ann\u00e9e, m\u00eame pendant les heures creuses, on a des ralentissements. \u00bb<\/p>\n","protected":false},"excerpt":{"rendered":"Les vacances scolaires ont \u00e0 peine d\u00e9marr\u00e9, mais la diff\u00e9rence est bien visible. Pour les automobilistes qui continuent&hellip;\n","protected":false},"author":2,"featured_media":259276,"comment_status":"","ping_status":"","sticky":false,"template":"","format":"standard","meta":{"footnotes":""},"categories":[2821],"tags":[1111,11,829,1777,674,1011,27,848,12,584,25],"class_list":{"0":"post-259275","1":"post","2":"type-post","3":"status-publish","4":"format-standard","5":"has-post-thumbnail","7":"category-rennes","8":"tag-actu","9":"tag-actualites","10":"tag-bretagne","11":"tag-eu","12":"tag-europe","13":"tag-fr","14":"tag-france","15":"tag-ille-et-vilaine","16":"tag-news","17":"tag-rennes","18":"tag-republique-francaise"},"share_on_mastodon":{"url":"https:\/\/pubeurope.com\/@fr\/114881070624139977","error":""},"_links":{"self":[{"href":"https:\/\/www.europesays.com\/fr\/wp-json\/wp\/v2\/posts\/259275","targetHints":{"allow":["GET"]}}],"collection":[{"href":"https:\/\/www.europesays.com\/fr\/wp-json\/wp\/v2\/posts"}],"about":[{"href":"https:\/\/www.europesays.com\/fr\/wp-json\/wp\/v2\/types\/post"}],"author":[{"embeddable":true,"href":"https:\/\/www.europesays.com\/fr\/wp-json\/wp\/v2\/users\/2"}],"replies":[{"embeddable":true,"href":"https:\/\/www.europesays.com\/fr\/wp-json\/wp\/v2\/comments?post=259275"}],"version-history":[{"count":0,"href":"https:\/\/www.europesays.com\/fr\/wp-json\/wp\/v2\/posts\/259275\/revisions"}],"wp:featuredmedia":[{"embeddable":true,"href":"https:\/\/www.europesays.com\/fr\/wp-json\/wp\/v2\/media\/259276"}],"wp:attachment":[{"href":"https:\/\/www.europesays.com\/fr\/wp-json\/wp\/v2\/media?parent=259275"}],"wp:term":[{"taxonomy":"category","embeddable":true,"href":"https:\/\/www.europesays.com\/fr\/wp-json\/wp\/v2\/categories?post=259275"},{"taxonomy":"post_tag","embeddable":true,"href":"https:\/\/www.europesays.com\/fr\/wp-json\/wp\/v2\/tags?post=259275"}],"curies":[{"name":"wp","href":"https:\/\/api.w.org\/{rel}","templated":true}]}}