{"id":259279,"date":"2025-07-19T17:27:11","date_gmt":"2025-07-19T17:27:11","guid":{"rendered":"https:\/\/www.europesays.com\/fr\/259279\/"},"modified":"2025-07-19T17:27:11","modified_gmt":"2025-07-19T17:27:11","slug":"strasbourg-hansel-pixel-dissemine-des-etoiles-aux-couleurs-des-pays-de-lunion-europeenne-dans-la-ville","status":"publish","type":"post","link":"https:\/\/www.europesays.com\/fr\/259279\/","title":{"rendered":"Strasbourg. Hansel Pixel diss\u00e9mine des \u00e9toiles aux couleurs des pays de l\u2019Union europ\u00e9enne dans la ville"},"content":{"rendered":"<p>Vingt-cinq mosa\u00efques d\u2019\u00e9toiles fa\u00e7on pixel art aux couleurs des drapeaux de l\u2019Union europ\u00e9enne sont venues consteller les murs du centre-ville depuis quelques semaines. Derri\u00e8re ce firmament europ\u00e9en se cache le street artiste Hansel Pixel. \u00ab\u00a0La soci\u00e9t\u00e9 ne laisse que de petits espaces d\u2019expression. Je me faufile dans ces interstices, j\u2019aime \u00e7a\u00a0!\u00a0\u00bb d\u00e9crit l\u2019artiste originaire de Strasbourg. Le th\u00e8me a fait tilt dans son esprit\u00a0: \u00ab\u00a0L\u2019Europe, c\u2019est une mosa\u00efque de cultures et de pays. Je suis tr\u00e8s Alsacien, mais je voulais quelque chose de tr\u00e8s europ\u00e9en.\u00a0\u00bb<\/p>\n<p>Diss\u00e9min\u00e9es autour de la gare et de la cath\u00e9drale notamment, les 25 \u00e9toiles sont pos\u00e9es parfois en \u00e9vidence, parfois dans des recoins moins visibles. \u00ab\u00a0J\u2019\u00e9vite les bo\u00eetes&#8230;<\/p>\n","protected":false},"excerpt":{"rendered":"Vingt-cinq mosa\u00efques d\u2019\u00e9toiles fa\u00e7on pixel art aux couleurs des drapeaux de l\u2019Union europ\u00e9enne sont venues consteller les murs&hellip;\n","protected":false},"author":2,"featured_media":259280,"comment_status":"","ping_status":"","sticky":false,"template":"","format":"standard","meta":{"footnotes":""},"categories":[2820],"tags":[1111,11,1687,2880,1777,674,2271,107,1011,27,775,12,25,4604,640,2879],"class_list":{"0":"post-259279","1":"post","2":"type-post","3":"status-publish","4":"format-standard","5":"has-post-thumbnail","7":"category-strasbourg","8":"tag-actu","9":"tag-actualites","10":"tag-culture-loisirs","11":"tag-edition-strasbourg","12":"tag-eu","13":"tag-europe","14":"tag-exposition-arts-plastiques","15":"tag-fil-info","16":"tag-fr","17":"tag-france","18":"tag-grand-est","19":"tag-news","20":"tag-republique-francaise","21":"tag-selection-abonne","22":"tag-strasbourg","23":"tag-strasbourg-ville"},"share_on_mastodon":{"url":"https:\/\/pubeurope.com\/@fr\/114881078446639324","error":""},"_links":{"self":[{"href":"https:\/\/www.europesays.com\/fr\/wp-json\/wp\/v2\/posts\/259279","targetHints":{"allow":["GET"]}}],"collection":[{"href":"https:\/\/www.europesays.com\/fr\/wp-json\/wp\/v2\/posts"}],"about":[{"href":"https:\/\/www.europesays.com\/fr\/wp-json\/wp\/v2\/types\/post"}],"author":[{"embeddable":true,"href":"https:\/\/www.europesays.com\/fr\/wp-json\/wp\/v2\/users\/2"}],"replies":[{"embeddable":true,"href":"https:\/\/www.europesays.com\/fr\/wp-json\/wp\/v2\/comments?post=259279"}],"version-history":[{"count":0,"href":"https:\/\/www.europesays.com\/fr\/wp-json\/wp\/v2\/posts\/259279\/revisions"}],"wp:featuredmedia":[{"embeddable":true,"href":"https:\/\/www.europesays.com\/fr\/wp-json\/wp\/v2\/media\/259280"}],"wp:attachment":[{"href":"https:\/\/www.europesays.com\/fr\/wp-json\/wp\/v2\/media?parent=259279"}],"wp:term":[{"taxonomy":"category","embeddable":true,"href":"https:\/\/www.europesays.com\/fr\/wp-json\/wp\/v2\/categories?post=259279"},{"taxonomy":"post_tag","embeddable":true,"href":"https:\/\/www.europesays.com\/fr\/wp-json\/wp\/v2\/tags?post=259279"}],"curies":[{"name":"wp","href":"https:\/\/api.w.org\/{rel}","templated":true}]}}