{"id":259287,"date":"2025-07-19T17:34:21","date_gmt":"2025-07-19T17:34:21","guid":{"rendered":"https:\/\/www.europesays.com\/fr\/259287\/"},"modified":"2025-07-19T17:34:21","modified_gmt":"2025-07-19T17:34:21","slug":"gironde-nos-idees-sorties-du-week-end","status":"publish","type":"post","link":"https:\/\/www.europesays.com\/fr\/259287\/","title":{"rendered":"Gironde : nos id\u00e9es sorties du week-end"},"content":{"rendered":"<p><img decoding=\"async\" class=\"\" style=\"width:100%\" src=\"https:\/\/www.europesays.com\/fr\/wp-content\/uploads\/2025\/07\/Capture_d_e_cran_2025_07_18_a__14_13_131752840902549.png\" alt=\"bataille de Castillon \"\/><\/p>\n<p>Le spectacle de la Bataille de Castillon est de retour. <\/p>\n<p>Cr\u00e9dit : Bataille de Castillon <\/p>\n<p>\u00a0<\/p>\n<p>La Braderie d&rsquo;\u00e9t\u00e9 \u00e0 Bordeaux\u00a0<\/p>\n<p style=\"font-weight: 400;\">Dernier week-end des soldes, et comme chaque ann\u00e9e, la <a href=\"https:\/\/www.bordeauxmoncommerce.fr\/event\/braderie-dete-2024\/#:~:text=La%20Braderie%20d&#039;\u00e9t\u00e9%20se,permet%20de%20visiter%20Bordeaux%20autrement.\" rel=\"noopener nofollow\" target=\"_blank\">Braderie d\u2019\u00e9t\u00e9 de Bordeaux<\/a> est de retour. Les commer\u00e7ants sortent devant leur boutique pour proposer de bonnes affaires et sont accompagn\u00e9s de commer\u00e7ants ambulants dans les rues du centre-ville de Bordeaux. La Braderie a lieu jusqu&rsquo;\u00e0 samedi et pour l\u2019occasion un parking gratuit est mis en place Place des Quinconces \u00e0 Bordeaux de 10h \u00e0 22h.<\/p>\n<p style=\"font-weight: 400;\">\u00a0<\/p>\n<p><strong>Un open air dans les jardins du conservatoire de Bordeaux<\/strong><\/p>\n<p style=\"font-weight: 400;\">Toujours \u00e0 Bordeaux, la nouvelle \u00e9dition de l&rsquo;<a href=\"https:\/\/www.lastrodomebdx.fr\/astroshow-open-air\/\" rel=\"noopener nofollow\" target=\"_blank\">Astroshow open air<\/a>, dans les jardins du conservatoire, a commenc\u00e9 jeudi avec 14 artistes programm\u00e9s pour cette \u00e9dition. Des concerts et DJ sets gratuits sont encore organis\u00e9s ce vendredi soir et ce samedi soir pour de la musique live en plein air. De quoi boire et manger sur place. L\u2019entr\u00e9e est donc libre. Un don libre \u00e0 l\u2019association est possible sur place. D\u00e9but des concerts et DJ sets \u00e0 18h.<\/p>\n<p style=\"font-weight: 400;\">\u00a0<\/p>\n<p><strong>Une comp\u00e9tition de lancer de tongs \u00e0 Lacanau<\/strong><\/p>\n<p style=\"font-weight: 400;\">\u00c0 Lacanau rendez-vous dimanche sur la plage du Moutchic pour un concours de lancer de tongs. C\u2019est <a href=\"https:\/\/www.lacanau.fr\/evenement\/tong-masters\/\" rel=\"noopener nofollow\" target=\"_blank\">la 1ere \u00e9dition de Tong Masters<\/a>. L\u2019\u00e9v\u00e8nement promet d\u2019\u00eatre tr\u00e8s fun. Plusieurs \u00e9quipes de deux, \u00e9quipe junior, famille ou adulte, vont s\u2019affronter pour lancer le plus loin leurs tongs qui ne doivent pas d\u00e9passer 225 grammes. Il y aura de quoi manger sur place et aussi des animations. L&rsquo;\u00e9v\u00e8nement a lieu dimanche toute la journ\u00e9e de de 10h \u00e0 17h.\u00a0<\/p>\n<p style=\"font-weight: 400;\">\u00a0<\/p>\n<p><strong>La F\u00eate de l&rsquo;Hu\u00eetre \u00e0 Andernos<\/strong><\/p>\n<p style=\"font-weight: 400;\">Ce week-end, jusqu\u2019\u00e0 dimanche, ce sera aussi <a href=\"https:\/\/www.andernoslesbains.fr\/agenda\/fete-de-lhuitre\/\" rel=\"noopener nofollow\" target=\"_blank\">la F\u00eate de l&rsquo;Hu\u00eetre \u00e0 Andernos<\/a>. Au programme : d\u00e9gustations d\u2019hu\u00eetres, de saucisses, de moules, de frites ou encore de desserts autour de grandes tabl\u00e9es. Le tout en musique avec des DJ sets et concerts. L&rsquo;\u00e9v\u00e8nement a lieu au port ostr\u00e9icole d\u2019Andernos, en soir\u00e9e.<\/p>\n<p style=\"font-weight: 400;\">\u00a0<\/p>\n<p><strong>Le retour du spectacle La Bataille de Castillon\u00a0<\/strong><\/p>\n<p style=\"font-weight: 400;\">\u00c0 Belv\u00e8s-de-Castillon, le spectacle de <a href=\"https:\/\/www.batailledecastillon.com\" rel=\"noopener nofollow\" target=\"_blank\">la Bataille de Castillon<\/a> est de retour depuis jeudi et jusqu\u2019au 16 ao\u00fbt tous les week-ends. Spectacle qu\u2019on ne pr\u00e9sente plus puisque c\u2019est la 49\u00e8me \u00e9dition cette ann\u00e9e. Un spectacle historique le soir, d\u00e8s 22h30 ce week-end, en plein air, et qui retrace la derni\u00e8re bataille de la guerre de Cent Ans. Avant le spectacle, il est possible de se plonger dans l\u2019ambiance au Parc M\u00e9di\u00e9val d\u2019Ali\u00e9nor ouvert d\u00e8s 16h30 avec des enqu\u00eates, des animations ou encore des balades en cal\u00e8che. Tarifs pour le spectacle et le parc : 38 euros pour les adultes, 25 euros pour les enfants.<\/p>\n<p style=\"font-weight: 400;\">\u00a0<\/p>\n<p><strong>Du Beach Rugby \u00e0 Arcachon<\/strong><\/p>\n<p style=\"font-weight: 400;\">Du sport sur la plage Pereire d\u2019Arcachon jusqu\u2019\u00e0 samedi avec le <a href=\"https:\/\/www.beachrugbyarcachon.com\" rel=\"noopener nofollow\" target=\"_blank\">Beach Rugby Arcachon<\/a> ce vendredi et ce samedi. Le tournoi regroupe des pro et des amateurs, des personnalit\u00e9s et d&rsquo;anciens internationaux. Du rugby sur le sable mais aussi des animations et des concerts. C\u2019est gratuit pour le public de 9h \u00e0 22h30.\u00a0<\/p>\n<p style=\"font-weight: 400;\">\u00a0<\/p>\n<p style=\"font-weight: 400;\">\u00a0<\/p>\n","protected":false},"excerpt":{"rendered":"Le spectacle de la Bataille de Castillon est de retour. Cr\u00e9dit : Bataille de Castillon \u00a0 La Braderie&hellip;\n","protected":false},"author":2,"featured_media":259288,"comment_status":"","ping_status":"","sticky":false,"template":"","format":"standard","meta":{"footnotes":""},"categories":[2817],"tags":[1111,11,4763,39946,1997,17804,39945,1777,674,1011,27,2905,3246,16510,39944,12,2219,14813,25,1669],"class_list":{"0":"post-259287","1":"post","2":"type-post","3":"status-publish","4":"format-standard","5":"has-post-thumbnail","7":"category-bordeaux","8":"tag-actu","9":"tag-actualites","10":"tag-agenda","11":"tag-bataille-de-castillon","12":"tag-bordeaux","13":"tag-braderie","14":"tag-championnat-lancer-de-tongs","15":"tag-eu","16":"tag-europe","17":"tag-fr","18":"tag-france","19":"tag-gironde","20":"tag-idees","21":"tag-lacanau","22":"tag-loirsirs","23":"tag-news","24":"tag-nouvelle-aquitaine","25":"tag-open-air","26":"tag-republique-francaise","27":"tag-sorties"},"share_on_mastodon":{"url":"https:\/\/pubeurope.com\/@fr\/114881106110492563","error":""},"_links":{"self":[{"href":"https:\/\/www.europesays.com\/fr\/wp-json\/wp\/v2\/posts\/259287","targetHints":{"allow":["GET"]}}],"collection":[{"href":"https:\/\/www.europesays.com\/fr\/wp-json\/wp\/v2\/posts"}],"about":[{"href":"https:\/\/www.europesays.com\/fr\/wp-json\/wp\/v2\/types\/post"}],"author":[{"embeddable":true,"href":"https:\/\/www.europesays.com\/fr\/wp-json\/wp\/v2\/users\/2"}],"replies":[{"embeddable":true,"href":"https:\/\/www.europesays.com\/fr\/wp-json\/wp\/v2\/comments?post=259287"}],"version-history":[{"count":0,"href":"https:\/\/www.europesays.com\/fr\/wp-json\/wp\/v2\/posts\/259287\/revisions"}],"wp:featuredmedia":[{"embeddable":true,"href":"https:\/\/www.europesays.com\/fr\/wp-json\/wp\/v2\/media\/259288"}],"wp:attachment":[{"href":"https:\/\/www.europesays.com\/fr\/wp-json\/wp\/v2\/media?parent=259287"}],"wp:term":[{"taxonomy":"category","embeddable":true,"href":"https:\/\/www.europesays.com\/fr\/wp-json\/wp\/v2\/categories?post=259287"},{"taxonomy":"post_tag","embeddable":true,"href":"https:\/\/www.europesays.com\/fr\/wp-json\/wp\/v2\/tags?post=259287"}],"curies":[{"name":"wp","href":"https:\/\/api.w.org\/{rel}","templated":true}]}}