{"id":259303,"date":"2025-07-19T17:42:16","date_gmt":"2025-07-19T17:42:16","guid":{"rendered":"https:\/\/www.europesays.com\/fr\/259303\/"},"modified":"2025-07-19T17:42:16","modified_gmt":"2025-07-19T17:42:16","slug":"pres-de-lyon-avec-de-la-drogue-dans-la-voiture-il-est-controle-a-160-km-h","status":"publish","type":"post","link":"https:\/\/www.europesays.com\/fr\/259303\/","title":{"rendered":"Pr\u00e8s de Lyon : avec de la drogue dans la voiture, il est contr\u00f4l\u00e9 \u00e0 160 km\/h"},"content":{"rendered":"<p>Un conducteur a \u00e9t\u00e9 contr\u00f4l\u00e9 \u00e0 une vitesse de 160 km\/h par les gendarmes sur une route limit\u00e9e \u00e0 90 sur la commune de Pusignan, pr\u00e8s de Lyon. L&rsquo;automobiliste avait consomm\u00e9 du cannabis et de la drogue se trouvait dans sa voiture.<\/p>\n<p>C&rsquo;est un jackpot, mais pas dans le bon sens du terme. <b>Lundi 14 juillet<\/b>,\u00a0la brigade motoris\u00e9e de Dardilly a effectu\u00e9 <b>une op\u00e9ration de contr\u00f4le de vitesse<\/b> sur la commune de <b>Pusignan<\/b>.<\/p>\n<p>Les gendarmes se sont positionn\u00e9s sur <b>la RD302<\/b>\u00a0pour ce jour de retour de week-end prolong\u00e9.<\/p>\n<p>Il conduit \u00e0 160 km\/h apr\u00e8s avoir consomm\u00e9 du cannabis<\/p>\n<p>Au total, les militaires ont contr\u00f4l\u00e9 11 v\u00e9hicules en exc\u00e8s de vitesse, dont un qui roulait \u00e0 <b>une vitesse de 160 km\/h<\/b>. Pourtant, la limite est de 90 km\/h sur cette route.<\/p>\n<p>Selon <a class=\"url\" href=\"https:\/\/www.leprogres.fr\/faits-divers-justice\/2025\/07\/19\/a-pusignan-le-controle-de-vitesse-du-14-juillet-affole-les-compteurs\" target=\"_blank\" rel=\"noopener\">Le Progr\u00e8s<\/a>, en plus de sa vitesse excessive, <b>le conducteur a \u00e9t\u00e9 contr\u00f4l\u00e9 positif au cannabis<\/b> et ses deux passagers en possession de drogue.<\/p>\n<p>L&rsquo;automobiliste sera prochainement jug\u00e9 par un tribunal tandis que ses deux passagers se sont vus inflig\u00e9s des amendes.<\/p>\n<p>Apr\u00e8s cette op\u00e9ration de contr\u00f4le des gendarmes, deux permis de conduire ont \u00e9t\u00e9 retenus et deux v\u00e9hicules ont \u00e9t\u00e9 plac\u00e9s en fourri\u00e8re.<\/p>\n<p><img loading=\"lazy\" decoding=\"async\" src=\"https:\/\/www.europesays.com\/fr\/wp-content\/uploads\/2025\/07\/1752946936_120_img\" width=\"350\" height=\"200\" border=\"0\" title=\"Il est interpell\u00c3\u00a9 par la police \u00c3\u00a0 cause de sa consommation de pizzas\"\/><\/p>\n<p>\u25baFaits divers<\/p>\n<p style=\"font-size: 22px;\"><b>Lyon : recherch\u00e9 par la justice, il se fait interpeller \u00e0 cause de pizzas<\/b><\/p>\n<p>En cavale apr\u00e8s avoir \u00e9t\u00e9 condamn\u00e9 \u00e0 de la&#8230;<\/p>\n<p><\/p>\n","protected":false},"excerpt":{"rendered":"Un conducteur a \u00e9t\u00e9 contr\u00f4l\u00e9 \u00e0 une vitesse de 160 km\/h par les gendarmes sur une route limit\u00e9e&hellip;\n","protected":false},"author":2,"featured_media":259304,"comment_status":"","ping_status":"","sticky":false,"template":"","format":"standard","meta":{"footnotes":""},"categories":[1889],"tags":[1111,11,2430,3675,6959,29359,1052,1777,674,20531,6017,1011,27,3381,13369,2428,12,5007,39947,25],"class_list":{"0":"post-259303","1":"post","2":"type-post","3":"status-publish","4":"format-standard","5":"has-post-thumbnail","7":"category-lyon","8":"tag-actu","9":"tag-actualites","10":"tag-auvergne-rhone-alpes","11":"tag-cannabis","12":"tag-contrle","13":"tag-dardilly","14":"tag-drogue","15":"tag-eu","16":"tag-europe","17":"tag-excs-de-vitesse","18":"tag-fait-divers","19":"tag-fr","20":"tag-france","21":"tag-gendarmerie","22":"tag-gendarmes","23":"tag-lyon","24":"tag-news","25":"tag-permis-de-conduire","26":"tag-pusignan","27":"tag-republique-francaise"},"share_on_mastodon":{"url":"https:\/\/pubeurope.com\/@fr\/114881137514225610","error":""},"_links":{"self":[{"href":"https:\/\/www.europesays.com\/fr\/wp-json\/wp\/v2\/posts\/259303","targetHints":{"allow":["GET"]}}],"collection":[{"href":"https:\/\/www.europesays.com\/fr\/wp-json\/wp\/v2\/posts"}],"about":[{"href":"https:\/\/www.europesays.com\/fr\/wp-json\/wp\/v2\/types\/post"}],"author":[{"embeddable":true,"href":"https:\/\/www.europesays.com\/fr\/wp-json\/wp\/v2\/users\/2"}],"replies":[{"embeddable":true,"href":"https:\/\/www.europesays.com\/fr\/wp-json\/wp\/v2\/comments?post=259303"}],"version-history":[{"count":0,"href":"https:\/\/www.europesays.com\/fr\/wp-json\/wp\/v2\/posts\/259303\/revisions"}],"wp:featuredmedia":[{"embeddable":true,"href":"https:\/\/www.europesays.com\/fr\/wp-json\/wp\/v2\/media\/259304"}],"wp:attachment":[{"href":"https:\/\/www.europesays.com\/fr\/wp-json\/wp\/v2\/media?parent=259303"}],"wp:term":[{"taxonomy":"category","embeddable":true,"href":"https:\/\/www.europesays.com\/fr\/wp-json\/wp\/v2\/categories?post=259303"},{"taxonomy":"post_tag","embeddable":true,"href":"https:\/\/www.europesays.com\/fr\/wp-json\/wp\/v2\/tags?post=259303"}],"curies":[{"name":"wp","href":"https:\/\/api.w.org\/{rel}","templated":true}]}}