{"id":259313,"date":"2025-07-19T17:50:11","date_gmt":"2025-07-19T17:50:11","guid":{"rendered":"https:\/\/www.europesays.com\/fr\/259313\/"},"modified":"2025-07-19T17:50:11","modified_gmt":"2025-07-19T17:50:11","slug":"a-une-semaine-de-paris-faut-il-continuer-a-regarder-le-tour-de-france-vide-de-suspense","status":"publish","type":"post","link":"https:\/\/www.europesays.com\/fr\/259313\/","title":{"rendered":"\u00c0 une semaine de Paris, faut-il continuer \u00e0 regarder le Tour de France vid\u00e9 de suspense ?"},"content":{"rendered":"<p><strong>LA QUESTION DU JOUR &#8211;<\/strong> Tadej Pogacar a, depuis longtemps, fait de ce Tour de France un cavalier seul. Mais les centres d\u2019int\u00e9r\u00eat ne manquent pas.<\/p>\n<p class=\"fig-paragraph\">Apr\u00e8s le triptyque pyr\u00e9n\u00e9en,\u00a0<a href=\"http:\/\/www.lefigaro.fr\/sports\/cyclisme\/tour-de-france\/tour-de-france-dix-choses-que-vous-ne-connaissez-peut-etre-pas-sur-tadej-pogacar-20250719\" target=\"_blank\" data-fig-type=\"NewsFlash\" rel=\"noopener\" data-gtm-custom-categorie=\"navigation\" data-gtm-custom-action=\"crossclick\" data-gtm-custom-label=\"Contextuel\" data-gtm-event=\"customEventSPE\" data-fig-domain=\"LEFIGARO\">Tadej Pogacar<\/a>\u00a0aper\u00e7oit Paris. Son regard traverse les nuages. Une quatri\u00e8me victoire finale (apr\u00e8s 2020, 2021 et 2024) attend le Slov\u00e8ne.<\/p>\n<p class=\"fig-paragraph\">Mais sur la route du Tour, chaque journ\u00e9e peut r\u00e9server son lot de surprises. Ce samedi, dans les premiers pourcentages du col du Tourmalet,\u00a0<a href=\"http:\/\/www.lefigaro.fr\/sports\/cyclisme\/tour-de-france\/tour-de-france-coup-de-tonnerre-remco-evenepoel-contraint-a-l-abandon-20250719\" target=\"_blank\" data-fig-type=\"NewsFlash\" rel=\"noopener\" data-gtm-custom-categorie=\"navigation\" data-gtm-custom-action=\"crossclick\" data-gtm-custom-label=\"Contextuel\" data-gtm-event=\"customEventSPE\" data-fig-domain=\"LEFIGARO\">le Belge Remco Evenepoel<\/a>, le troisi\u00e8me homme, \u00e9puis\u00e9, a \u00e9t\u00e9 contraint \u00e0 l\u2019abandon. En larmes.<\/p>\n<p>                                    <a class=\"fig-a11y-skip a11y-hidden\" href=\"#fig-a11y-skip-main-inarticle\"><br \/>\n        Passer la publicit\u00e9<br \/>\n    <\/a><\/p>\n<p class=\"fig-paragraph\">Il reste 7 \u00e9tapes, des enjeux \u00e0 tous les \u00e9tages. Pour la derni\u00e8re marche du podium (Jonas Vingegaard semble bien accroch\u00e9 \u00e0 la place de dauphin). Pour le Top 5. Pour le Top 10. Pour de belles victoires d\u2019\u00e9tapes \u00e0 aller chercher (au sommet du Ventoux ou du col de la Loze, par exemple). Pour esp\u00e9rer voir fleurir une victoire fran\u00e7aise (seules les \u00e9ditions 1926 et 1999 se sont, depuis 1903, termin\u00e9es sans le moindre bouquet tricolore). Pour suivre\u00a0<a href=\"http:\/\/www.lefigaro.fr\/sports\/cyclisme\/tour-de-france\/tour-de-france-l-ogre-pogacar-battra-t-il-le-record-de-8-victoires-d-etapes-de-merckx-maertens-et-pelissier-20250718\" target=\"_blank\" data-fig-type=\"NewsFlash\" rel=\"noopener\" data-gtm-custom-categorie=\"navigation\" data-gtm-custom-action=\"crossclick\" data-gtm-custom-label=\"Contextuel\" data-gtm-event=\"customEventSPE\" data-fig-domain=\"LEFIGARO\">la qu\u00eate de record de Tadej Pogacar\u00a0<\/a>(d\u00e9j\u00e0 4 victoires d\u2019\u00e9tapes, peut-il faire de l\u2019ombre au record d\u00e9tenu par Charles P\u00e9lissier, Freddy Maertens et Eddy Merckx avec 8 succ\u00e8s lors d\u2019une \u00e9dition\u00a0?).<\/p>\n<p class=\"fig-paragraph\">Pour les batailles qui vont s\u2019attacher aux diff\u00e9rents classements et maillots. Pour le retour des sprinters. Pour la grande premi\u00e8re \u00e0 Montmartre qui promet un bain de foule et un clin d\u2019\u0153il aux Jeux olympiques de Paris 2024\u2026 Les raisons de rester accroch\u00e9 \u00e0 ce Tour ne manquent pas. Parce que le Tour, comme l\u2019\u00e9crivait Pierre Chany dans L\u2019\u00c9quipe \u00abc\u2019est comme aux Galeries Lafayette, il se passe toujours quelque chose\u2026\u00bb. Et parce que ces pr\u00e9cieuses journ\u00e9es d\u2019\u00e9t\u00e9 passent toujours trop vite\u2026<\/p>\n","protected":false},"excerpt":{"rendered":"LA QUESTION DU JOUR &#8211; Tadej Pogacar a, depuis longtemps, fait de ce Tour de France un cavalier&hellip;\n","protected":false},"author":2,"featured_media":259314,"comment_status":"","ping_status":"","sticky":false,"template":"","format":"standard","meta":{"footnotes":""},"categories":[1888],"tags":[11,1777,674,1011,27,27884,12,626,25,1138,210],"class_list":{"0":"post-259313","1":"post","2":"type-post","3":"status-publish","4":"format-standard","5":"has-post-thumbnail","7":"category-paris","8":"tag-actualites","9":"tag-eu","10":"tag-europe","11":"tag-fr","12":"tag-france","13":"tag-jonas-vingegaard","14":"tag-news","15":"tag-paris","16":"tag-republique-francaise","17":"tag-tadej-pogacar","18":"tag-tour-de-france"},"share_on_mastodon":{"url":"https:\/\/pubeurope.com\/@fr\/114881168905953880","error":""},"_links":{"self":[{"href":"https:\/\/www.europesays.com\/fr\/wp-json\/wp\/v2\/posts\/259313","targetHints":{"allow":["GET"]}}],"collection":[{"href":"https:\/\/www.europesays.com\/fr\/wp-json\/wp\/v2\/posts"}],"about":[{"href":"https:\/\/www.europesays.com\/fr\/wp-json\/wp\/v2\/types\/post"}],"author":[{"embeddable":true,"href":"https:\/\/www.europesays.com\/fr\/wp-json\/wp\/v2\/users\/2"}],"replies":[{"embeddable":true,"href":"https:\/\/www.europesays.com\/fr\/wp-json\/wp\/v2\/comments?post=259313"}],"version-history":[{"count":0,"href":"https:\/\/www.europesays.com\/fr\/wp-json\/wp\/v2\/posts\/259313\/revisions"}],"wp:featuredmedia":[{"embeddable":true,"href":"https:\/\/www.europesays.com\/fr\/wp-json\/wp\/v2\/media\/259314"}],"wp:attachment":[{"href":"https:\/\/www.europesays.com\/fr\/wp-json\/wp\/v2\/media?parent=259313"}],"wp:term":[{"taxonomy":"category","embeddable":true,"href":"https:\/\/www.europesays.com\/fr\/wp-json\/wp\/v2\/categories?post=259313"},{"taxonomy":"post_tag","embeddable":true,"href":"https:\/\/www.europesays.com\/fr\/wp-json\/wp\/v2\/tags?post=259313"}],"curies":[{"name":"wp","href":"https:\/\/api.w.org\/{rel}","templated":true}]}}