{"id":259315,"date":"2025-07-19T17:51:12","date_gmt":"2025-07-19T17:51:12","guid":{"rendered":"https:\/\/www.europesays.com\/fr\/259315\/"},"modified":"2025-07-19T17:51:12","modified_gmt":"2025-07-19T17:51:12","slug":"volodymyr-zelensky-propose-a-la-russie-de-nouveaux-pourparlers-la-semaine-prochaine","status":"publish","type":"post","link":"https:\/\/www.europesays.com\/fr\/259315\/","title":{"rendered":"Volodymyr Zelensky propose \u00e0 la Russie de nouveaux pourparlers \u00ab\u00a0la semaine prochaine\u00a0\u00bb"},"content":{"rendered":"<p class=\"c-chapo \">\n  Le pr\u00e9sident ukrainien se dit de nouveau pr\u00eat \u00e0 n\u00e9gocier directement avec Vladimir Poutine. Pour le moment, le Kremlin n&rsquo;a pas encore r\u00e9agi.\n<\/p>\n<p>            lire plus tard<\/p>\n<p id=\"dialog__title\" class=\"dialog__title\">Pour sauvegarder cet article, connectez-vous ou cr\u00e9ez un compte franceinfo<\/p>\n<p class=\"dialog__description\">Sans paiement. Sans abonnement.<\/p>\n<p>        Fermer la fen\u00eatre d\u2019activation des notifications France Info<\/p>\n<p>            cr\u00e9er votre compte<\/p>\n<p>            se connecter<\/p>\n<p>        Fermer la fen\u00eatre de pr\u00e9sentation<\/p>\n<p>    <img loading=\"lazy\" decoding=\"async\" class=\"signature__image lazyload\" width=\"100\" height=\"100\" data- alt=\"\" src=\"https:\/\/www.europesays.com\/fr\/wp-content\/uploads\/2025\/05\/64a68815cd1a7_placeholder-36b69ec8.png\"\/><\/p>\n<p>    Publi\u00e9 le 19\/07\/2025 19:42<\/p>\n<p>      Mis \u00e0 jour le 19\/07\/2025 19:49<\/p>\n<p>        Temps de lecture : 1min<\/p>\n<p>    <img decoding=\"async\"  alt=\"Le pr\u00e9sident ukrainien Volodymyr Zelensky, le 10 juillet 2025, en d\u00e9placement \u00e0 Rome (Italie). (DOMENICO CIPPITELLI \/ NURPHOTO \/ AFP)\" width=\"432\" height=\"243\" src=\"https:\/\/www.europesays.com\/fr\/wp-content\/uploads\/2025\/07\/075-cippitelli-ukrainer250710-npuaj-687bd6e382071616756108.jpg\" fetchpriority=\"high\"\/><\/p>\n<p>      Le pr\u00e9sident ukrainien Volodymyr Zelensky, le 10 juillet 2025, en d\u00e9placement \u00e0 Rome (Italie). (DOMENICO CIPPITELLI \/ NURPHOTO \/ AFP)<\/p>\n<p>Kiev fait un nouveau pas vers Moscou. Dans une vid\u00e9o <a href=\"https:\/\/t.me\/V_Zelenskiy_official\/15186\" target=\"_blank\" rel=\"noopener nofollow\">diffus\u00e9e sur son compte Telegram<\/a>, samedi 19 juillet, Volodymyr Zelensky propose \u00e0 la Russie de nouveaux pourparlers dans les prochains jours. Dans son message, le pr\u00e9sident ukrainien pr\u00e9cise que le secr\u00e9taire du Conseil de s\u00e9curit\u00e9, Roustem Oumerov, a \u00ab\u00a0propos\u00e9 une nouvelle rencontre avec la partie russe la semaine prochaine\u00a0\u00bb. <\/p>\n<p>\u00ab\u00a0Il faut tout faire pour parvenir \u00e0 un cessez-le-feu. Et la partie russe doit cesser de fuir ses responsabilit\u00e9s\u00a0\u00bb, d\u00e9clare Volodymyr Zelensky, qui se dit \u00e0 nouveau pr\u00eat \u00e0 n\u00e9gocier directement avec Vladimir Poutine.\u00a0Pour le moment, le Kremlin n&rsquo;a pas encore r\u00e9agi.<\/p>\n<blockquote class=\"ftvi_content_quote\">\n<p class=\"ftvi_citation_quote\">\u00ab\u00a0Une rencontre au plus haut niveau est n\u00e9cessaire pour v\u00e9ritablement assurer la paix.\u00a0\u00bb<\/p>\n<p>Volodymyr Zelensky, pr\u00e9sident ukrainien<\/p>\n<p class=\"ftvi_citation_source\">dans une vid\u00e9o<\/p>\n<\/blockquote>\n<p>Lors des derni\u00e8res n\u00e9gociations en juin, la Russie avait \u00e0 nouveau pr\u00e9sent\u00e9 des exigences maximales, incluant la cession par l&rsquo;Ukraine de quatre r\u00e9gions et le renoncement \u00e0 toute aide militaire occidentale.<\/p>\n<p>L&rsquo;Ukraine avait rejet\u00e9 ce qu&rsquo;elle avait qualifi\u00e9 d'\u00a0\u00bbultimatums\u00a0\u00bb, et avait mis en doute la disposition de Moscou \u00e0 n\u00e9gocier un cessez-le-feu.\u00a0Le Kremlin a cependant affirm\u00e9 d\u00e9but juillet \u00eatre pr\u00eat \u00e0 poursuivre des n\u00e9gociations avec l&rsquo;Ukraine, apr\u00e8s que le pr\u00e9sident am\u00e9ricain Donald Trump lui a donn\u00e9 cinquante jours pour n\u00e9gocier la paix, mena\u00e7ant de sanctions et annon\u00e7ant le m\u00eame jour reprendre des livraisons d&rsquo;armes \u00e0 Kiev financ\u00e9es par les pays de l&rsquo;Otan.<\/p>\n<p class=\"related-tags__title\" role=\"heading\" aria-level=\"2\">les mots-cl\u00e9s associ\u00e9s \u00e0 cet article\n    <\/p>\n","protected":false},"excerpt":{"rendered":"Le pr\u00e9sident ukrainien se dit de nouveau pr\u00eat \u00e0 n\u00e9gocier directement avec Vladimir Poutine. Pour le moment, le&hellip;\n","protected":false},"author":2,"featured_media":259316,"comment_status":"","ping_status":"","sticky":false,"template":"","format":"standard","meta":{"footnotes":""},"categories":[1591],"tags":[11,1887,12,1885,1886,132],"class_list":{"0":"post-259315","1":"post","2":"type-post","3":"status-publish","4":"format-standard","5":"has-post-thumbnail","7":"category-russie","8":"tag-actualites","9":"tag-federation-de-russie","10":"tag-news","11":"tag-russia","12":"tag-russian-federation","13":"tag-russie"},"share_on_mastodon":{"url":"https:\/\/pubeurope.com\/@fr\/114881172881515194","error":""},"_links":{"self":[{"href":"https:\/\/www.europesays.com\/fr\/wp-json\/wp\/v2\/posts\/259315","targetHints":{"allow":["GET"]}}],"collection":[{"href":"https:\/\/www.europesays.com\/fr\/wp-json\/wp\/v2\/posts"}],"about":[{"href":"https:\/\/www.europesays.com\/fr\/wp-json\/wp\/v2\/types\/post"}],"author":[{"embeddable":true,"href":"https:\/\/www.europesays.com\/fr\/wp-json\/wp\/v2\/users\/2"}],"replies":[{"embeddable":true,"href":"https:\/\/www.europesays.com\/fr\/wp-json\/wp\/v2\/comments?post=259315"}],"version-history":[{"count":0,"href":"https:\/\/www.europesays.com\/fr\/wp-json\/wp\/v2\/posts\/259315\/revisions"}],"wp:featuredmedia":[{"embeddable":true,"href":"https:\/\/www.europesays.com\/fr\/wp-json\/wp\/v2\/media\/259316"}],"wp:attachment":[{"href":"https:\/\/www.europesays.com\/fr\/wp-json\/wp\/v2\/media?parent=259315"}],"wp:term":[{"taxonomy":"category","embeddable":true,"href":"https:\/\/www.europesays.com\/fr\/wp-json\/wp\/v2\/categories?post=259315"},{"taxonomy":"post_tag","embeddable":true,"href":"https:\/\/www.europesays.com\/fr\/wp-json\/wp\/v2\/tags?post=259315"}],"curies":[{"name":"wp","href":"https:\/\/api.w.org\/{rel}","templated":true}]}}