{"id":259319,"date":"2025-07-19T17:53:10","date_gmt":"2025-07-19T17:53:10","guid":{"rendered":"https:\/\/www.europesays.com\/fr\/259319\/"},"modified":"2025-07-19T17:53:10","modified_gmt":"2025-07-19T17:53:10","slug":"les-etats-unis-menacent-les-vols-des-compagnies-aeriennes-mexicaines-pour-des-questions-de-fret-et-de-concurrence-19-07-2025-a-1838","status":"publish","type":"post","link":"https:\/\/www.europesays.com\/fr\/259319\/","title":{"rendered":"Les \u00c9tats-Unis menacent les vols des compagnies a\u00e9riennes mexicaines pour des questions de fret et de concurrence &#8211; 19\/07\/2025 \u00e0 18:38"},"content":{"rendered":"<p>\n ((Traduction automatis\u00e9e par Reuters \u00e0 l&rsquo;aide de l&rsquo;apprentissage<br \/>\nautomatique et de l&rsquo;IA g\u00e9n\u00e9rative, veuillez vous r\u00e9f\u00e9rer \u00e0<br \/>\nl&rsquo;avertissement suivant: https:\/\/bit.ly\/rtrsauto))\n<\/p>\n<p>\n *\n<\/p>\n<p>\n Les \u00c9tats-Unis obligent les transporteurs a\u00e9riens<br \/>\nmexicains \u00e0<br \/>\ncommuniquer leurs horaires de vol aux \u00c9tats-Unis\n<\/p>\n<p>\n *\n<\/p>\n<p>\n Le secr\u00e9taire d&rsquo;\u00c9tat Duffy met en garde contre<br \/>\nl&rsquo;exploitation du<br \/>\nmarch\u00e9 am\u00e9ricain\n<\/p>\n<p>\n *\n<\/p>\n<p>\n Le minist\u00e8re des transports reproche au Mexique de r\u00e9duire<br \/>\nla<br \/>\nconcurrence entre les compagnies a\u00e9riennes\n<\/p>\n<p>\n (Ajout d&rsquo;un commentaire de Delta et d&rsquo;une menace contre les<br \/>\nvols europ\u00e9ens aux paragraphes 4 et 9)<br \/>\npar David Shepardson\n<\/p>\n<p>\n L&rsquo;administration Trump a<br \/>\nd\u00e9clar\u00e9 samedi qu&rsquo;elle prenait une s\u00e9rie de mesures contre le<br \/>\nMexique \u00e0 la suite de la d\u00e9cision du gouvernement mexicain de<br \/>\nsupprimer certains cr\u00e9neaux de vol pour les transporteurs<br \/>\nam\u00e9ricains et de forcer les transporteurs de fret am\u00e9ricains \u00e0<br \/>\nd\u00e9localiser leurs op\u00e9rations \u00e0 Mexico.\n<\/p>\n<p>\n Le secr\u00e9taire am\u00e9ricain aux transports, Sean Duffy, a<br \/>\nd\u00e9clar\u00e9 dans un communiqu\u00e9 que le minist\u00e8re pourrait rejeter les<br \/>\ndemandes de vols en provenance du Mexique si le gouvernement ne<br \/>\nr\u00e9pondait pas aux pr\u00e9occupations des \u00c9tats-Unis concernant les<br \/>\nd\u00e9cisions prises en 2022 et 2023. Le minist\u00e8re propose \u00e9galement<br \/>\nde retirer l&rsquo;immunit\u00e9 de concurrence \u00e0 la coentreprise Delta Air<br \/>\nLines<br \/>\n <a href=\"https:\/\/www.boursorama.com\/cours\/DAL\/\" rel=\"nofollow noopener\" target=\"_blank\"><br \/>\n  DAL.N<br \/>\n <\/a><br \/>\n avec Aeromexico  GRPAF.PK  afin de r\u00e9soudre les<br \/>\nprobl\u00e8mes de concurrence sur le march\u00e9.\n<\/p>\n<p>\n Le Mexique est la destination internationale la plus<br \/>\npopulaire parmi les voyageurs a\u00e9riens am\u00e9ricains.\n<\/p>\n<p>\n Delta a d\u00e9clar\u00e9 que si le minist\u00e8re am\u00e9ricain des transports<br \/>\nretirait son approbation, cela \u00ab\u00a0porterait un pr\u00e9judice<br \/>\nconsid\u00e9rable aux consommateurs voyageant entre les \u00c9tats-Unis et<br \/>\nle Mexique, ainsi qu&rsquo;aux emplois, aux communaut\u00e9s et \u00e0 la<br \/>\nconcurrence transfrontali\u00e8re aux \u00c9tats-Unis\u00a0\u00bb\n<\/p>\n<p>\n Le minist\u00e8re des transports a d\u00e9clar\u00e9 que le Mexique ne<br \/>\nrespectait pas l&rsquo;accord a\u00e9rien bilat\u00e9ral depuis 2022, date \u00e0<br \/>\nlaquelle il a brusquement supprim\u00e9 des cr\u00e9neaux horaires, puis a<br \/>\ncontraint les transporteurs am\u00e9ricains de fret \u00e0 d\u00e9localiser<br \/>\nleurs activit\u00e9s en 2023.\n<\/p>\n<p>\n Le minist\u00e8re mexicain des transports et les principales<br \/>\ncompagnies a\u00e9riennes mexicaines, dont Aeromexico, n&rsquo;ont pas pu<br \/>\n\u00eatre joints dans l&rsquo;imm\u00e9diat pour un commentaire.\n<\/p>\n<p>\n M. Duffy a indiqu\u00e9 que le Mexique devait achever les travaux<br \/>\nde construction destin\u00e9s \u00e0 r\u00e9duire la congestion de l&rsquo;a\u00e9roport<br \/>\ninternational Benito Juarez de Mexico (MEX), mais que ces<br \/>\ntravaux n&rsquo;ont toujours pas eu lieu trois ans plus tard.\n<\/p>\n<p>\n \u00ab\u00a0En limitant les cr\u00e9neaux horaires et en exigeant que toutes<br \/>\nles op\u00e9rations de fret quittent MEX, le Mexique n&rsquo;a pas tenu sa<br \/>\npromesse, a perturb\u00e9 le march\u00e9 et a laiss\u00e9 les entreprises<br \/>\nam\u00e9ricaines assumer des millions de dollars d&rsquo;augmentation des<br \/>\nco\u00fbts\u00a0\u00bb, a d\u00e9clar\u00e9 le minist\u00e8re.\n<\/p>\n<p>\n L&rsquo;USDOT a \u00e9galement d\u00e9clar\u00e9 qu&rsquo;il pourrait prendre des<br \/>\nmesures \u00e0 l&rsquo;encontre des pays europ\u00e9ens en raison des<br \/>\nlimitations impos\u00e9es dans les a\u00e9roports . \u00ab\u00a0Nous<br \/>\nsurveillons les \u00c9tats europ\u00e9ens pour nous assurer qu&rsquo;ils<br \/>\nappliquent le processus d&rsquo;approche \u00e9quilibr\u00e9e pour la r\u00e9duction<br \/>\ndu bruit dans leurs a\u00e9roports et qu&rsquo;ils ne mettent pas en \u0153uvre<br \/>\ndes restrictions op\u00e9rationnelles injustifi\u00e9es\u00a0\u00bb, a d\u00e9clar\u00e9 le<br \/>\nminist\u00e8re.\n<\/p>\n<p>\n Le minist\u00e8re des transports a publi\u00e9 deux ordonnances<br \/>\nexigeant que les compagnies a\u00e9riennes mexicaines d\u00e9posent aupr\u00e8s<br \/>\ndu minist\u00e8re des programmes pour toutes leurs op\u00e9rations aux<br \/>\n\u00c9tats-Unis d&rsquo;ici le 29 juillet et exigeant l&rsquo;approbation<br \/>\npr\u00e9alable des \u00c9tats-Unis avant d&rsquo;exploiter tout vol charter de<br \/>\npassagers ou de fret \u00e0 destination ou en provenance des<br \/>\n\u00c9tats-Unis.\n<\/p>\n<p>\n \u00ab\u00a0Le Mexique a consid\u00e9rablement modifi\u00e9 les r\u00e8gles du jeu<br \/>\npour les compagnies a\u00e9riennes de mani\u00e8re \u00e0 r\u00e9duire la<br \/>\nconcurrence et \u00e0 permettre aux concurrents pr\u00e9dominants de<br \/>\nb\u00e9n\u00e9ficier d&rsquo;un avantage d\u00e9loyal sur le march\u00e9<br \/>\nam\u00e9ricano-mexicain\u00a0\u00bb, a d\u00e9clar\u00e9 le minist\u00e8re. \u00ab\u00a0Les mesures prises<br \/>\npar le Mexique nuisent aux compagnies a\u00e9riennes qui cherchent \u00e0<br \/>\nentrer sur le march\u00e9, aux compagnies concurrentes existantes,<br \/>\naux consommateurs de voyages a\u00e9riens et de produits d\u00e9pendant<br \/>\ndes exp\u00e9ditions de fret a\u00e9rien \u00e0 d\u00e9lai de livraison critique<br \/>\n\u00e9chang\u00e9es entre les deux pays, ainsi qu&rsquo;\u00e0 d&rsquo;autres parties<br \/>\nprenantes de l&rsquo;\u00e9conomie am\u00e9ricaine.\u00a0\u00bb\n<\/p>\n<p>\n Si les \u00c9tats-Unis annulent l&rsquo;autorisation de concurrence<br \/>\naccord\u00e9e \u00e0 Delta et \u00e0 Aeromexico, les deux compagnies devront<br \/>\ncesser de coop\u00e9rer en mati\u00e8re de tarification commune, de<br \/>\ngestion des capacit\u00e9s et de partage des recettes, mais Delta<br \/>\npourra conserver sa participation dans Aeromexico, maintenir<br \/>\nsans entrave tous ses vols actuels sur le march\u00e9<br \/>\nam\u00e9ricano-mexicain et poursuivre son partenariat.<\/p>\n","protected":false},"excerpt":{"rendered":"((Traduction automatis\u00e9e par Reuters \u00e0 l&rsquo;aide de l&rsquo;apprentissage automatique et de l&rsquo;IA g\u00e9n\u00e9rative, veuillez vous r\u00e9f\u00e9rer \u00e0 l&rsquo;avertissement&hellip;\n","protected":false},"author":2,"featured_media":9135,"comment_status":"","ping_status":"","sticky":false,"template":"","format":"standard","meta":{"footnotes":""},"categories":[1589],"tags":[400,11,398,408,405,73,1866,403,402,399,404,12,401,406,1864,1865,1863,308,407],"class_list":{"0":"post-259319","1":"post","2":"type-post","3":"status-publish","4":"format-standard","5":"has-post-thumbnail","7":"category-etats-unis","8":"tag-action-cac-40","9":"tag-actualites","10":"tag-bourse-de-paris","11":"tag-boursorama","12":"tag-cotations","13":"tag-etats-unis","14":"tag-etats-unis-damerique","15":"tag-indices-devises","16":"tag-investir","17":"tag-investissement","18":"tag-marche-boursier","19":"tag-news","20":"tag-sicav","21":"tag-trackers","22":"tag-united-states","23":"tag-united-states-of-america","24":"tag-us","25":"tag-usa","26":"tag-warrants"},"share_on_mastodon":{"url":"https:\/\/pubeurope.com\/@fr\/114881180795836914","error":""},"_links":{"self":[{"href":"https:\/\/www.europesays.com\/fr\/wp-json\/wp\/v2\/posts\/259319","targetHints":{"allow":["GET"]}}],"collection":[{"href":"https:\/\/www.europesays.com\/fr\/wp-json\/wp\/v2\/posts"}],"about":[{"href":"https:\/\/www.europesays.com\/fr\/wp-json\/wp\/v2\/types\/post"}],"author":[{"embeddable":true,"href":"https:\/\/www.europesays.com\/fr\/wp-json\/wp\/v2\/users\/2"}],"replies":[{"embeddable":true,"href":"https:\/\/www.europesays.com\/fr\/wp-json\/wp\/v2\/comments?post=259319"}],"version-history":[{"count":0,"href":"https:\/\/www.europesays.com\/fr\/wp-json\/wp\/v2\/posts\/259319\/revisions"}],"wp:featuredmedia":[{"embeddable":true,"href":"https:\/\/www.europesays.com\/fr\/wp-json\/wp\/v2\/media\/9135"}],"wp:attachment":[{"href":"https:\/\/www.europesays.com\/fr\/wp-json\/wp\/v2\/media?parent=259319"}],"wp:term":[{"taxonomy":"category","embeddable":true,"href":"https:\/\/www.europesays.com\/fr\/wp-json\/wp\/v2\/categories?post=259319"},{"taxonomy":"post_tag","embeddable":true,"href":"https:\/\/www.europesays.com\/fr\/wp-json\/wp\/v2\/tags?post=259319"}],"curies":[{"name":"wp","href":"https:\/\/api.w.org\/{rel}","templated":true}]}}