{"id":259320,"date":"2025-07-19T17:54:10","date_gmt":"2025-07-19T17:54:10","guid":{"rendered":"https:\/\/www.europesays.com\/fr\/259320\/"},"modified":"2025-07-19T17:54:10","modified_gmt":"2025-07-19T17:54:10","slug":"des-dizaines-de-partisans-du-groupe-interdit-palestine-action-arretes-a-londres-et-dans-tout-le-royaume-uni","status":"publish","type":"post","link":"https:\/\/www.europesays.com\/fr\/259320\/","title":{"rendered":"Des dizaines de partisans du groupe interdit \u201cPalestine Action\u201d arr\u00eat\u00e9s \u00e0 Londres et dans tout le Royaume-Uni"},"content":{"rendered":"<p class=\"authors latino-300b text-grey-600\">\n<p>  Par\u00a0<br \/>\nLe Nouvel Obs avec AFP<\/p>\n<p class=\"latino-300r text-grey-600 pe-10  border-end-lg\">\n<p>    Publi\u00e9 le\u00a019 juillet 2025 \u00e0 17h42\n  <\/p>\n<p>              Lecture\u00a0:\u00a01\u00a0min.<\/p>\n<p>      <img fetchpriority=\"high\" decoding=\"async\" class=\"mx-auto\" src=\"data:image\/svg+xml,%3Csvg%20xmlns%3D%27http%3A%2F%2Fwww.w3.org%2F2000%2Fsvg%27%20fill%3D%22%23e4e4e4%22%20viewBox%3D%270%200%20510%20340%27%20width%3D%22510%22%20height%3D%22340%22%3E%3Cpath%20d%3D%27M0%200h510v340H0z%27%2F%3E%3C%2Fsvg%3E\"  loading=\"eager\" width=\"510\" height=\"340\" data-oncrawl-image-size=\"510x340\" alt=\"Des manifestants arr\u00eat\u00e9s par la police.\"\/>      <\/p>\n<p class=\"latino-100m text-grey-600\">\n            Des manifestants arr\u00eat\u00e9s par la police.\u00a0SEIYA TANASE \/ NURPHOTO VIA AFP        <\/p>\n<p>    Lire\u00a0plus\u00a0tard  <\/p>\n<p><a aria-label=\"Nous suivre sur Google News\" href=\"https:\/\/news.google.com\/publications\/CAAqBwgKMJe4nQkw3dFs?hl=fr&amp;gl=FR&amp;ceid=FR%3Afr\" target=\"_blank\" data-piano=\"Page_Article,Sous_date_publi,Nous_suivre_sur_google_news,1er_clic,action\" class=\"btn btn--small btn--tertiary btn--icon-only\" rel=\"noopener\"><\/p>\n<p>      Google Actualit\u00e9s<br \/>\n  <\/a><\/p>\n<p>  Partager<\/p>\n<p>        Facebook<\/p>\n<p>        Bluesky<\/p>\n<p>        E-mail<\/p>\n<p>        Copier le lien<\/p>\n<p>      Envoyer<\/p>\n<p>      S\u2019abonner    <\/p>\n<p class=\"node__paragraphe antonia-750r text-grey-800 pb-24 pb-md-30\">\nDes dizaines de partisans de Palestine Action ont \u00e9t\u00e9 interpell\u00e9s ce samedi 19 au Royaume-Uni, lors de manifestations de soutien \u00e0 ce groupe propalestinien interdit depuis d\u00e9but juillet et class\u00e9 comme \u00ab\u00a0organisation terroriste\u00a0\u00bb, ont annonc\u00e9 la police et les organisateurs des rassemblements.<\/p>\n<p class=\"node__paragraphe antonia-750r text-grey-800 pb-24 pb-md-30\">\nCinquante-cinq personnes ont \u00e9t\u00e9 arr\u00eat\u00e9es \u00e0 Parliament Square, dans le quartier de Westminster \u00e0 Londres, pour avoir brandi \u00ab\u00a0des pancartes de soutien \u00e0 Palestine Action, qui est un groupe interdit\u00a0\u00bb, a indiqu\u00e9 la police de la capitale britannique sur X.<\/p>\n<p class=\"node__paragraphe antonia-750r text-grey-800 pb-24 pb-md-30\">\nSelon Defend our juries, qui a \u00e9galement organis\u00e9 des rassemblements \u00e0 Edimbourg, Bristol et Manchester, \u00ab\u00a0pr\u00e8s de 100 personnes ont \u00e9t\u00e9 arr\u00eat\u00e9es au Royaume-Uni\u00a0\u00bb samedi, ce qui porte le nombre total d\u2019interpellations \u00e0 \u00ab\u00a0environ 200\u00a0\u00bb depuis que le groupe Palestine Action a \u00e9t\u00e9 interdit.<\/p>\n<p class=\"latino-500b text-grey-600 pb-16\">A lire aussi<\/p>\n<p><a href=\"https:\/\/www.nouvelobs.com\/monde\/20250617.OBS105054\/conflit-iran-israel-l-europe-retombe-dans-le-piege-du-deux-poids-deux-mesures.html\" data-article-key=\"20250617.OBS105054\" class=\"link--box flex-grow-1\" data-piano=\"Page_Article,Lire_aussi,,Lien1,navigation\" target=\"_blank\" rel=\"noopener\"><\/p>\n<p>                <img decoding=\"async\" src=\"data:image\/svg+xml,%3Csvg%20xmlns%3D%27http%3A%2F%2Fwww.w3.org%2F2000%2Fsvg%27%20fill%3D%22%23e4e4e4%22%20viewBox%3D%270%200%20120%2080%27%20width%3D%22120%22%20height%3D%2280%22%3E%3Cpath%20d%3D%27M0%200h120v80H0z%27%2F%3E%3C%2Fsvg%3E\"  width=\"120\" height=\"80\" loading=\"lazy\" alt=\"Le pr\u00e9sident fran\u00e7ais Emmanuel Macron, le Premier ministre britannique Keir Starmer et le chancelier allemand Friedrich Merz, le 16\u00a0mai \u00e0 Tirana 2025\u00a0(Albanie).\"\/><\/p>\n<p class=\"latino-300r latino-lg-600m text-grey-800\">\n                      <strong class=\"latino-300b latino-lg-600m text-grey-500\">Analyse\u00a0<\/strong><br \/>\n                    \u00ab\u00a0Isra\u00ebl fait le sale boulot pour nous en Iran\u00a0\u00bb\u00a0: comment l\u2019Europe retombe dans le pi\u00e8ge du \u00ab\u00a0deux poids, deux mesures\u00a0\u00bb        <\/p>\n<p><\/a><\/p>\n<p>\u00ab\u00a0La libert\u00e9 d\u2019expression est morte\u00a0\u00bb<\/p>\n<p class=\"node__paragraphe antonia-750r text-grey-800 pb-24 pb-md-30\">\nA Londres, des dizaines de manifestants avaient \u00e9crit \u00e0 la main sur des pancartes blanches\u00a0: \u00ab\u00a0Je m\u2019oppose au g\u00e9nocide, je soutiens Palestine Action\u00a0\u00bb.<\/p>\n<p>            <img decoding=\"async\" class=\"w-100\" src=\"data:image\/svg+xml,%3Csvg%20xmlns%3D%27http%3A%2F%2Fwww.w3.org%2F2000%2Fsvg%27%20fill%3D%22%23e4e4e4%22%20viewBox%3D%270%200%20630%20420%27%20width%3D%22630%22%20height%3D%22420%22%3E%3Cpath%20d%3D%27M0%200h630v420H0z%27%2F%3E%3C%2Fsvg%3E\"  alt=\"Des dizaines de manifestants portant des pancartes ''I oppose genocide, I support Palestine Action'' en opposition au gouvernement.\" width=\"630\" height=\"420\" loading=\"lazy\"\/><\/p>\n<p class=\"latino-100m text-grey-600\">\n        Des dizaines de manifestants portant des pancartes \u00a0\u00bbI oppose genocide, I support Palestine Action\u00a0\u00bb en opposition au gouvernement.                  SEIYA TANASE \/ NURPHOTO VIA AFP\n              <\/p>\n<p class=\"node__paragraphe antonia-750r text-grey-800 pb-24 pb-md-30\">\n\u00ab\u00a0La libert\u00e9 d\u2019expression est morte dans ce pays, honte \u00e0 la Met police\u00a0\u00bb, la police de Londres, a proclam\u00e9 un homme lors de son interpellation.<\/p>\n<p class=\"node__paragraphe antonia-750r text-grey-800 pb-24 pb-md-30\">\n\u00ab\u00a0Le gouvernement britannique est complice du g\u00e9nocide isra\u00e9lien contre les Palestiniens. Il tente de r\u00e9duire au silence ceux qui d\u00e9noncent cette complicit\u00e9\u00a0\u00bb, a accus\u00e9 sur X le groupe Defend Our Juries, qui a organis\u00e9 les rassemblements.<\/p>\n<p>            <img decoding=\"async\" class=\"w-100\" src=\"data:image\/svg+xml,%3Csvg%20xmlns%3D%27http%3A%2F%2Fwww.w3.org%2F2000%2Fsvg%27%20fill%3D%22%23e4e4e4%22%20viewBox%3D%270%200%20630%20420%27%20width%3D%22630%22%20height%3D%22420%22%3E%3Cpath%20d%3D%27M0%200h630v420H0z%27%2F%3E%3C%2Fsvg%3E\"  alt=\"Un manifestant arr\u00eat\u00e9 ce samedi.\" width=\"630\" height=\"420\" loading=\"lazy\"\/><\/p>\n<p class=\"latino-100m text-grey-600\">\n        Un manifestant arr\u00eat\u00e9 ce samedi.                  SEIYA TANASE \/ NURPHOTO VIA AFP\n              <\/p>\n<p class=\"node__paragraphe antonia-750r text-grey-800 pb-24 pb-md-30\">\nLe Parlement britannique a approuv\u00e9 d\u00e9but juillet l\u2019interdiction et le classement en tant qu\u2019\u00ab\u00a0organisation terroriste\u00a0\u00bb du mouvement Palestine Action.<\/p>\n<p class=\"latino-500b text-grey-600 pb-16\">A lire aussi<\/p>\n<p><a href=\"https:\/\/www.nouvelobs.com\/culture\/20250630.OBS105477\/au-royaume-uni-une-enquete-ouverte-contre-les-rappeurs-de-bob-vylan-apres-des-propos-anti-israeliens.html\" data-article-key=\"20250630.OBS105477\" class=\"link--box flex-grow-1\" data-piano=\"Page_Article,Lire_aussi,,Lien2,navigation\" target=\"_blank\" rel=\"noopener\"><\/p>\n<p>                <img decoding=\"async\" src=\"data:image\/svg+xml,%3Csvg%20xmlns%3D%27http%3A%2F%2Fwww.w3.org%2F2000%2Fsvg%27%20fill%3D%22%23e4e4e4%22%20viewBox%3D%270%200%20120%2080%27%20width%3D%22120%22%20height%3D%2280%22%3E%3Cpath%20d%3D%27M0%200h120v80H0z%27%2F%3E%3C%2Fsvg%3E\"  width=\"120\" height=\"80\" loading=\"lazy\" alt=\"Bobby Vylan au festival de Glastonbury, le 28\u00a0juin 2025.\"\/><\/p>\n<p class=\"latino-300r latino-lg-600m text-grey-800\">\n                    Au Royaume-Uni, une enqu\u00eate ouverte contre les rappeurs de Bob Vylan apr\u00e8s des propos anti-isra\u00e9liens        <\/p>\n<p><\/a><\/p>\n<p class=\"node__paragraphe antonia-750r text-grey-800 pb-24 pb-md-30\">\nLe gouvernement a annonc\u00e9 l\u2019interdiction du groupe quelques jours apr\u00e8s que des militants se soient introduits sur une base de l\u2019arm\u00e9e de l\u2019air en Angleterre, o\u00f9 ils ont macul\u00e9 de peinture rouge deux avions militaires. Quatre personnes ont \u00e9t\u00e9 inculp\u00e9es et plac\u00e9es en d\u00e9tention provisoire dans cette affaire.<\/p>\n<p class=\"node__paragraphe antonia-750r text-grey-800 pb-24 pb-md-30\">\nSaisie en urgence, la Haute Cour de Londres a refus\u00e9 de suspendre l\u2019interdiction du groupe qui repose sur la loi de 2000 sur le terrorisme.<\/p>\n<p class=\"node__paragraphe antonia-750r text-grey-800 pb-24 pb-md-30\">\nDes experts des Nations unies ont critiqu\u00e9 la d\u00e9cision de Londres, estimant que \u00ab\u00a0de simples dommages mat\u00e9riels, sans mise en danger de la vie d\u2019autrui, ne sont pas suffisamment graves pour \u00eatre qualifi\u00e9s de terrorisme\u00a0\u00bb.<\/p>\n<p class=\"authors latino-600m text-grey-800\">\n<p>  Par\u00a0<br \/>\nLe Nouvel Obs avec AFP<\/p>\n","protected":false},"excerpt":{"rendered":"Par\u00a0 Le Nouvel Obs avec AFP Publi\u00e9 le\u00a019 juillet 2025 \u00e0 17h42 Lecture\u00a0:\u00a01\u00a0min. Des manifestants arr\u00eat\u00e9s par la&hellip;\n","protected":false},"author":2,"featured_media":259321,"comment_status":"","ping_status":"","sticky":false,"template":"","format":"standard","meta":{"footnotes":""},"categories":[1588],"tags":[17,631,11,17683,4656,1777,674,2705,11648,74,12,3518,26656,473,1853,1851,1850,1852],"class_list":{"0":"post-259320","1":"post","2":"type-post","3":"status-publish","4":"format-standard","5":"has-post-thumbnail","7":"category-royaume-uni","8":"tag-17","9":"tag-action","10":"tag-actualites","11":"tag-arretes","12":"tag-dizaines","13":"tag-eu","14":"tag-europe","15":"tag-groupe","16":"tag-interdit","17":"tag-monde","18":"tag-news","19":"tag-palestine","20":"tag-partisans","21":"tag-royaume-uni","22":"tag-royaume-uni-de-grande-bretagne-et-dirlande-du-nord","23":"tag-uk","24":"tag-united-kingdom","25":"tag-united-kingdom-of-great-britain-and-northern-ireland"},"share_on_mastodon":{"url":"https:\/\/pubeurope.com\/@fr\/114881184933753311","error":""},"_links":{"self":[{"href":"https:\/\/www.europesays.com\/fr\/wp-json\/wp\/v2\/posts\/259320","targetHints":{"allow":["GET"]}}],"collection":[{"href":"https:\/\/www.europesays.com\/fr\/wp-json\/wp\/v2\/posts"}],"about":[{"href":"https:\/\/www.europesays.com\/fr\/wp-json\/wp\/v2\/types\/post"}],"author":[{"embeddable":true,"href":"https:\/\/www.europesays.com\/fr\/wp-json\/wp\/v2\/users\/2"}],"replies":[{"embeddable":true,"href":"https:\/\/www.europesays.com\/fr\/wp-json\/wp\/v2\/comments?post=259320"}],"version-history":[{"count":0,"href":"https:\/\/www.europesays.com\/fr\/wp-json\/wp\/v2\/posts\/259320\/revisions"}],"wp:featuredmedia":[{"embeddable":true,"href":"https:\/\/www.europesays.com\/fr\/wp-json\/wp\/v2\/media\/259321"}],"wp:attachment":[{"href":"https:\/\/www.europesays.com\/fr\/wp-json\/wp\/v2\/media?parent=259320"}],"wp:term":[{"taxonomy":"category","embeddable":true,"href":"https:\/\/www.europesays.com\/fr\/wp-json\/wp\/v2\/categories?post=259320"},{"taxonomy":"post_tag","embeddable":true,"href":"https:\/\/www.europesays.com\/fr\/wp-json\/wp\/v2\/tags?post=259320"}],"curies":[{"name":"wp","href":"https:\/\/api.w.org\/{rel}","templated":true}]}}