{"id":259322,"date":"2025-07-19T17:55:11","date_gmt":"2025-07-19T17:55:11","guid":{"rendered":"https:\/\/www.europesays.com\/fr\/259322\/"},"modified":"2025-07-19T17:55:11","modified_gmt":"2025-07-19T17:55:11","slug":"ou-et-quand-suivre-le-quart-de-finale-france-allemagne","status":"publish","type":"post","link":"https:\/\/www.europesays.com\/fr\/259322\/","title":{"rendered":"o\u00f9 et quand suivre le quart de finale France-Allemagne ?"},"content":{"rendered":"<p><a href=\"https:\/\/www.diverto.tv\/actualites\/tele\/euro-2025-ou-et-quand-suivre-le-quart-de-finale-espagne-suisse\" rel=\"nofollow noopener\" target=\"_blank\">Trois ans apr\u00e8s leur duel lors des demi-finales de l\u2019Euro,<\/a> la France et l\u2019Allemagne se retrouvent de nouveau sur la pelouse pour les quarts de finale de l\u2019Euro 2025 \u00e0 B\u00e2le, en Suisse. Une bonne fa\u00e7on pour les Tricolores d\u2019obtenir leur revanche. Et pour cause, elles avaient \u00e9t\u00e9 battues 2-1 contre la m\u00eame \u00e9quipe lors de la demi-finale. <a href=\"https:\/\/www.diverto.tv\/actualites\/tele\/euro-2025-ou-et-quand-suivre-le-quart-de-finale-suede-angleterre\" rel=\"nofollow noopener\" target=\"_blank\">Mais l\u2019heure est venue pour elles de tenter d\u2019inverser les r\u00f4les. <\/a>D\u2019ailleurs, ce coup dur reste dans les m\u00e9moires des joueuses qui se veulent optimistes malgr\u00e9 tout, comme l\u2019a indiqu\u00e9 Selma Bacha \u00e0 TF1 : \u00ab\u00a0le dernier match contre l&rsquo;Allemagne a \u00e9t\u00e9 de haute intensit\u00e9, un match de haut niveau tout simplement. On sait \u00e0 quoi s&rsquo;attendre, c&rsquo;est une tr\u00e8s belle nation. Mais on est confiantes et \u00e7a va \u00eatre un beau match de football\u00a0\u00bb<\/p>\n<p>Cependant,<a href=\"https:\/\/www.diverto.tv\/actualites\/tele\/euro-2025-sur-quelle-chaine-et-a-quelle-heure-suivre-france-pays-de-galles\" rel=\"nofollow noopener\" target=\"_blank\"> rien n\u2019est jou\u00e9 pour les Bleues<\/a> et Laurent Bonadei en a bien conscience. Celui-ci avait confi\u00e9 apr\u00e8s la victoire face aux N\u00e9erlandaises : \u00ab\u00a0Pour \u00eatre favori, il faut avoir gagn\u00e9 un troph\u00e9e. On va jouer l&rsquo;Allemagne qui a gagn\u00e9 huit fois l&rsquo;Euro. L&rsquo;Allemagne sera donc favorite. Mais on est des challengers coriaces, on va donner du fil \u00e0 retordre \u00e0 tous nos adversaires. L&rsquo;Allemagne est mieux class\u00e9e que nous au classement FIFA\u00a0\u00bb. Avant le choc de ce soir, les fran\u00e7aises ont r\u00e9ussi \u00e0 \u00e9vincer toutes les \u00e9quipes pr\u00e9c\u00e9dentes que ce soit l&rsquo;Angleterre o\u00f9 ce fut tr\u00e8s serr\u00e9 avec un score de 2-1 ou encore le Pays de Galles qui a d\u00fb s&rsquo;incliner face aux quatre buts contre un marqu\u00e9s par les tricolores. Mais sans oublier le match contre les Pays-Bas qui s&rsquo;est cl\u00f4tur\u00e9 par un score de 5-2. On peut dire qu&rsquo;elles ont soif de victoires et qu&rsquo;elles sont plus f\u00e9roces que jamais. Mais il leur reste encore un peu d&rsquo;\u00e9nergie \u00e0 contenir pour ce match si symbolique au vu de la d\u00e9ception survenue quelques ann\u00e9es auparavant durant la m\u00eame comp\u00e9tition.<\/p>\n<p><strong>Comment suivre le match France-Allemagne ?<\/strong><\/p>\n<p>Forc\u00e9ment, cette rencontre suscite l\u2019int\u00e9r\u00eat de nombreuses personnes. Pour son quatri\u00e8me match de l\u2019\u00e9dition 2025 de la comp\u00e9tition, la France se frottera \u00e0 l\u2019Allemagne \u00e0 partir de 21 heures pour les quarts de finale tr\u00e8s d\u00e9terminants. Afin de savoir si elles vont obtenir leur ticket pour les demi-finales, il faudra tout simplement se brancher sur TF1 o\u00f9 le choc sera transmis en direct et en clair. Serait-ce la fin de la mal\u00e9diction pour les Bleues ? Affaire \u00e0 suivre d\u00e8s ce soir !<\/p>\n","protected":false},"excerpt":{"rendered":"Trois ans apr\u00e8s leur duel lors des demi-finales de l\u2019Euro, la France et l\u2019Allemagne se retrouvent de nouveau&hellip;\n","protected":false},"author":2,"featured_media":259323,"comment_status":"","ping_status":"","sticky":false,"template":"","format":"standard","meta":{"footnotes":""},"categories":[1587],"tags":[11,672,1804,1805,1803,1777,674,1801,12,1802],"class_list":{"0":"post-259322","1":"post","2":"type-post","3":"status-publish","4":"format-standard","5":"has-post-thumbnail","7":"category-allemagne","8":"tag-actualites","9":"tag-allemagne","10":"tag-bundesrepublik-deutschland","11":"tag-de","12":"tag-deutschland","13":"tag-eu","14":"tag-europe","15":"tag-germany","16":"tag-news","17":"tag-republique-federale-dallemagne"},"share_on_mastodon":{"url":"https:\/\/pubeurope.com\/@fr\/114881188611869023","error":""},"_links":{"self":[{"href":"https:\/\/www.europesays.com\/fr\/wp-json\/wp\/v2\/posts\/259322","targetHints":{"allow":["GET"]}}],"collection":[{"href":"https:\/\/www.europesays.com\/fr\/wp-json\/wp\/v2\/posts"}],"about":[{"href":"https:\/\/www.europesays.com\/fr\/wp-json\/wp\/v2\/types\/post"}],"author":[{"embeddable":true,"href":"https:\/\/www.europesays.com\/fr\/wp-json\/wp\/v2\/users\/2"}],"replies":[{"embeddable":true,"href":"https:\/\/www.europesays.com\/fr\/wp-json\/wp\/v2\/comments?post=259322"}],"version-history":[{"count":0,"href":"https:\/\/www.europesays.com\/fr\/wp-json\/wp\/v2\/posts\/259322\/revisions"}],"wp:featuredmedia":[{"embeddable":true,"href":"https:\/\/www.europesays.com\/fr\/wp-json\/wp\/v2\/media\/259323"}],"wp:attachment":[{"href":"https:\/\/www.europesays.com\/fr\/wp-json\/wp\/v2\/media?parent=259322"}],"wp:term":[{"taxonomy":"category","embeddable":true,"href":"https:\/\/www.europesays.com\/fr\/wp-json\/wp\/v2\/categories?post=259322"},{"taxonomy":"post_tag","embeddable":true,"href":"https:\/\/www.europesays.com\/fr\/wp-json\/wp\/v2\/tags?post=259322"}],"curies":[{"name":"wp","href":"https:\/\/api.w.org\/{rel}","templated":true}]}}