{"id":259324,"date":"2025-07-19T17:56:09","date_gmt":"2025-07-19T17:56:09","guid":{"rendered":"https:\/\/www.europesays.com\/fr\/259324\/"},"modified":"2025-07-19T17:56:09","modified_gmt":"2025-07-19T17:56:09","slug":"listreen-mickael-bonetto-sacre-sur-le-tir-de-precision","status":"publish","type":"post","link":"https:\/\/www.europesays.com\/fr\/259324\/","title":{"rendered":"l&rsquo;Istr\u00e9en Micka\u00ebl Bonetto sacr\u00e9 sur le tir de pr\u00e9cision"},"content":{"rendered":"<p class=\"rev-margin-0 rev-text-xs-normal\">Micka\u00ebl Bonetto confirme son excellente forme cette saison avec ce titre de champion d&rsquo;Europe de tir de pr\u00e9cision.<\/p>\n<p class=\"rev-margin-0 rev-text-xs-bold\">\/ Photo Archives J\u00e9r\u00f4me REY<\/p>\n<p>Du sang-froid et une pr\u00e9cision chirurgicale. <a href=\"https:\/\/www.laprovence.com\/article\/sports\/53269525706787\/petanque-l-allaudienne-prend-une-dimension-caritative-pour-sa-cinquieme-edition\" target=\"_blank\" rel=\"noopener\">Micka\u00ebl Bonetto<\/a>, de retour en \u00e9quipe de France apr\u00e8s des championnats du monde rat\u00e9s au B\u00e9nin, savait qu\u2019il jouait gros \u00e0 Santa Susanna (Espagne) pour le championnat d\u2019Europe triplettes.<\/p>\n<p>Invaincu sur l\u2019\u00e9preuve en triplettes o\u00f9 les Bleus disputeront face \u00e0 la Turquie les 8es de finale ce samedi soir, l\u2019Istr\u00e9en a consacr\u00e9 une bonne partie de sa journ\u00e9e \u00e0 l\u2019\u00e9preuve de tir de pr\u00e9cision.<\/p>\n<p><a href=\"https:\/\/www.laprovence.com\/article\/sports\/143650755569515\/petanque-championnats-deurope-triplettes-mickael-bonetto-termine-premier-du-tour-de-qualification-du-tir-de-precision\" target=\"_blank\" rel=\"noopener\">En t\u00eate \u00e0 l\u2019issue de la phase de qualification<\/a> avec un score de 55 points, le tireur proven\u00e7al disputait ce samedi les phases finales se d\u00e9roulant en oppositions directes.<\/p>\n<p>Et le moins que l\u2019on puisse dire, c\u2019est que l\u2019Istr\u00e9en a d\u00fb s\u2019employer face \u00e0 une solide concurrence. Tombeur dans la matin\u00e9e du vice-champion du monde de la sp\u00e9cialit\u00e9, le Hongrois,<a href=\"https:\/\/www.laprovence.com\/article\/sports\/15895739531863\/petanque-championnat-deurope-mickael-bonetto-en-demi-finale-du-tir-de-precision\" target=\"_blank\" rel=\"noopener\"> Laszlo Nagy<\/a>, Micka\u00ebl Bonetto a ensuite d\u00fb passer par la mort subite pour prendre le meilleur<a href=\"https:\/\/www.laprovence.com\/article\/sports\/1305530724692415\/petanque-championnat-deurope-mickael-bonetto-ecarte-diego-rizzi-et-file-en-finale-du-tir-de-precision\" target=\"_blank\" rel=\"noopener\"> sur Diego Rizzi en demi-finale<\/a>.<\/p>\n<p>Une confrontation \u00e0 l\u2019accent proven\u00e7al en finale<\/p>\n<p>Pour l\u2019ultime confrontation, c\u2019est <a href=\"https:\/\/www.laprovence.com\/article\/sports\/5964158462094114\/cognard-hatchadourian-et-garibian-remportent-lallaudienne-a-petanque\" target=\"_blank\" rel=\"noopener\">Michel Hatchadourian<\/a>, l\u2019un des meilleurs tireurs du circuit et licenci\u00e9 \u00e0 la<a href=\"https:\/\/www.laprovence.com\/article\/sports\/166702687660714\/petanque-frederic-cantarell-entretient-la-flamme-familiale-sur-les-jeux-de-la-boule-aixoise\" target=\"_blank\" rel=\"noopener\"> Boule Aixoise<\/a>, qui se dressait sur son chemin. Une derni\u00e8re \u00e9tape qui s\u2019est finalement encore mieux d\u00e9roul\u00e9e que les pr\u00e9c\u00e9dentes, Micka\u00ebl Bonetto s\u2019imposant sur le score de 39 \u00e0 24.<\/p>\n<p>Apr\u00e8s un premier atelier qui lui a permis de virer en t\u00eate (14-12), le Proven\u00e7al a creus\u00e9 l\u2019\u00e9cart dans le deuxi\u00e8me (25-15). Un avantage que Micka\u00ebl Bonetto a r\u00e9ussi \u00e0 conserver jusqu\u2019au dernier atelier o\u00f9 deux bouchons sortis du cercle lui ont permis de s\u2019adjuger un avantage d\u00e9finitif.<\/p>\n<p>L\u2019\u00e9quipe de France, qui restait sur un championnat du monde rat\u00e9 \u00e0 Dijon, d\u00e9croche une premi\u00e8re m\u00e9daille d\u2019or et elle la doit \u00e0 l\u2019Istr\u00e9en qui a sans doute marqu\u00e9 des points pour s\u2019installer durablement en bleu.<\/p>\n","protected":false},"excerpt":{"rendered":"Micka\u00ebl Bonetto confirme son excellente forme cette saison avec ce titre de champion d&rsquo;Europe de tir de pr\u00e9cision.&hellip;\n","protected":false},"author":2,"featured_media":259325,"comment_status":"","ping_status":"","sticky":false,"template":"","format":"standard","meta":{"footnotes":""},"categories":[1586],"tags":[17,11,39898,3233,12082,1777,674,1011,27,39950,39897,12,6426,25,6938,60],"class_list":{"0":"post-259324","1":"post","2":"type-post","3":"status-publish","4":"format-standard","5":"has-post-thumbnail","7":"category-europe","8":"tag-17","9":"tag-actualites","10":"tag-bonetto","11":"tag-championnat","12":"tag-deurope","13":"tag-eu","14":"tag-europe","15":"tag-fr","16":"tag-france","17":"tag-listreen","18":"tag-mickael","19":"tag-news","20":"tag-petanque","21":"tag-republique-francaise","22":"tag-sacre","23":"tag-sports"},"share_on_mastodon":{"url":"https:\/\/pubeurope.com\/@fr\/114881192688386710","error":""},"_links":{"self":[{"href":"https:\/\/www.europesays.com\/fr\/wp-json\/wp\/v2\/posts\/259324","targetHints":{"allow":["GET"]}}],"collection":[{"href":"https:\/\/www.europesays.com\/fr\/wp-json\/wp\/v2\/posts"}],"about":[{"href":"https:\/\/www.europesays.com\/fr\/wp-json\/wp\/v2\/types\/post"}],"author":[{"embeddable":true,"href":"https:\/\/www.europesays.com\/fr\/wp-json\/wp\/v2\/users\/2"}],"replies":[{"embeddable":true,"href":"https:\/\/www.europesays.com\/fr\/wp-json\/wp\/v2\/comments?post=259324"}],"version-history":[{"count":0,"href":"https:\/\/www.europesays.com\/fr\/wp-json\/wp\/v2\/posts\/259324\/revisions"}],"wp:featuredmedia":[{"embeddable":true,"href":"https:\/\/www.europesays.com\/fr\/wp-json\/wp\/v2\/media\/259325"}],"wp:attachment":[{"href":"https:\/\/www.europesays.com\/fr\/wp-json\/wp\/v2\/media?parent=259324"}],"wp:term":[{"taxonomy":"category","embeddable":true,"href":"https:\/\/www.europesays.com\/fr\/wp-json\/wp\/v2\/categories?post=259324"},{"taxonomy":"post_tag","embeddable":true,"href":"https:\/\/www.europesays.com\/fr\/wp-json\/wp\/v2\/tags?post=259324"}],"curies":[{"name":"wp","href":"https:\/\/api.w.org\/{rel}","templated":true}]}}