{"id":259326,"date":"2025-07-19T17:57:26","date_gmt":"2025-07-19T17:57:26","guid":{"rendered":"https:\/\/www.europesays.com\/fr\/259326\/"},"modified":"2025-07-19T17:57:26","modified_gmt":"2025-07-19T17:57:26","slug":"des-aventurettes-de-pacotille-pourquoi-raphael-quenard-na-jamais-eu-de-copine-avant-24-ans","status":"publish","type":"post","link":"https:\/\/www.europesays.com\/fr\/259326\/","title":{"rendered":"Des aventurettes de pacotille\u00a0\u00bb : pourquoi Rapha\u00ebl Quenard n&rsquo;a \u00ab\u00a0jamais eu de copine avant 24 ans"},"content":{"rendered":"<p>Grand favori des cin\u00e9philes, Rapha\u00ebl Quenard est \u00e0 l&rsquo;affiche de nombreux films depuis son apparition dans Chien de la casse, sorti en 2023. S&rsquo;il a multipli\u00e9 ses passages sur les plateaux de t\u00e9l\u00e9vision, il se confie rarement sur sa vie priv\u00e9e. Mais il s&rsquo;est \u00e9panch\u00e9 aupr\u00e8s de Guillaume Pley dans Legend. <\/p>\n<p>Si Rapha\u00ebl Quenard multiplie les apparitions m\u00e9diatiques, il n&rsquo;a jamais \u00e9voqu\u00e9 sa vie sentimentale. Reconnu par le grand public \u00e0 partir de son r\u00f4le dans le long m\u00e9trage Chien de la casse de Jean-Baptiste Durand, sorti dans les salles obscures en 2023, ce n&rsquo;\u00e9tait pourtant pas le premier film du com\u00e9dien \u00e2g\u00e9 de 34 ans.<\/p>\n<p>Aper\u00e7u dans Novembre en 2022 aux c\u00f4t\u00e9s de <a href=\"https:\/\/www.voici.fr\/bios-people\/jean-dujardin\" data-link-people=\"f3c4d837-02ee-4885-8246-1179afc04f40\" rel=\"nofollow noopener\" target=\"_blank\">Jean Dujardin<\/a>, <a href=\"https:\/\/www.voici.fr\/bios-people\/lyna-khoudri\" data-link-people=\"9a4b40e2-3bcc-403c-9bf3-14bb2d6aa93d\" rel=\"nofollow noopener\" target=\"_blank\">Lyna Khoudri<\/a> ou encore <a href=\"https:\/\/www.voici.fr\/bios-people\/anais-demoustier\" data-link-people=\"7196ab9b-9e0f-4711-b6ed-bffa3495bc18\" rel=\"nofollow noopener\" target=\"_blank\">Ana\u00efs Demoustier<\/a>, il fait notamment une apparition dans L&rsquo;Amour ouf, qui met en sc\u00e8ne une idylle dans les ann\u00e9es 1970 <a href=\"https:\/\/www.voici.fr\/tele\/l-amour-ouf-francois-civil-partage-le-rituel-etonnant-de-gilles-lellouche-pendant-le-tournage-du-film-zaptv-792055\" rel=\"nofollow noopener\" target=\"_blank\">incarn\u00e9e par Fran\u00e7ois Civil et Ad\u00e8le Exarchopoulos<\/a>. Au fur et \u00e0 mesure de ses r\u00f4les, <a href=\"https:\/\/www.voici.fr\/news-people\/raphael-quenard-dou-lui-vient-son-accent-si-particulier-766320\" rel=\"nofollow noopener\" target=\"_blank\">l&rsquo;acteur au timbre enrhum\u00e9<\/a> a multipli\u00e9 ses passages sur les plateaux de t\u00e9l\u00e9vision, <strong>en prenant soin d&rsquo;\u00e9viter d&rsquo;\u00e9voquer sa vie sentimentale<\/strong>. Mais mercredi 16 juillet dernier, dans <a href=\"https:\/\/www.youtube.com\/watch?v=EPC_4FVUdnc\" rel=\"nofollow noopener\" target=\"_blank\">Legend<\/a>, l&rsquo;interpr\u00e8te de Yannick dans le film \u00e9ponyme de Quentin Dupieux a r\u00e9pondu \u00e0 des questions sur ses relations pass\u00e9es.<\/p>\n<p>                                                                        Draguer une inconnue ? \u00ab\u00a0Un myst\u00e8re\u00a0\u00bb pour Rapha\u00ebl Quenard<\/p>\n<p>Rapha\u00ebl Quenard a accept\u00e9 de faire une exception face \u00e0 Guillaume Pley, dont l&rsquo;\u00e9mission est diffus\u00e9e sur YouTube. Actuellement en promotion de son docu-fiction I love Peru <a href=\"https:\/\/www.voici.fr\/news-people\/une-atmosphere-pesante-et-nauseabonde-raphael-quenard-revient-sur-l-ambiance-tendue-dans-les-coulisses-du-festival-de-cannes-782977\" rel=\"nofollow noopener\" target=\"_blank\">pr\u00e9sent\u00e9 au Festival de Cannes 2025<\/a> dans la section Cannes Classics, le com\u00e9dien de 34 ans a accept\u00e9 de se pr\u00eater au jeu de son h\u00f4te. Et il a surpris les internautes, mais aussi son interlocuteur, <strong>en avouant n&rsquo;avoir <\/strong><strong>\u00ab\u00a0jamais eu de copine avant 24 ans\u00a0\u00bb<\/strong>. \u00ab\u00a0Je n\u2019ai jamais eu de petite amie. Avant, j\u2019ai eu des aventurettes de pacotille mais qui n\u2019en \u00e9taient pas moins savoureuses\u00a0\u00bb, s&rsquo;est-il justifi\u00e9 avec humour quant \u00e0 ses premi\u00e8res exp\u00e9riences amoureuses tardives.<\/p>\n<p>Celui qui a \u00e9t\u00e9 <a href=\"https:\/\/www.voici.fr\/tele\/raphael-quenard-choisi-par-laeticia-hallyday-pour-jouer-johnny-au-cinema-le-comedien-s-apprete-a-suivre-un-tas-de-cours-zaptv-805942\" rel=\"nofollow noopener\" target=\"_blank\">choisi par Laeticia Hallyday pour incarner Johnny Hallyday<\/a> dans un prochain biopic a continu\u00e9 ses confidences en r\u00e9v\u00e9lant avoir \u00ab\u00a0<strong>rencontr\u00e9 ce sentiment b\u00e9ni \u00e0 un \u00e2ge tardif et [l&rsquo;avoir] connu deux fois dans [sa] vie\u00a0\u00bb<\/strong>, assurant \u00eatre quelqu&rsquo;un de timide dans la vie de tous les jours. Entre les lignes, il faut comprendre qu&rsquo;il n&rsquo;est pas du genre \u00e0 facilement aller draguer les personnes susceptibles de lui plaire. \u00ab\u00a0Aller aborder comme \u00e7a \u00e0 br\u00fble-pourpoint comme le font les cavaliers que je vois \u00e0 m\u00eame la rue, <strong>aller interpeller quelqu&rsquo;un et tout, pour moi, c&rsquo;est un myst\u00e8re<\/strong>\u00ab\u00a0, a d\u00e9clar\u00e9 l&rsquo;acteur qui a re\u00e7u <a href=\"https:\/\/www.voici.fr\/news-people\/cesar-2024-cet-exploit-realise-par-raphael-quenard-avec-ses-nominations-776241\" rel=\"nofollow noopener\" target=\"_blank\">le C\u00e9sar du meilleur espoir masculin en 2024<\/a> avec Chien de la casse. Depuis ce jour, sa notori\u00e9t\u00e9 a chang\u00e9 son quotidien, comme il l&rsquo;a avou\u00e9 \u00e0 Guillaume Pley : \u00ab\u00a0C&rsquo;est la puissance de l&rsquo;image. C&rsquo;est un truc de fou\u00a0\u00bb, s&rsquo;est-il \u00e9tonn\u00e9. Malgr\u00e9 son d\u00e9bit ultra-rapide et ses d\u00e9clarations presque philosophiques, le com\u00e9dien garde pour lui ses sentiments, en public comme en priv\u00e9.<\/p>\n<blockquote class=\"tiktok-embed\" cite=\"https:\/\/www.tiktok.com\/@legend\/video\/7527604558923582742\" data-video-id=\"7527604558923582742\" data-embed-from=\"oembed\" style=\"max-width:605px; min-width:325px;\"><p>  <a target=\"_blank\" title=\"@legend\" href=\"https:\/\/www.tiktok.com\/@legend?refer=embed\" rel=\"nofollow noopener\">@legend<\/a> <\/p>\n<p>L&rsquo;amour, les femmes et la notori\u00e9t\u00e9 Rapha\u00ebl Quenard nous dit tout ! \u2b06\ufe0f L&rsquo;interview compl\u00e8te est dispo sur YouTube et toutes les plateformes de podcast \ud83d\udd25 <a title=\"legend\" target=\"_blank\" href=\"https:\/\/www.tiktok.com\/tag\/legend?refer=embed\" rel=\"nofollow noopener\">#legend<\/a> <a title=\"legendmedia\" target=\"_blank\" href=\"https:\/\/www.tiktok.com\/tag\/legendmedia?refer=embed\" rel=\"nofollow noopener\">#legendmedia<\/a> <a title=\"guillaumepley\" target=\"_blank\" href=\"https:\/\/www.tiktok.com\/tag\/guillaumepley?refer=embed\" rel=\"nofollow noopener\">#guillaumepley<\/a><\/p>\n<p> <a target=\"_blank\" title=\"\u266c original sound - LEGEND - LEGEND\" href=\"https:\/\/www.tiktok.com\/music\/original-sound-LEGEND-7527604561368976150?refer=embed\" rel=\"nofollow noopener\">\u266c original sound &#8211; LEGEND &#8211; LEGEND<\/a>  <\/p><\/blockquote>\n<p>                                                                                                        <script async src=\"\/\/www.tiktok.com\/embed.js\"><\/script><\/p>\n","protected":false},"excerpt":{"rendered":"Grand favori des cin\u00e9philes, Rapha\u00ebl Quenard est \u00e0 l&rsquo;affiche de nombreux films depuis son apparition dans Chien de&hellip;\n","protected":false},"author":2,"featured_media":259327,"comment_status":"","ping_status":"","sticky":false,"template":"","format":"standard","meta":{"footnotes":""},"categories":[1586],"tags":[253,11,1376,9260,1193,1777,674,1779,2081,1011,27,6300,12,28268,25,1778,364],"class_list":{"0":"post-259326","1":"post","2":"type-post","3":"status-publish","4":"format-standard","5":"has-post-thumbnail","7":"category-europe","8":"tag-acteur","9":"tag-actualites","10":"tag-amour","11":"tag-confidences","12":"tag-couple","13":"tag-eu","14":"tag-europe","15":"tag-european-union","16":"tag-film","17":"tag-fr","18":"tag-france","19":"tag-guillaume-pley","20":"tag-news","21":"tag-raphau00ebl-quenard","22":"tag-republique-francaise","23":"tag-ue","24":"tag-union-europeenne"},"share_on_mastodon":{"url":"https:\/\/pubeurope.com\/@fr\/114881196396545727","error":""},"_links":{"self":[{"href":"https:\/\/www.europesays.com\/fr\/wp-json\/wp\/v2\/posts\/259326","targetHints":{"allow":["GET"]}}],"collection":[{"href":"https:\/\/www.europesays.com\/fr\/wp-json\/wp\/v2\/posts"}],"about":[{"href":"https:\/\/www.europesays.com\/fr\/wp-json\/wp\/v2\/types\/post"}],"author":[{"embeddable":true,"href":"https:\/\/www.europesays.com\/fr\/wp-json\/wp\/v2\/users\/2"}],"replies":[{"embeddable":true,"href":"https:\/\/www.europesays.com\/fr\/wp-json\/wp\/v2\/comments?post=259326"}],"version-history":[{"count":0,"href":"https:\/\/www.europesays.com\/fr\/wp-json\/wp\/v2\/posts\/259326\/revisions"}],"wp:featuredmedia":[{"embeddable":true,"href":"https:\/\/www.europesays.com\/fr\/wp-json\/wp\/v2\/media\/259327"}],"wp:attachment":[{"href":"https:\/\/www.europesays.com\/fr\/wp-json\/wp\/v2\/media?parent=259326"}],"wp:term":[{"taxonomy":"category","embeddable":true,"href":"https:\/\/www.europesays.com\/fr\/wp-json\/wp\/v2\/categories?post=259326"},{"taxonomy":"post_tag","embeddable":true,"href":"https:\/\/www.europesays.com\/fr\/wp-json\/wp\/v2\/tags?post=259326"}],"curies":[{"name":"wp","href":"https:\/\/api.w.org\/{rel}","templated":true}]}}