{"id":259351,"date":"2025-07-19T18:11:19","date_gmt":"2025-07-19T18:11:19","guid":{"rendered":"https:\/\/www.europesays.com\/fr\/259351\/"},"modified":"2025-07-19T18:11:19","modified_gmt":"2025-07-19T18:11:19","slug":"orsay-restitue-20-000-documents-au-musee-hebert","status":"publish","type":"post","link":"https:\/\/www.europesays.com\/fr\/259351\/","title":{"rendered":"Orsay restitue 20 000 documents au Mus\u00e9e H\u00e9bert"},"content":{"rendered":"<p>Depuis la fermeture du <a href=\"https:\/\/www.lejournaldesarts.fr\/lieu\/musee-hebert-paris-2249\" title=\"Lire la notice sur le Mus\u00e9e H\u00e9bert (Paris)\" rel=\"nofollow noopener\" target=\"_blank\">Mus\u00e9e H\u00e9bert<\/a> parisien en 2004, la <a href=\"https:\/\/fondationdefrance.org\/fr\/\" target=\"_blank\" title=\"Ouvre le site fondationdefrance.org\" rel=\"nofollow noopener\">Fondation de France<\/a> (gestionnaire du site) et la <a href=\"https:\/\/grandpalaisrmn.fr\/\" target=\"_blank\" title=\"Ouvre le site grandpalaisrmn.fr\" rel=\"nofollow noopener\">R\u00e9union des mus\u00e9es nationaux<\/a> (propri\u00e9taire du b\u00e2timent) avaient confi\u00e9 au <a href=\"https:\/\/www.lejournaldesarts.fr\/lieu\/musee-dorsay-2097\" title=\"Lire la notice sur le Mus\u00e9e d&#039;Orsay\" rel=\"nofollow noopener\" target=\"_blank\">Mus\u00e9e d\u2019Orsay<\/a> les collections du mus\u00e9e. La finalisation des accords juridiques s\u2019agissant de la r\u00e9vision du legs permettra le transfert de 20\u00a0000 documents relatifs \u00e0 <a href=\"https:\/\/www.lejournaldesarts.fr\/patrimoine\/hebert-comme-la-maison-83258\" title=\"H\u00e9bert comme \u00e0 la maison\" rel=\"nofollow noopener\" target=\"_blank\">Ernest H\u00e9bert<\/a> du Mus\u00e9e d\u2019Orsay vers le <a href=\"https:\/\/www.lejournaldesarts.fr\/lieu\/musee-hebert-la-tronche-3429\" title=\"Lire la notice sur le Mus\u00e9e H\u00e9bert (La Tronche)\" rel=\"nofollow noopener\" target=\"_blank\">Mus\u00e9e H\u00e9bert<\/a>, situ\u00e9 \u00e0 La Tronche, en Is\u00e8re. \u00c0 l\u2019issue de plusieurs ann\u00e9es de n\u00e9gociations, 239 peintures, 1\u00a0890 \u0153uvres graphiques, 496 objets d\u2019arts d\u00e9coratifs, 2\u00a0400 photographies, 49 sculptures, 10\u00a0000 pi\u00e8ces d\u2019archives et 4\u00a0000 livres rejoindront le seul mus\u00e9e enti\u00e8rement consacr\u00e9 \u00e0 l\u2019artiste.<\/p>\n<p>Les discussions engag\u00e9es depuis 4\u00a0ans entre le d\u00e9partement de l\u2019Is\u00e8re et les diff\u00e9rentes institutions ont abouti en 2023, ann\u00e9e o\u00f9 la Fondation de France, le Mus\u00e9e d\u2019Orsay et le d\u00e9partement ont formalis\u00e9 leur accord. Le transfert n\u00e9cessitait la r\u00e9vision du legs des \u0153uvres, d\u00e9sormais valid\u00e9e. En 2027, la collection sera d\u00e9pos\u00e9e temporairement dans la r\u00e9serve mutualis\u00e9e du d\u00e9partement, \u00e0 Saint-Martin-d\u2019H\u00e8res, qui regroupera les fonds des douze mus\u00e9es d\u00e9partementaux. L\u2019op\u00e9ration devrait s\u2019achever en 2028.<\/p>\n<p>Le mus\u00e9e national Ernest H\u00e9bert \u00e0 Paris avait \u00e9t\u00e9 cr\u00e9\u00e9 en 1978 \u00e0 la suite d\u2019une donation de Ren\u00e9 Patris d\u2019Uckermann, descendant de l\u2019\u00e9pouse du peintre. Ferm\u00e9 en 2004 pour non-conformit\u00e9 aux normes de s\u00e9curit\u00e9, il fut aussi victime d\u2019une gestion morcel\u00e9e entre plusieurs entit\u00e9s, ralentissant les op\u00e9rations de conservation et de transfert.<\/p>\n<p>Le Mus\u00e9e H\u00e9bert de La Tronche, ancienne r\u00e9sidence d\u2019\u00e9t\u00e9 de l\u2019artiste devenue pendant un temps mus\u00e9e priv\u00e9 par son \u00e9pouse en 1934, pr\u00e9voit des travaux d\u2019agrandissement afin de pouvoir accueillir la collection. Un espace de 800\u00a0m\u00b2 suppl\u00e9mentaires doit \u00eatre livr\u00e9 \u00e0 l\u2019horizon 2029-2030. Cette extension r\u00e9pond \u00e9galement \u00e0 une augmentation de la fr\u00e9quentation\u00a0: entre 2023 et 2024, le mus\u00e9e a doubl\u00e9 son nombre de visiteurs, passant de 28\u00a0000 \u00e0 56\u00a0000 visiteurs annuels. Le mus\u00e9e d\u00e9partemental recevra le financement d\u2019une partie du projet gr\u00e2ce \u00e0 la vente de l\u2019ancien b\u00e2timent parisien, estim\u00e9e entre 5 et 8 millions d\u2019euros.<\/p>\n<p>N\u00e9 \u00e0 Grenoble en 1817, Ernest H\u00e9bert est mort \u00e0 La Tronche en 1908. Il est notamment connu pour ses portraits de l\u2019aristocratie sous le Second Empire et ses compositions influenc\u00e9es par l\u2019Italie. Il fut \u00e0 deux reprises directeur de l\u2019Acad\u00e9mie de France \u00e0 Rome. Une exposition consacr\u00e9e \u00e0 son \u00e9pouse, <a href=\"https:\/\/www.lejournaldesarts.fr\/evenement\/2025\/gabrielle-hebert-chronique-dun-amour-fou-la-villa-medicis-175541\" title=\"Lire la notice sur l&#039;exposition \u00ab Gabrielle H\u00e9bert : Chronique d&#039;un amour fou \u00e0 la villa M\u00e9dicis \u00bb\" rel=\"nofollow noopener\" target=\"_blank\">Gabrielle H\u00e9bert<\/a>, photographe et peintre, sera organis\u00e9e en octobre 2025 au Mus\u00e9e d\u2019Orsay, en partenariat avec le Mus\u00e9e H\u00e9bert.<\/p>\n","protected":false},"excerpt":{"rendered":"Depuis la fermeture du Mus\u00e9e H\u00e9bert parisien en 2004, la Fondation de France (gestionnaire du site) et la&hellip;\n","protected":false},"author":2,"featured_media":259352,"comment_status":"","ping_status":"","sticky":false,"template":"","format":"standard","meta":{"footnotes":""},"categories":[1358],"tags":[1348,1384,1385,1386,58,59,1011,27],"class_list":{"0":"post-259351","1":"post","2":"type-post","3":"status-publish","4":"format-standard","5":"has-post-thumbnail","7":"category-arts-et-design","8":"tag-arts","9":"tag-arts-and-design","10":"tag-arts-et-design","11":"tag-design","12":"tag-divertissement","13":"tag-entertainment","14":"tag-fr","15":"tag-france"},"share_on_mastodon":{"url":"https:\/\/pubeurope.com\/@fr\/114881251438939267","error":""},"_links":{"self":[{"href":"https:\/\/www.europesays.com\/fr\/wp-json\/wp\/v2\/posts\/259351","targetHints":{"allow":["GET"]}}],"collection":[{"href":"https:\/\/www.europesays.com\/fr\/wp-json\/wp\/v2\/posts"}],"about":[{"href":"https:\/\/www.europesays.com\/fr\/wp-json\/wp\/v2\/types\/post"}],"author":[{"embeddable":true,"href":"https:\/\/www.europesays.com\/fr\/wp-json\/wp\/v2\/users\/2"}],"replies":[{"embeddable":true,"href":"https:\/\/www.europesays.com\/fr\/wp-json\/wp\/v2\/comments?post=259351"}],"version-history":[{"count":0,"href":"https:\/\/www.europesays.com\/fr\/wp-json\/wp\/v2\/posts\/259351\/revisions"}],"wp:featuredmedia":[{"embeddable":true,"href":"https:\/\/www.europesays.com\/fr\/wp-json\/wp\/v2\/media\/259352"}],"wp:attachment":[{"href":"https:\/\/www.europesays.com\/fr\/wp-json\/wp\/v2\/media?parent=259351"}],"wp:term":[{"taxonomy":"category","embeddable":true,"href":"https:\/\/www.europesays.com\/fr\/wp-json\/wp\/v2\/categories?post=259351"},{"taxonomy":"post_tag","embeddable":true,"href":"https:\/\/www.europesays.com\/fr\/wp-json\/wp\/v2\/tags?post=259351"}],"curies":[{"name":"wp","href":"https:\/\/api.w.org\/{rel}","templated":true}]}}