{"id":259392,"date":"2025-07-19T18:36:16","date_gmt":"2025-07-19T18:36:16","guid":{"rendered":"https:\/\/www.europesays.com\/fr\/259392\/"},"modified":"2025-07-19T18:36:16","modified_gmt":"2025-07-19T18:36:16","slug":"amicaux-troyes-etrille-grenoble-le-red-star-balaye-par-metz","status":"publish","type":"post","link":"https:\/\/www.europesays.com\/fr\/259392\/","title":{"rendered":"Amicaux : Troyes \u00e9trille Grenoble, Le Red Star balay\u00e9 par Metz&#8230;"},"content":{"rendered":"<p style=\"text-align: justify;\">Grenoble n\u2019a pas fait forte impression contre un futur rival de Ligue 2. La formation is\u00e9roise s\u2019est inclin\u00e9e lourdement contre Troyes (0-5) ce samedi avec un tripl\u00e9 pour Jaur\u00e8s Assoumou c\u00f4t\u00e9 champenois. Pendant ce temps, le Red Star subissait la loi du FC Metz (L1) : 0-4.<\/p>\n<p style=\"text-align: justify;\">L\u2019autre duel de Ligue 2 entre Amiens et Boulogne-sur-Mer (si le rep\u00eachage des seconds est confirm\u00e9) a d\u00e9bouch\u00e9 sur un match nul (2-2. Enfin, le SC Bastia a fait respecter son rang contre Aubagne (National) : victoire 3-1 avec un doubl\u00e9 de F\u00e9lix Tomi.<\/p>\n<p style=\"text-align: justify;\">\u00c0 lire aussi &gt;&gt;\u00a0<a href=\"https:\/\/maligue2.fr\/2025\/07\/19\/estac-stephane-dumont-je-ne-veux-surtout-pas-que-mon-equipe-ressemble-a-une-equipe-scolaire\/\" rel=\"nofollow noopener\" target=\"_blank\">ESTAC \u2013 St\u00e9phane Dumont : \u00ab Je ne veux surtout pas que mon \u00e9quipe ressemble \u00e0 une \u00e9quipe scolaire \u00bb<\/a><\/p>\n<p>Grenoble 0-5 ESTAC Troyes<\/p>\n<p style=\"text-align: justify;\">Buteurs : Assoumou (x3), Detourbet (sp), Chavalerin pour l\u2019ESTAC<\/p>\n<p style=\"text-align: justify;\"><strong>GF38<\/strong> : Pattier \u2013 Delos, Yameogo, Sarikaya, Mambo, Mion, Valls, Bangr\u00e9, Mouazan, Kerouedan, Elphege<br \/><strong>ESTAC<\/strong> : Lema\u00eetre \u2013 Maronnier, Monfray, Gozzi, Ouzenadji, Phliponeau, Diop, Adeline, Assoumou, El Idrissy, Detourbet<\/p>\n<p>Metz (L1) 4-0 Red Star<\/p>\n<p style=\"text-align: justify;\">Buteurs : Sabaly (27e), Tsitaishvili (38e), Bokele Mputu (78e), San\u00e9 (84e) pour le FCM<\/p>\n<p style=\"text-align: justify;\"><strong>FCM<\/strong> : Sy \u2013 Deminguet, Gueye, Hein, Kouao, Mboula, Sabaly, San\u00e9, Stambouli, Tour\u00e9, Tsitaishvili<strong><br \/>RSFC<\/strong> : Beunardeau \u2013 Ciss\u00e9, Durand, Durivaux, Eickmayer, Hachem, Ikanga, Kany, Lemonnier, Renel, Trani<\/p>\n<p>Bastia \u2013 Aubagne (N1)<\/p>\n<p style=\"text-align: justify;\">Buteurs : Tomi (2e, 31e), Parravicini (34e) pour le SCB<\/p>\n<p style=\"text-align: justify;\">SCB : Olmeta \u2013 Bohnert \u2013 Djedje \u2013 Roncaglia \u2013 Ariss \u2013 Etoga \u2013 Ducrocq \u2013 Karamoko \u2013 Boutrah \u2013 Tomi \u2013 Parravicini<\/p>\n<p>Boulogne\u00a0 2-2 Amiens<\/p>\n<p style=\"text-align: justify;\">Buteurs : Boulet (3e), Fatou (81e) pour l\u2019USBCO \/ Lobry (44e), Andami Jr (61e) pour l\u2019ASC<\/p>\n<p style=\"text-align: justify;\"><strong>USBCO<\/strong> : Lenogue \u2013 Zohor\u00e9, Gourville, Thiam, Kitenge, Raillot, Tour\u00e9, Duflos, Boiteau, Boulet, Keita<br \/><strong>ASC<\/strong> : Sauvage \u2013 Bakayoko, Chabane, Monconduit, Lobry, Lutin, Fofana Jr, Leautey, Mafouta, Andami Jr, Ikia Dimi<\/p>\n<p style=\"text-align: justify;\">Photo \u00a9Anthony Bibard\/FEP\/Icon Sport<\/p>\n","protected":false},"excerpt":{"rendered":"Grenoble n\u2019a pas fait forte impression contre un futur rival de Ligue 2. La formation is\u00e9roise s\u2019est inclin\u00e9e&hellip;\n","protected":false},"author":2,"featured_media":259393,"comment_status":"","ping_status":"","sticky":false,"template":"","format":"standard","meta":{"footnotes":""},"categories":[9566],"tags":[30280,1111,11,24738,2430,5621,23611,1777,674,1011,27,2731,6212,12,5416,25,1964],"class_list":{"0":"post-259392","1":"post","2":"type-post","3":"status-publish","4":"format-standard","5":"has-post-thumbnail","7":"category-grenoble","8":"tag-alaune3","9":"tag-actu","10":"tag-actualites","11":"tag-amiens","12":"tag-auvergne-rhone-alpes","13":"tag-bastia","14":"tag-boulogne","15":"tag-eu","16":"tag-europe","17":"tag-fr","18":"tag-france","19":"tag-grenoble","20":"tag-metz","21":"tag-news","22":"tag-red-star","23":"tag-republique-francaise","24":"tag-troyes"},"share_on_mastodon":{"url":"https:\/\/pubeurope.com\/@fr\/114881349699477453","error":""},"_links":{"self":[{"href":"https:\/\/www.europesays.com\/fr\/wp-json\/wp\/v2\/posts\/259392","targetHints":{"allow":["GET"]}}],"collection":[{"href":"https:\/\/www.europesays.com\/fr\/wp-json\/wp\/v2\/posts"}],"about":[{"href":"https:\/\/www.europesays.com\/fr\/wp-json\/wp\/v2\/types\/post"}],"author":[{"embeddable":true,"href":"https:\/\/www.europesays.com\/fr\/wp-json\/wp\/v2\/users\/2"}],"replies":[{"embeddable":true,"href":"https:\/\/www.europesays.com\/fr\/wp-json\/wp\/v2\/comments?post=259392"}],"version-history":[{"count":0,"href":"https:\/\/www.europesays.com\/fr\/wp-json\/wp\/v2\/posts\/259392\/revisions"}],"wp:featuredmedia":[{"embeddable":true,"href":"https:\/\/www.europesays.com\/fr\/wp-json\/wp\/v2\/media\/259393"}],"wp:attachment":[{"href":"https:\/\/www.europesays.com\/fr\/wp-json\/wp\/v2\/media?parent=259392"}],"wp:term":[{"taxonomy":"category","embeddable":true,"href":"https:\/\/www.europesays.com\/fr\/wp-json\/wp\/v2\/categories?post=259392"},{"taxonomy":"post_tag","embeddable":true,"href":"https:\/\/www.europesays.com\/fr\/wp-json\/wp\/v2\/tags?post=259392"}],"curies":[{"name":"wp","href":"https:\/\/api.w.org\/{rel}","templated":true}]}}