{"id":259425,"date":"2025-07-19T19:00:12","date_gmt":"2025-07-19T19:00:12","guid":{"rendered":"https:\/\/www.europesays.com\/fr\/259425\/"},"modified":"2025-07-19T19:00:12","modified_gmt":"2025-07-19T19:00:12","slug":"tirs-de-policiers-sur-une-voiture-en-fuite-a-arcueil-le-conducteur-et-son-passager-activement-recherches","status":"publish","type":"post","link":"https:\/\/www.europesays.com\/fr\/259425\/","title":{"rendered":"Tirs de policiers sur une voiture en fuite \u00e0 Arcueil\u00a0: le conducteur et son passager activement recherch\u00e9s"},"content":{"rendered":"<p class=\"paragraph text_align_left lp-f-body-02\">La sc\u00e8ne n\u2019a pas dur\u00e9 plus de quelques secondes. Deux policiers ont tir\u00e9 sur une voiture, apr\u00e8s que le conducteur a refus\u00e9 le contr\u00f4le durant la nuit de vendredi \u00e0 samedi, dans une rue d\u2019<a href=\"https:\/\/www.leparisien.fr\/val-de-marne-94\/arcueil-94110\/\" target=\"_self\" rel=\"noopener\">Arcueil<\/a>. L\u2019homme n\u2019a pas h\u00e9sit\u00e9 \u00e0 foncer sur l\u2019un des fonctionnaires qui se rapprochait pour effectuer le contr\u00f4le.<\/p>\n<p class=\"paragraph text_align_left lp-f-body-02\">\u00ab Une enqu\u00eate pour une tentative d\u2019homicide volontaire et <a href=\"https:\/\/www.leparisien.fr\/val-de-marne-94\/refus-dobtemperer-dans-le-val-de-marne-coup-de-feu-sur-le-pont-de-choisy-et-tir-de-grenades-a-valenton-05-05-2024-LZIVJBXFJ5FVNENBSZQJQVTLVM.php\" target=\"_self\" rel=\"noopener\">refus d\u2019obtemp\u00e9rer<\/a> a \u00e9t\u00e9 ouverte et confi\u00e9e \u00e0 la sous-direction de la police judiciaire du <a href=\"https:\/\/www.leparisien.fr\/val-de-marne-94\/\" target=\"_blank\" rel=\"noreferrer noopener\">Val-de-Marne<\/a> \u00bb, pr\u00e9cise le parquet de Cr\u00e9teil qui confirme \u00e9galement \u00ab l\u2019ouverture d\u2019une enqu\u00eate de l\u2019inspection g\u00e9n\u00e9rale de la police nationale (IGPN). \u00bb Une proc\u00e9dure classique d\u00e8s lors qu\u2019un policier a fait usage de son arme de service.<\/p>\n<p>Le chauffard s\u2019arr\u00eate puis fonce sur un policier s\u2019approchant \u00e0 pied<\/p>\n<p class=\"paragraph text_align_left lp-f-body-02\">Peu de temps apr\u00e8s 4 heures, un v\u00e9hicule de la direction de l\u2019ordre public de la circulation (DOPC) de Paris repart de la prison de Fresnes. Ils viennent de transf\u00e9rer un homme r\u00e9cup\u00e9r\u00e9 au tribunal de Paris un peu plus t\u00f4t dans la nuit. Ils remontent vers la capitale lorsqu\u2019une voiture, circulant \u00e0 contresens, leur arrive dessus.<\/p>\n<p class=\"paragraph text_align_left lp-f-body-02\">Ils cherchent imm\u00e9diatement \u00e0 les contr\u00f4ler. Le contrevenant fait alors mine de s\u2019arr\u00eater. Les fonctionnaires descendent de leur voiture et se rapprochent. L\u2019un d\u2019eux, arme au poing, se place devant la voiture alors que les autres se d\u00e9ploient derri\u00e8re.<\/p>\n<p class=\"paragraph text_align_left lp-f-body-02\">D\u2019un coup, le conducteur d\u00e9marre en trombe. Le policier devant la voiture tire une fois en direction de la roue avant droite avant de se d\u00e9caler pour \u00e9viter d\u2019\u00eatre renvers\u00e9. L\u2019un de ses coll\u00e8gues qui se rapprochait par l\u2019arri\u00e8re tire \u00e9galement \u00e0 trois reprises dans le coffre pour prot\u00e9ger son coll\u00e8gue en danger.<\/p>\n<p class=\"paragraph text_align_left lp-f-body-02\">Finalement, la voiture repart. Le conducteur et son passager l\u2019abandonneront un peu plus loin. Plusieurs impacts ont \u00e9t\u00e9 retrouv\u00e9s sur le v\u00e9hicule, dont deux dans le coffre et un dans le pare-chocs arri\u00e8re. Selon les premiers \u00e9l\u00e9ments, personne n\u2019a \u00e9t\u00e9 bless\u00e9. \u00ab Aucune trace de sang n\u2019a \u00e9t\u00e9 d\u00e9couverte dans la voiture \u00bb, d\u00e9taille une proche de l\u2019affaire. Les deux fuyards sont activement recherch\u00e9s.<\/p>\n","protected":false},"excerpt":{"rendered":"La sc\u00e8ne n\u2019a pas dur\u00e9 plus de quelques secondes. Deux policiers ont tir\u00e9 sur une voiture, apr\u00e8s que&hellip;\n","protected":false},"author":2,"featured_media":259426,"comment_status":"","ping_status":"","sticky":false,"template":"","format":"standard","meta":{"footnotes":""},"categories":[1888],"tags":[11,1777,674,118,1011,27,1944,12,626,25,1125],"class_list":{"0":"post-259425","1":"post","2":"type-post","3":"status-publish","4":"format-standard","5":"has-post-thumbnail","7":"category-paris","8":"tag-actualites","9":"tag-eu","10":"tag-europe","11":"tag-faits-divers","12":"tag-fr","13":"tag-france","14":"tag-ma-ville","15":"tag-news","16":"tag-paris","17":"tag-republique-francaise","18":"tag-val-de-marne"},"share_on_mastodon":{"url":"https:\/\/pubeurope.com\/@fr\/114881444213723419","error":""},"_links":{"self":[{"href":"https:\/\/www.europesays.com\/fr\/wp-json\/wp\/v2\/posts\/259425","targetHints":{"allow":["GET"]}}],"collection":[{"href":"https:\/\/www.europesays.com\/fr\/wp-json\/wp\/v2\/posts"}],"about":[{"href":"https:\/\/www.europesays.com\/fr\/wp-json\/wp\/v2\/types\/post"}],"author":[{"embeddable":true,"href":"https:\/\/www.europesays.com\/fr\/wp-json\/wp\/v2\/users\/2"}],"replies":[{"embeddable":true,"href":"https:\/\/www.europesays.com\/fr\/wp-json\/wp\/v2\/comments?post=259425"}],"version-history":[{"count":0,"href":"https:\/\/www.europesays.com\/fr\/wp-json\/wp\/v2\/posts\/259425\/revisions"}],"wp:featuredmedia":[{"embeddable":true,"href":"https:\/\/www.europesays.com\/fr\/wp-json\/wp\/v2\/media\/259426"}],"wp:attachment":[{"href":"https:\/\/www.europesays.com\/fr\/wp-json\/wp\/v2\/media?parent=259425"}],"wp:term":[{"taxonomy":"category","embeddable":true,"href":"https:\/\/www.europesays.com\/fr\/wp-json\/wp\/v2\/categories?post=259425"},{"taxonomy":"post_tag","embeddable":true,"href":"https:\/\/www.europesays.com\/fr\/wp-json\/wp\/v2\/tags?post=259425"}],"curies":[{"name":"wp","href":"https:\/\/api.w.org\/{rel}","templated":true}]}}