{"id":259431,"date":"2025-07-19T19:03:10","date_gmt":"2025-07-19T19:03:10","guid":{"rendered":"https:\/\/www.europesays.com\/fr\/259431\/"},"modified":"2025-07-19T19:03:10","modified_gmt":"2025-07-19T19:03:10","slug":"le-lions-club-de-vernon-donne-un-coup-de-pouce-a-cette-association-de-soutien-a-lukraine","status":"publish","type":"post","link":"https:\/\/www.europesays.com\/fr\/259431\/","title":{"rendered":"Le Lions club de Vernon donne un coup de pouce \u00e0 cette association de soutien \u00e0 l&rsquo;Ukraine"},"content":{"rendered":"<p>            Par<br \/>\n        <strong><br \/>\n            <a href=\"https:\/\/actu.fr\/auteur\/journaliste-ledemocrate\" title=\"Consulter tous les articles de R\u00e9daction Vernon\" rel=\"nofollow noopener\" target=\"_blank\">R\u00e9daction Vernon<\/a><br \/>\n        <\/strong><\/p>\n<p>        Publi\u00e9 le<\/p>\n<p>            19 juil. 2025 \u00e0 19h18        <\/p>\n<p>Vendredi 27 juin 2025, le pr\u00e9sident du Lions club de <a href=\"https:\/\/actu.fr\/normandie\/vernon_27681\" rel=\"nofollow noopener\" target=\"_blank\">Vernon<\/a> (Eure), Dominique Mallet, a remis au pr\u00e9sident de <b>l\u2019association Vernon-Ternopil<\/b>, Patrick Micale, un ch\u00e8que d\u2019un montant de<b> 500 \u20ac<\/b> au titre du soutien aux rencontres culturelles franco-ukrainiennes dans l\u2019Eure du 19 au 26 mars et le fanion du Lions club de Vernon en reconnaissance des actions men\u00e9es \u00e0 ce jour par l\u2019association Vernon-Ternopil.<\/p>\n<p class=\" wall-content\">Par ce geste le Lions club s\u2019associe \u00e0 Vernon-Ternopil dans son action tant sur le plan local qu\u2019international<b> en faveur de l\u2019Ukraine<\/b> et du peuple ukrainien. Patrick Micale remercie vivement Dominique Mallet : \u00ab\u00a0L\u2019humanitaire est le c\u0153ur de ces deux associations. Leur mission est de motiver, rassembler et accompagner toutes les \u00e9nergies pour servir les causes respectives de chacune.\u00a0\u00bb\u00a0<\/p>\n<p class=\" wall-content\">Vernon-Ternopil a d\u00e9cid\u00e9, bien au-del\u00e0 du seul territoire de Vernon, de l\u2019\u00e9tendre au <b>d\u00e9partement de l\u2019Eure<\/b> avec des ramifications partout en France, dans un esprit de solidarit\u00e9 avec toutes les associations en soutien \u00e0 l\u2019Ukraine.<\/p>\n<p class=\" wall-content\">Au cours de ce conseil d\u2019administration qui a suivi, un nouveau bureau a \u00e9t\u00e9 \u00e9lu avec Patrick Micale, pr\u00e9sident, Oleksandra Hul et Sylvain Dewas, vice-pr\u00e9sidents, Christophe Declercq, tr\u00e9sorier, Yves Morio, secr\u00e9taire.<b> <\/b><\/p>\n<p class=\" wall-content\"><b>Trois nouveaux administrateurs<\/b> sont entr\u00e9s au conseil : Viktoriia Bobytska, Volodymir Gerashchenko, et Danylo Zuiev en remplacement des trois administrateurs sortants, comme pr\u00e9vu dans les statuts de Vernon-Ternopil.\u00a0<\/p>\n<p>Vid\u00e9os : en ce moment sur Actu<\/p>\n<p class=\" wall-content\">Suivez toute l\u2019actualit\u00e9 de vos villes et m\u00e9dias favoris en vous inscrivant \u00e0 <a href=\"https:\/\/moncompte.actu.fr\" title=\"D\u00e9couvez Mon Actu\" rel=\"nofollow noopener\" data-trk=\"{&quot;cta&quot;:{&quot;action&quot;:&quot;https:\\\/\\\/moncompte.actu.fr&quot;,&quot;category&quot;:&quot;mon compte&quot;,&quot;from&quot;:&quot;article footer&quot;,&quot;name&quot;:&quot;Mon actu&quot;,&quot;type&quot;:&quot;cta&quot;}}\" target=\"_blank\">Mon Actu<\/a>.<\/p>\n","protected":false},"excerpt":{"rendered":"Par R\u00e9daction Vernon Publi\u00e9 le 19 juil. 2025 \u00e0 19h18 Vendredi 27 juin 2025, le pr\u00e9sident du Lions&hellip;\n","protected":false},"author":2,"featured_media":259432,"comment_status":"","ping_status":"","sticky":false,"template":"","format":"standard","meta":{"footnotes":""},"categories":[1590],"tags":[11,1777,674,131,12,104,220],"class_list":{"0":"post-259431","1":"post","2":"type-post","3":"status-publish","4":"format-standard","5":"has-post-thumbnail","7":"category-ukraine","8":"tag-actualites","9":"tag-eu","10":"tag-europe","11":"tag-guerre-en-ukraine","12":"tag-news","13":"tag-societe","14":"tag-ukraine"},"share_on_mastodon":{"url":"https:\/\/pubeurope.com\/@fr\/114881455923593299","error":""},"_links":{"self":[{"href":"https:\/\/www.europesays.com\/fr\/wp-json\/wp\/v2\/posts\/259431","targetHints":{"allow":["GET"]}}],"collection":[{"href":"https:\/\/www.europesays.com\/fr\/wp-json\/wp\/v2\/posts"}],"about":[{"href":"https:\/\/www.europesays.com\/fr\/wp-json\/wp\/v2\/types\/post"}],"author":[{"embeddable":true,"href":"https:\/\/www.europesays.com\/fr\/wp-json\/wp\/v2\/users\/2"}],"replies":[{"embeddable":true,"href":"https:\/\/www.europesays.com\/fr\/wp-json\/wp\/v2\/comments?post=259431"}],"version-history":[{"count":0,"href":"https:\/\/www.europesays.com\/fr\/wp-json\/wp\/v2\/posts\/259431\/revisions"}],"wp:featuredmedia":[{"embeddable":true,"href":"https:\/\/www.europesays.com\/fr\/wp-json\/wp\/v2\/media\/259432"}],"wp:attachment":[{"href":"https:\/\/www.europesays.com\/fr\/wp-json\/wp\/v2\/media?parent=259431"}],"wp:term":[{"taxonomy":"category","embeddable":true,"href":"https:\/\/www.europesays.com\/fr\/wp-json\/wp\/v2\/categories?post=259431"},{"taxonomy":"post_tag","embeddable":true,"href":"https:\/\/www.europesays.com\/fr\/wp-json\/wp\/v2\/tags?post=259431"}],"curies":[{"name":"wp","href":"https:\/\/api.w.org\/{rel}","templated":true}]}}