{"id":259437,"date":"2025-07-19T19:06:13","date_gmt":"2025-07-19T19:06:13","guid":{"rendered":"https:\/\/www.europesays.com\/fr\/259437\/"},"modified":"2025-07-19T19:06:13","modified_gmt":"2025-07-19T19:06:13","slug":"allemagne-un-incident-lors-dun-feu-dartifice-a-dusseldorf-fait-19-blesses","status":"publish","type":"post","link":"https:\/\/www.europesays.com\/fr\/259437\/","title":{"rendered":"Allemagne\u00a0: un incident lors d\u2019un feu d\u2019artifice \u00e0 D\u00fcsseldorf fait 19 bless\u00e9s"},"content":{"rendered":"<p>Cette f\u00eate foraine, la Rijnkermis, est l\u2019une des plus grandes f\u00eates populaires d\u2019Allemagne. La cause de l\u2019incident demeure inconnue, une enqu\u00eate a \u00e9t\u00e9 ouverte mais il s\u2019agirait d\u2019un accident. Une caisse de feux d\u2019artifice serait tomb\u00e9e au sol, provoquant leur explosion trop pr\u00e8s du sol, selon des vid\u00e9os prises lors du spectacle.<\/p>\n<p>Selon les pompiers, quatre personnes gri\u00e8vement bless\u00e9es ont \u00e9t\u00e9 emmen\u00e9es \u00e0 l\u2019h\u00f4pital, dont un enfant de 4 ans qui souffre de br\u00fblures. Les autres personnes sont plus l\u00e9g\u00e8rement bless\u00e9es, dont deux enfants de 2 et 4 ans.<\/p>\n","protected":false},"excerpt":{"rendered":"Cette f\u00eate foraine, la Rijnkermis, est l\u2019une des plus grandes f\u00eates populaires d\u2019Allemagne. La cause de l\u2019incident demeure&hellip;\n","protected":false},"author":2,"featured_media":259438,"comment_status":"","ping_status":"","sticky":false,"template":"","format":"standard","meta":{"footnotes":""},"categories":[1587],"tags":[11,672,1804,1805,1803,1777,674,1801,12,1802],"class_list":{"0":"post-259437","1":"post","2":"type-post","3":"status-publish","4":"format-standard","5":"has-post-thumbnail","7":"category-allemagne","8":"tag-actualites","9":"tag-allemagne","10":"tag-bundesrepublik-deutschland","11":"tag-de","12":"tag-deutschland","13":"tag-eu","14":"tag-europe","15":"tag-germany","16":"tag-news","17":"tag-republique-federale-dallemagne"},"share_on_mastodon":{"url":"https:\/\/pubeurope.com\/@fr\/114881467822704687","error":""},"_links":{"self":[{"href":"https:\/\/www.europesays.com\/fr\/wp-json\/wp\/v2\/posts\/259437","targetHints":{"allow":["GET"]}}],"collection":[{"href":"https:\/\/www.europesays.com\/fr\/wp-json\/wp\/v2\/posts"}],"about":[{"href":"https:\/\/www.europesays.com\/fr\/wp-json\/wp\/v2\/types\/post"}],"author":[{"embeddable":true,"href":"https:\/\/www.europesays.com\/fr\/wp-json\/wp\/v2\/users\/2"}],"replies":[{"embeddable":true,"href":"https:\/\/www.europesays.com\/fr\/wp-json\/wp\/v2\/comments?post=259437"}],"version-history":[{"count":0,"href":"https:\/\/www.europesays.com\/fr\/wp-json\/wp\/v2\/posts\/259437\/revisions"}],"wp:featuredmedia":[{"embeddable":true,"href":"https:\/\/www.europesays.com\/fr\/wp-json\/wp\/v2\/media\/259438"}],"wp:attachment":[{"href":"https:\/\/www.europesays.com\/fr\/wp-json\/wp\/v2\/media?parent=259437"}],"wp:term":[{"taxonomy":"category","embeddable":true,"href":"https:\/\/www.europesays.com\/fr\/wp-json\/wp\/v2\/categories?post=259437"},{"taxonomy":"post_tag","embeddable":true,"href":"https:\/\/www.europesays.com\/fr\/wp-json\/wp\/v2\/tags?post=259437"}],"curies":[{"name":"wp","href":"https:\/\/api.w.org\/{rel}","templated":true}]}}