{"id":259439,"date":"2025-07-19T19:07:18","date_gmt":"2025-07-19T19:07:18","guid":{"rendered":"https:\/\/www.europesays.com\/fr\/259439\/"},"modified":"2025-07-19T19:07:18","modified_gmt":"2025-07-19T19:07:18","slug":"espagne-grece-italie-vous-partez-en-vacances-en-europe-ce-quil-se-passe-si-vous-avez-un-pepin-de-sante","status":"publish","type":"post","link":"https:\/\/www.europesays.com\/fr\/259439\/","title":{"rendered":"Espagne, Gr\u00e8ce, Italie\u2026 Vous partez en vacances en Europe ? Ce qu&rsquo;il se passe si vous avez un p\u00e9pin de sant\u00e9"},"content":{"rendered":"<p>            Par<br \/>\n        <strong><br \/>\n            <a href=\"https:\/\/actu.fr\/auteur\/redaction-actu\" title=\"Consulter tous les articles de R\u00e9daction Actu\" target=\"_blank\" rel=\"noopener\">R\u00e9daction Actu<\/a><br \/>\n        <\/strong><\/p>\n<p>        Publi\u00e9 le<\/p>\n<p>            18 juil. 2025 \u00e0 6h04        <\/p>\n<p>L\u2019\u00e9t\u00e9, le mois de juillet rime pour beaucoup de Fran\u00e7ais avec <a href=\"https:\/\/actu.fr\/tag\/vacances-scolaires\" target=\"_blank\" rel=\"noopener\">les vacances<\/a>. Pour celles et ceux qui d\u00e9cident de quitter l\u2019Hexagone, le d\u00e9part se fait souvent chez nos voisins europ\u00e9ens.<\/p>\n<p class=\" wall-content\">Mais en plus du maillot et de la cr\u00e8me solaire, il ne faut pas oublier <strong>sa carte europ\u00e9enne d\u2019assurance maladie<\/strong>. Elle peut \u00eatre bien utile en cas de p\u00e9pins de sant\u00e9.<\/p>\n<p>Une carte pour ne pas payer ses frais de sant\u00e9 \u00e0 l\u2019\u00e9tranger<\/p>\n<p class=\" wall-content\">D\u2019abord cette carte de couleur bleue qui tra\u00eene dans notre portefeuille, elle sert \u00e0 quoi\u2009? Avec la carte europ\u00e9enne d\u2019assurance maladie ou CEAM, l\u2019acc\u00e8s aux soins est facilit\u00e9 pour chaque voyageur, selon le site <a href=\"https:\/\/www.service-public.fr\/particuliers\/actualites\/A17457\" target=\"_blank\" rel=\"noopener\">service-public.fr<\/a>.\u00a0En effet, elle permet la prise en charge des traitements m\u00e9dicaux dans <strong>les m\u00eames conditions qu\u2019un assur\u00e9 social du pays<\/strong>.<\/p>\n<p class=\" wall-content\">Donc si vous tombez malade pendant vos vacances en Europe, <a href=\"https:\/\/actu.fr\/societe\/mutuelles-les-prix-explosent-depuis-2023-et-la-pilule-passe-de-moins-en-moins-bien_62202953.html\" target=\"_blank\" rel=\"noopener\">vos frais de sant\u00e9<\/a> sont pris en charge gr\u00e2ce \u00e0 cette carte. \u00ab\u2009Elle atteste de vos droits \u00e0 l\u2019Assurance maladie fran\u00e7aise\u2009\u00bb, pr\u00e9cise service-public.fr.<\/p>\n<p class=\" wall-content\">Plus pr\u00e9cis\u00e9ment, ce sont les soins m\u00e9dicalement n\u00e9cessaires, les maladies chroniques ou pr\u00e9existantes, la grossesse et l\u2019accouchement qui peuvent \u00eatre pris en charge. Attention, les soins priv\u00e9s, eux, ne sont pas couverts. Vous devez vous rendre dans un \u00e9tablissement public pour vous faire soigner.<\/p>\n<p>Vid\u00e9os : en ce moment sur Actu<\/p>\n<p class=\" wall-content\">Dans certains pays, vous devez avancer les frais, tandis que dans d\u2019autres, il n\u2019y a pas \u00e0 le faire. La CEAM fonctionne dans les 27 pays de l\u2019Union europ\u00e9enne, mais aussi en Suisse et au Royaume-Uni.<\/p>\n<p class=\" wall-content\">Attention, cette carte est <strong>nominative et individuelle<\/strong>\u2009: chaque membre de la famille (y compris les jeunes de moins de 16\u00a0ans) doit avoir la sienne.<\/p>\n<p>Un certificat provisoire possible<\/p>\n<p class=\" wall-content\">Cette carte est donc tr\u00e8s utile pour <a href=\"https:\/\/actu.fr\/economie\/vacances-d-ete-voici-comment-profiter-des-aides-de-la-caf-pour-reduire-la-facture_62437505.html\" target=\"_blank\" rel=\"noopener\">vos vacances<\/a>. Si vous ne l\u2019avez pas, il faut bien anticiper la demande avant de partir. \u00ab\u2009La CEAM doit \u00eatre demand\u00e9e 20\u00a0jours au moins avant le d\u00e9part\u2009\u00bb, insiste service-public.fr.<\/p>\n<p class=\" wall-content\">Pour ce faire, il faut se rendre sur son compte Ameli. Puis, aller dans la rubrique \u00ab\u2009Mes d\u00e9marches\u2009\u00bb. Dans celles-ci, un onglet est d\u00e9di\u00e9 pour \u00ab\u2009Commander une CEAM\u2009\u00bb. Une fois que vous avez v\u00e9rifi\u00e9 votre adresse, la carte sera envoy\u00e9e par la Poste. Bonne nouvelle, c\u2019est <strong>totalement gratuit<\/strong>.<\/p>\n<p class=\" wall-content\">Et si vous en avez d\u00e9j\u00e0 une, v\u00e9rifiez qu\u2019elle n\u2019est pas p\u00e9rim\u00e9e. En effet, la CEAM <strong>n\u2019est valide que pendant deux ans.<\/strong><\/p>\n<p class=\" wall-content\">Mais pas d\u2019inqui\u00e9tude si vous ne l\u2019avez pas. En cas d\u2019urgence ou de demande trop tardive, vous pouvez faire <strong>une demande de certificat provisoire<\/strong> directement depuis votre compte Ameli.<\/p>\n<p class=\" wall-content\">Ce certificat vous sera d\u00e9livr\u00e9 automatiquement et est valable durant trois mois. Il atteste de vos droits en attendant de recevoir la carte.<\/p>\n<p class=\" wall-content\">Suivez toute l\u2019actualit\u00e9 de vos villes et m\u00e9dias favoris en vous inscrivant \u00e0 <a href=\"https:\/\/moncompte.actu.fr\" title=\"D\u00e9couvez Mon Actu\" rel=\"nofollow noopener\" data-trk=\"{&quot;cta&quot;:{&quot;action&quot;:&quot;https:\\\/\\\/moncompte.actu.fr&quot;,&quot;category&quot;:&quot;mon compte&quot;,&quot;from&quot;:&quot;article footer&quot;,&quot;name&quot;:&quot;Mon actu&quot;,&quot;type&quot;:&quot;cta&quot;}}\" target=\"_blank\">Mon Actu<\/a>.<\/p>\n<ul class=\"ac-article-tag wall-content\">\n<li><a href=\"https:\/\/actu.fr\/tag\/sante\" data-trk=\"{&quot;cta&quot;:{&quot;action&quot;:&quot;Sant\\u00e9&quot;,&quot;category&quot;:&quot;tag&quot;,&quot;from&quot;:&quot;article footer&quot;,&quot;name&quot;:&quot;Sant\\u00e9&quot;,&quot;type&quot;:&quot;cta&quot;}}\" target=\"_blank\" rel=\"noopener\">#Sant\u00e9<\/a><\/li>\n<li><a href=\"https:\/\/actu.fr\/tag\/vacances-scolaires\" data-trk=\"{&quot;cta&quot;:{&quot;action&quot;:&quot;Vacances scolaires&quot;,&quot;category&quot;:&quot;tag&quot;,&quot;from&quot;:&quot;article footer&quot;,&quot;name&quot;:&quot;Vacances scolaires&quot;,&quot;type&quot;:&quot;cta&quot;}}\" target=\"_blank\" rel=\"noopener\">#Vacances scolaires<\/a><\/li>\n<\/ul>\n","protected":false},"excerpt":{"rendered":"Par R\u00e9daction Actu Publi\u00e9 le 18 juil. 2025 \u00e0 6h04 L\u2019\u00e9t\u00e9, le mois de juillet rime pour beaucoup&hellip;\n","protected":false},"author":2,"featured_media":259440,"comment_status":"","ping_status":"","sticky":false,"template":"","format":"standard","meta":{"footnotes":""},"categories":[1586],"tags":[11,1777,674,1011,27,12,25,71,104,3176],"class_list":{"0":"post-259439","1":"post","2":"type-post","3":"status-publish","4":"format-standard","5":"has-post-thumbnail","7":"category-europe","8":"tag-actualites","9":"tag-eu","10":"tag-europe","11":"tag-fr","12":"tag-france","13":"tag-news","14":"tag-republique-francaise","15":"tag-sante","16":"tag-societe","17":"tag-vacances-scolaires"},"share_on_mastodon":{"url":"https:\/\/pubeurope.com\/@fr\/114881471725272935","error":""},"_links":{"self":[{"href":"https:\/\/www.europesays.com\/fr\/wp-json\/wp\/v2\/posts\/259439","targetHints":{"allow":["GET"]}}],"collection":[{"href":"https:\/\/www.europesays.com\/fr\/wp-json\/wp\/v2\/posts"}],"about":[{"href":"https:\/\/www.europesays.com\/fr\/wp-json\/wp\/v2\/types\/post"}],"author":[{"embeddable":true,"href":"https:\/\/www.europesays.com\/fr\/wp-json\/wp\/v2\/users\/2"}],"replies":[{"embeddable":true,"href":"https:\/\/www.europesays.com\/fr\/wp-json\/wp\/v2\/comments?post=259439"}],"version-history":[{"count":0,"href":"https:\/\/www.europesays.com\/fr\/wp-json\/wp\/v2\/posts\/259439\/revisions"}],"wp:featuredmedia":[{"embeddable":true,"href":"https:\/\/www.europesays.com\/fr\/wp-json\/wp\/v2\/media\/259440"}],"wp:attachment":[{"href":"https:\/\/www.europesays.com\/fr\/wp-json\/wp\/v2\/media?parent=259439"}],"wp:term":[{"taxonomy":"category","embeddable":true,"href":"https:\/\/www.europesays.com\/fr\/wp-json\/wp\/v2\/categories?post=259439"},{"taxonomy":"post_tag","embeddable":true,"href":"https:\/\/www.europesays.com\/fr\/wp-json\/wp\/v2\/tags?post=259439"}],"curies":[{"name":"wp","href":"https:\/\/api.w.org\/{rel}","templated":true}]}}