{"id":259449,"date":"2025-07-19T19:12:14","date_gmt":"2025-07-19T19:12:14","guid":{"rendered":"https:\/\/www.europesays.com\/fr\/259449\/"},"modified":"2025-07-19T19:12:14","modified_gmt":"2025-07-19T19:12:14","slug":"un-rory-mcilroy-en-feu-electrise-portrush","status":"publish","type":"post","link":"https:\/\/www.europesays.com\/fr\/259449\/","title":{"rendered":"Un Rory McIlroy en feu \u00e9lectrise Portrush !"},"content":{"rendered":"<p>\t\t\t\t\t\t<img width=\"770\" height=\"559\" src=\"https:\/\/www.europesays.com\/fr\/wp-content\/uploads\/2025\/07\/afp__20250719__67ab2vv__v1__highres__776351158-770x559.jpg\" class=\"img-responsive wp-post-image\" alt=\"\" decoding=\"async\" fetchpriority=\"high\"  \/>\t\t\t\t\t<\/p>\n<p>\t\t\t\t\t\t Partager cet article <\/p>\n<p class=\"screen-reader-text juiz_sps_maybe_hidden_text\">Partager la publication \u00ab\u00a0Un Rory McIlroy en feu \u00e9lectrise Portrush !\u00a0\u00bb<\/p>\n<p><strong>Auteur d\u2019un 3e tour de feu, avec notamment des putts venus d\u2019ailleurs, Rory McIlroy a fait rugir de plaisir le public de Portrush. M\u00eame s\u2019il reste loin, sans doute trop loin de Scottie Scheffler, ce \u00ab\u00a0moving day\u00a0\u00bb produit par le \u00ab\u00a0local hero\u00a0\u00bb tout de rouge v\u00eatu a donn\u00e9 du r\u00eave au peuple vert.<\/strong><\/p>\n<p><strong>De notre envoy\u00e9 sp\u00e9cial \u00e0 Portrush, Stefan Colin<\/strong><\/p>\n<p>Tout a commenc\u00e9 par un tremblement de terre. Quand <strong>Rory McIlroy<\/strong> a rentr\u00e9 11 m\u00e8tres en travers pour birdie au trou n\u00b01, tout Portrush a trembl\u00e9. Autour de ce green sur\u00e9lev\u00e9 en surplomb de la cit\u00e9 du Comt\u00e9 d\u2019Antrim, huit rang\u00e9es de spectateurs ont brandi le poing, hurl\u00e9 comme un seul homme et fait dresser les poils de tous ceux qui ont assist\u00e9 \u00e0 la sc\u00e8ne malgr\u00e9 leur \u00ab\u00a0neutralit\u00e9.\u00a0\u00bb<\/p>\n<p>Que l\u2019on soit Nord-irlandais, britannique ou m\u00eame fran\u00e7ais, impossible de rester indiff\u00e9rent \u00e0 \u00e7a : ce birdie d\u2019entr\u00e9e de Rory McIlroy restera comme l\u2019une des sc\u00e8nes fortes de ce 153e Open britannique.<\/p>\n<blockquote class=\"twitter-tweet\">\n<p dir=\"ltr\" lang=\"en\">Rory\u2019s in red.<\/p>\n<p>He\u2019s away with a birdie on the 1st. <a href=\"https:\/\/t.co\/CBtyjvZ2mx\" rel=\"nofollow\">pic.twitter.com\/CBtyjvZ2mx<\/a><\/p>\n<p>\u2014 The Open (@TheOpen) <a href=\"https:\/\/twitter.com\/TheOpen\/status\/1946567960736178527?ref_src=twsrc%5Etfw\" rel=\"nofollow noopener\" target=\"_blank\">July 19, 2025<\/a><\/p>\n<\/blockquote>\n<p>\t\t\t\t\t<a id=\"177253\" href=\"https:\/\/www.noyangolf.com\/fr\/\" target=\"_blank\" rel=\"sponsorised nofollow noopener\"><img decoding=\"async\" src=\"data:image\/svg+xml,%3Csvg%20xmlns=\" http:=\"\" class=\"img-responsive\" alt=\"\" data-lazy-src=\"https:\/\/www.europesays.com\/fr\/wp-content\/uploads\/2025\/06\/noyan-e01-where-golf-meets-excellence-1170x275-1.jpg\"\/><\/a><br \/>\nTremblements de terre en Irlande du Nord<\/p>\n<p>La suite a \u00e9t\u00e9 \u00e0 l\u2019unisson. Birdie au 2. Birdie au 4. L\u2019idole de la foule s\u2019est \u00e9lanc\u00e9e avec sept coups de retard. Il n\u2019y en avait plus que quatre au moment o\u00f9<strong> Scottie Scheffler<\/strong> a pris son d\u00e9part.<\/p>\n<p>Bien s\u00fbr, on se doutait que le n\u00b01 mondial, lui aussi, allait trouver le chemin des birdies et se redonner de l\u2019air dans des conditions de jeu absolument parfaites. Et puis Rory a un peu coinc\u00e9 ensuite, en manquant de s\u00e9rieuses occasions sur le court par 4 du 5 et sur le par 5 du 7 o\u00f9 son drive avait pourtant \u00e9t\u00e9 parfait.<\/p>\n<p>En panne momentan\u00e9e de birdies, le vainqueur extatique du dernier Masters a m\u00eame conc\u00e9d\u00e9 son premier bogey en 24 trous au 11, apr\u00e8s une m\u00e9saventure peu banale. <a href=\"https:\/\/www.golfplanete.com\/actualites\/lincroyable-coup-double-balle-de-rory-mcilroy\/\" target=\"_blank\" rel=\"noopener nofollow\">Une balle enfouie sous la terre se trouvait sous la sienne<\/a>. Dingue\u2026<\/p>\n<p>M\u00eame quand il tr\u00e9buche, McIlroy ne fait d\u00e9cid\u00e9ment rien comme les autres. \u00ab\u00a0Remember\u00a0\u00bb le dernier tour du Masters.<\/p>\n<blockquote><p>\nCe fut une journ\u00e9e \u00e9lectrique. L\u2019une des journ\u00e9es les plus cools de ma carri\u00e8re sur un parcours de golf\n<\/p><\/blockquote>\n<p>Rien comme les autres\u2026<\/p>\n<p>Mais cette erreur n\u2019a pas \u00e9teint le feu. Loin de l\u00e0. Car sur le trou suivant, \u00ab\u00a0Ror\u2019s\u00a0\u00bb a r\u00e9ussi a cr\u00e9\u00e9 un nouvel incendie. Un eagle sur le par 5 du 12. Son putt victorieux a \u00e9t\u00e9 mesur\u00e9 \u00e0 17 m\u00e8tres. Le s\u00e9isme qu\u2019il a provoqu\u00e9 est impossible \u00e0 mesurer. M\u00eame un but en finale de la Coupe du monde ne provoque pas un tel bruit !<\/p>\n<p>Ridicule comme l\u2019a post\u00e9 le compte X du tournoi.<\/p>\n<blockquote class=\"twitter-tweet\">\n<p dir=\"ltr\" lang=\"en\">It\u2019s ridiculous. It\u2019s Rory.<\/p>\n<p>Royal Portrush will remember this one. <a href=\"https:\/\/t.co\/VKSnyvBsse\" rel=\"nofollow\">pic.twitter.com\/VKSnyvBsse<\/a><\/p>\n<p>\u2014 The Open (@TheOpen) <a href=\"https:\/\/twitter.com\/TheOpen\/status\/1946609265155694641?ref_src=twsrc%5Etfw\" rel=\"nofollow noopener\" target=\"_blank\">July 19, 2025<\/a><\/p>\n<\/blockquote>\n<p>Trois trous plus tard, le n\u00b02 mondial s\u2019est offert un nouveau coup assez fou. Son wedge a touch\u00e9 le drapeau au 15. Il l\u2019avait sentie un peu vive, mais cette fois la chance \u00e9tait de son c\u00f4t\u00e9. Birdie. -8 total. Quel plaisir pour ses innombrables fans. Les sourires \u00e9taient partout, chez les petits comme chez les tr\u00e8s grands.<\/p>\n<blockquote class=\"twitter-tweet\">\n<p dir=\"ltr\" lang=\"en\">Writing history.<\/p>\n<p>The 153rd Open is unfolding. <a href=\"https:\/\/t.co\/iAfvS4x2VL\" rel=\"nofollow\">pic.twitter.com\/iAfvS4x2VL<\/a><\/p>\n<p>\u2014 The Open (@TheOpen) <a href=\"https:\/\/twitter.com\/TheOpen\/status\/1946614522795454633?ref_src=twsrc%5Etfw\" rel=\"nofollow noopener\" target=\"_blank\">July 19, 2025<\/a><\/p>\n<\/blockquote>\n<blockquote><p>\nSi je d\u00e9bute ma journ\u00e9e comme aujourd\u2019hui et que la foule se d\u00e9chaine, il peut entendre cet engouement quelques groupes derri\u00e8re moi et on se sait jamais.<\/p>\n<p>Rory McIlroy \u00e0 propos de ses espoirs de renverser Scottie Scheffler dimanche<\/p>\n<\/blockquote>\n<p>Telle une rock star\u00a0<\/p>\n<p>La \u201crock star\u201d du jour a ensuite sauv\u00e9 un par dans une position tr\u00e8s d\u00e9licate sur le trou signature, le par 3 bien nomm\u00e9 \u201cCalamity Corner\u201d. Puis son drive du 17 s\u2019est \u00e9gar\u00e9 vers ses fans mais il a retrouv\u00e9 sa balle sur une partie pi\u00e9tin\u00e9e par les spectateurs. Par facile. Au 18, deux rebonds favorables lui ont permis de sauver un autre par confortable. Sa remont\u00e9e du fairway a \u00e9videmment refait un bruit de fou. Il y avait l\u00e0 de l\u2019amour aussi.<\/p>\n<p>Sa carte ? 66 (-5) son meilleur tour dans un Open. Son score ? -8. Sa place au classement ? 4e.\u00a0 Il reste \u00e0 distance tr\u00e8s (trop ?) respectable de <strong>Scottie Scheffler<\/strong>. Tout ne fut pas parfait dans son jeu. Mais tout fut rempli de frissons.<\/p>\n<p>\u00ab Ce fut une journ\u00e9e \u00e9lectrique. L\u2019une des journ\u00e9es les plus cools de ma carri\u00e8re sur un parcours de golf\u00bb , a r\u00e9sum\u00e9 Rory avant d\u2019enchainer sur ses minces espoirs de d\u00e9stabiliser le num\u00e9ro 1 mondial. \u00abScottie ? Ca va \u00eatre difficile. Si je d\u00e9bute ma journ\u00e9e comme aujourd\u2019hui et que la foule se d\u00e9chaine, il peut entendre cet engouement quelques groupes derri\u00e8re moi et on ne sait jamais\u2026\u00bb\u00a0<\/p>\n<p>A quelques kilom\u00e8tres de la fameuse chauss\u00e9e des g\u00e9ants (une formation volcanique inscrit sur la liste du patrimoine mondial de l\u2019UNESCO), le grand et merveilleux joueur qu\u2019est Rory McIlroy a rendu au centuple \u00e0 ce public tout aussi admirable ce qu\u2019il lui a donn\u00e9. Du spectacle. De l\u2019\u00e9motion. Du partage.<\/p>\n<p>Ce samedi 19 juillet 2025 fut une tr\u00e8s grande journ\u00e9e de golf. Une journ\u00e9e o\u00f9 la terre d\u2019Irlande du Nord a trembl\u00e9 de plaisir gr\u00e2ce \u00e0 son h\u00e9ros.<\/p>\n<p>Photo ANDY BUCHANAN \/ AFP<\/p>\n<p>\t\t\t<script async src=\"https:\/\/platform.twitter.com\/widgets.js\" charset=\"utf-8\"><\/script><\/p>\n","protected":false},"excerpt":{"rendered":"Partager cet article Partager la publication \u00ab\u00a0Un Rory McIlroy en feu \u00e9lectrise Portrush !\u00a0\u00bb Auteur d\u2019un 3e tour&hellip;\n","protected":false},"author":2,"featured_media":259450,"comment_status":"","ping_status":"","sticky":false,"template":"","format":"standard","meta":{"footnotes":""},"categories":[1418],"tags":[1011,27,1472,60],"class_list":{"0":"post-259449","1":"post","2":"type-post","3":"status-publish","4":"format-standard","5":"has-post-thumbnail","7":"category-golf","8":"tag-fr","9":"tag-france","10":"tag-golf","11":"tag-sports"},"share_on_mastodon":{"url":"https:\/\/pubeurope.com\/@fr\/114881491525760009","error":""},"_links":{"self":[{"href":"https:\/\/www.europesays.com\/fr\/wp-json\/wp\/v2\/posts\/259449","targetHints":{"allow":["GET"]}}],"collection":[{"href":"https:\/\/www.europesays.com\/fr\/wp-json\/wp\/v2\/posts"}],"about":[{"href":"https:\/\/www.europesays.com\/fr\/wp-json\/wp\/v2\/types\/post"}],"author":[{"embeddable":true,"href":"https:\/\/www.europesays.com\/fr\/wp-json\/wp\/v2\/users\/2"}],"replies":[{"embeddable":true,"href":"https:\/\/www.europesays.com\/fr\/wp-json\/wp\/v2\/comments?post=259449"}],"version-history":[{"count":0,"href":"https:\/\/www.europesays.com\/fr\/wp-json\/wp\/v2\/posts\/259449\/revisions"}],"wp:featuredmedia":[{"embeddable":true,"href":"https:\/\/www.europesays.com\/fr\/wp-json\/wp\/v2\/media\/259450"}],"wp:attachment":[{"href":"https:\/\/www.europesays.com\/fr\/wp-json\/wp\/v2\/media?parent=259449"}],"wp:term":[{"taxonomy":"category","embeddable":true,"href":"https:\/\/www.europesays.com\/fr\/wp-json\/wp\/v2\/categories?post=259449"},{"taxonomy":"post_tag","embeddable":true,"href":"https:\/\/www.europesays.com\/fr\/wp-json\/wp\/v2\/tags?post=259449"}],"curies":[{"name":"wp","href":"https:\/\/api.w.org\/{rel}","templated":true}]}}