{"id":259453,"date":"2025-07-19T19:15:12","date_gmt":"2025-07-19T19:15:12","guid":{"rendered":"https:\/\/www.europesays.com\/fr\/259453\/"},"modified":"2025-07-19T19:15:12","modified_gmt":"2025-07-19T19:15:12","slug":"ekaterina-dotsenko-et-ignacio-mejias-remportent-lopen-stade-francais-lequipe","status":"publish","type":"post","link":"https:\/\/www.europesays.com\/fr\/259453\/","title":{"rendered":"Ekaterina Dotsenko et Ignacio Mejias remportent l&#039;Open Stade Fran\u00e7ais &#8211; L&#039;\u00c9quipe"},"content":{"rendered":"<ol>\n<li><a href=\"https:\/\/news.google.com\/rss\/articles\/CBMiugFBVV95cUxPeHBpM2dXdWxwUENJV1Ayei0yZTVVb1FEaHBSZjh4V3RMYks2VlhfSnd1OXJseTZBdVhGWmpEZWJ4S3FVdnI3amhycTRPR09SVkYxVDdXeHJjTEtrLUM3aXNxR1dSYmMtRjRnS19PTXVuVkdlWmNOQWd5M3RCcDF0bmNfYVRPZHRYWEUyRlJqSUN3N1J0NVM5MmlWbzdNc2cwanAyOUJLWGpoMzdJb0o3QjZ2VTk4N2dQTFE?oc=5\" target=\"_blank\" rel=\"nofollow noopener\">Ekaterina Dotsenko et Ignacio Mejias remportent l&rsquo;Open Stade Fran\u00e7ais<\/a>&nbsp;&nbsp;L&rsquo;\u00c9quipe<\/li>\n<li><a href=\"https:\/\/news.google.com\/rss\/articles\/CBMinAFBVV95cUxPdE9nZVJNNi1sUkhpTTFYaXM0aTdEbHpYYTdpNGd3aUhPZm1fMDJqOGk0cmtRWDQ2VlY2RHdNeGFra1ViZzZaZi1pUEkxVDR3eGZOeHVnWDRhdXdsS051dE5FWlRIMmM1V2tvcU9uTTZHWTJGZXlEUGRJZVJQWHp4ZzdFTkFZV3VkRlg3bHdiVmZiMmZaQ242c0E1RTU?oc=5\" target=\"_blank\" rel=\"nofollow noopener\">Tennis &#8211; Finales de l&rsquo;Open Stade Francais 2025 &#8211; Stade Roland Garros &#8211; Paris, 75016 &#8211; Sortir \u00e0 Paris<\/a>&nbsp;&nbsp;Le Parisien<\/li>\n<li><a href=\"https:\/\/news.google.com\/rss\/articles\/CBMizwFBVV95cUxNRzh5dDBWV3p5LXhFak5wQ2tsVUIyUWh2OG0za1p0TnR4ZUI4OFFPd0ozV2dKbkVxWjJ5WlIyMEh0ajkxM1l6ejVwY0dzNW44ZmtVZGZaTTFNNVlvYXdha3NZQmZNVHBmakdEUkFzXzR3U1JJak80QTZNYkNqSDRaUmZBaGpIN3hpZHpxcS12NzR1SUhPN29qS1NpU3M5Nkc5T2N2d1pMazJUS0hrRlE4bEo1cS1uXzE0MzBEbDEwMTFBVy1pWWNjRTNkMW1HREk?oc=5\" target=\"_blank\" rel=\"nofollow noopener\">TENNIS : Haier poursuit son engagement dans le tennis, en tant que partenaire de l\u2019Open Stade Fran\u00e7ais<\/a>&nbsp;&nbsp;Presse Agence Sport<\/li>\n<li><a href=\"https:\/\/news.google.com\/rss\/articles\/CBMivAFBVV95cUxQdXJrdm1ERWd1azE3bDQ4UjBkbmFRQ3VrM1VIdW1wSWdBTGhrWTZhNk55cUhxOEY0T0d1N29TMy1pRmdVLXFScjNnRGh1ZVJ1NjlzTHJPcjlvSHR3dnNhSVFiOUl2SlF3SjJBZUtyQWxBV2oyRTI0b0pnemNpcW9nS1N0ejRPS1I2eEl2b0F1RTBqMWltTmxpTWdmbHRPSVVGaUlEN1dvRnl5bm1iV2Nwb1VhTUt3X2syZEJBNw?oc=5\" target=\"_blank\" rel=\"nofollow noopener\">Open Stade Fran\u00e7ais &#8211; Alex Ricci \u00e9limine la t\u00eate de s\u00e9rie n\u00b01 \u00e0 la Faisanderie<\/a>&nbsp;&nbsp;Tennis Actu<\/li>\n<li><a href=\"https:\/\/news.google.com\/rss\/articles\/CBMi3AFBVV95cUxQNzN4c1ZVZzdUWXNNM0RPMl9lUXFOU0dxTjJaQ3JlSDJDbkJPaURpZVlyeHlDcXdhVjRnN0ZwUWVfUzFQdi1MWWtIOWlkYXYwVURuQXR3MWhYc2ZTdG1oN1pjUWEzSjl2ZVFORDVOZU5QT3FtVlQ2TFk2TGpGekZMd0pVSTJjRDlPRnh0OUxWcURuc1FZcUtzdDg1QTMxTFRHSWFIZWlVMTZXa0F0N3dVTVF5cmwzVGY3eWs1X2JmaGZQU1BERHhiTG43b1NjZlJWVEJSWlRwNGI0c1hQ?oc=5\" target=\"_blank\" rel=\"nofollow noopener\">Open du Stade Fran\u00e7ais : les finales auront lieu dimanche sur le court n\u00b014 de Roland-Garros<\/a>&nbsp;&nbsp;MSN<\/li>\n<\/ol>\n","protected":false},"excerpt":{"rendered":"Ekaterina Dotsenko et Ignacio Mejias remportent l&rsquo;Open Stade Fran\u00e7ais&nbsp;&nbsp;L&rsquo;\u00c9quipe Tennis &#8211; Finales de l&rsquo;Open Stade Francais 2025 &#8211;&hellip;\n","protected":false},"author":2,"featured_media":259454,"comment_status":"","ping_status":"","sticky":false,"template":"","format":"standard","meta":{"footnotes":""},"categories":[1415],"tags":[1011,27,60,1467],"class_list":{"0":"post-259453","1":"post","2":"type-post","3":"status-publish","4":"format-standard","5":"has-post-thumbnail","7":"category-tennis","8":"tag-fr","9":"tag-france","10":"tag-sports","11":"tag-tennis"},"share_on_mastodon":{"url":"https:\/\/pubeurope.com\/@fr\/114881503113680930","error":""},"_links":{"self":[{"href":"https:\/\/www.europesays.com\/fr\/wp-json\/wp\/v2\/posts\/259453","targetHints":{"allow":["GET"]}}],"collection":[{"href":"https:\/\/www.europesays.com\/fr\/wp-json\/wp\/v2\/posts"}],"about":[{"href":"https:\/\/www.europesays.com\/fr\/wp-json\/wp\/v2\/types\/post"}],"author":[{"embeddable":true,"href":"https:\/\/www.europesays.com\/fr\/wp-json\/wp\/v2\/users\/2"}],"replies":[{"embeddable":true,"href":"https:\/\/www.europesays.com\/fr\/wp-json\/wp\/v2\/comments?post=259453"}],"version-history":[{"count":0,"href":"https:\/\/www.europesays.com\/fr\/wp-json\/wp\/v2\/posts\/259453\/revisions"}],"wp:featuredmedia":[{"embeddable":true,"href":"https:\/\/www.europesays.com\/fr\/wp-json\/wp\/v2\/media\/259454"}],"wp:attachment":[{"href":"https:\/\/www.europesays.com\/fr\/wp-json\/wp\/v2\/media?parent=259453"}],"wp:term":[{"taxonomy":"category","embeddable":true,"href":"https:\/\/www.europesays.com\/fr\/wp-json\/wp\/v2\/categories?post=259453"},{"taxonomy":"post_tag","embeddable":true,"href":"https:\/\/www.europesays.com\/fr\/wp-json\/wp\/v2\/tags?post=259453"}],"curies":[{"name":"wp","href":"https:\/\/api.w.org\/{rel}","templated":true}]}}