{"id":259465,"date":"2025-07-19T19:21:09","date_gmt":"2025-07-19T19:21:09","guid":{"rendered":"https:\/\/www.europesays.com\/fr\/259465\/"},"modified":"2025-07-19T19:21:09","modified_gmt":"2025-07-19T19:21:09","slug":"les-cumulards-de-france-televisions","status":"publish","type":"post","link":"https:\/\/www.europesays.com\/fr\/259465\/","title":{"rendered":"les cumulards de France T\u00e9l\u00e9visions"},"content":{"rendered":"<p>Les trois animateurs-journalistes multiplient les pr\u00e9sentations sur le service public.<\/p>\n<p class=\"fig-paragraph\">Ses d\u00e9tracteurs la surnomment \u00ab L\u00e9a Sale m\u00e9m\u00e9\u00a0\u00bb, ce qui n\u2019est pas gentil et rappelle aux plus anciens le \u00ab M\u00e9m\u00e9 morte hier\u00a0\u00bb, dont on avait affubl\u00e9 l\u2019aimable Aim\u00e9e Mortimer (1901-1978), productrice de\u00ab L\u2019\u00c9cole des vedettes\u00a0\u00bb (1956-1963), o\u00f9 Line Renaud fut la marraine de Johnny Hallyday pour sa premi\u00e8re t\u00e9l\u00e9. Bonne pioche pour les deux.<\/p>\n<p class=\"fig-paragraph\">Bonne pioche aussi pour\u00a0<a href=\"http:\/\/tvmag.lefigaro.fr\/programme-tv\/actu-tele\/il-fait-froid-et-on-se-sent-tres-seule-les-premiers-pas-de-lea-salame-sur-le-plateau-du-20-heures-de-france-2-20250708\" data-fig-type=\"Article\" data-gtm-custom-categorie=\"navigation\" data-gtm-custom-action=\"crossclick\" data-gtm-custom-label=\"Contextuel\" data-gtm-event=\"customEventSPE\" data-fig-domain=\"TVMAG\" rel=\"nofollow noopener\" target=\"_blank\">L\u00e9a Salam\u00e9<\/a>\u00a0qui, ayant d\u00e9croch\u00e9 le journal t\u00e9l\u00e9vis\u00e9 de France 2, y garde son \u00e9mission \u00ab Quelle \u00e9poque\u00a0!\u00a0\u00bb. C\u2019est une des triomphatrices du mercato 2025, tout comme\u00a0<a href=\"http:\/\/tvmag.lefigaro.fr\/programme-tv\/actu-tele\/je-ne-suis-absolument-pas-parfait-nagui-avoue-qu-il-prendra-l-avion-cet-ete-20250630\" data-fig-type=\"Article\" data-gtm-custom-categorie=\"navigation\" data-gtm-custom-action=\"crossclick\" data-gtm-custom-label=\"Contextuel\" data-gtm-event=\"customEventSPE\" data-fig-domain=\"TVMAG\" rel=\"nofollow noopener\" target=\"_blank\">Nagui<\/a>\u00a0(\u00ab\u00a0<a href=\"http:\/\/tvmag.lefigaro.fr\/programme-tv\/audiences-tv\/audiences-intervilles-degringole-sur-france-2-20250711\" data-fig-type=\"Article\" data-gtm-custom-categorie=\"navigation\" data-gtm-custom-action=\"crossclick\" data-gtm-custom-label=\"Contextuel\" data-gtm-event=\"customEventSPE\" data-fig-domain=\"TVMAG\" rel=\"nofollow noopener\" target=\"_blank\">Intervilles\u00a0<\/a>\u00bb + \u00ab N\u2019oubliez pas les paroles\u00a0\u00bb + \u00ab Taratata\u00a0\u00bb, sans oublier une quotidienne sur France Inter), Faustine Bollaert (\u00ab \u00c7a commence aujourd\u2019hui\u00a0\u00bb + \u00ab Les Enfants de la t\u00e9l\u00e9\u00a0\u00bb et une \u00e9mission sur RTL) ou Patrick Cohen (\u00ab C \u00e0 vous\u00a0\u00bb + \u00ab Rembob\u2019INA\u00a0\u00bb et une chronique sur France Inter). On pourrait citer d\u2019autres de ces amateurs de cadence infernale, mais la place nous est compt\u00e9e.<\/p>\n<p class=\"fig-body-link\">\n            \u00c0 lire aussi<br \/>\n        <a class=\"fig-body-link__link fig-premium-mark\" href=\"http:\/\/www.lefigaro.fr\/medias\/la-tele-est-en-train-de-crever-par-conservatisme-l-offensive-de-france-televisions-pour-etendre-son-audience-a-la-rentree-20250708\" data-fig-type=\"Article\" data-gtm-custom-categorie=\"navigation\" data-gtm-custom-action=\"crossclick\" data-gtm-custom-label=\"Contextuel\" data-gtm-event=\"customEventSPE\" data-fig-domain=\"LEFIGARO\" rel=\"nofollow noopener\" target=\"_blank\">\u00abLa t\u00e9l\u00e9 est en train de crever par conservatisme\u00bb\u00a0: l\u2019offensive de France T\u00e9l\u00e9visions pour \u00e9tendre son audience \u00e0 la rentr\u00e9e<br \/>\n    <\/a>\n<\/p>\n<p>                                    <a class=\"fig-a11y-skip a11y-hidden\" href=\"#fig-a11y-skip-main-inarticle\"><br \/>\n        Passer la publicit\u00e9<br \/>\n    <\/a><\/p>\n<p class=\"fig-paragraph\">Pourquoi ces cumuls\u00a0? D\u00e9ficitaire, la t\u00e9l\u00e9vision publique obligerait-elle ses enfants \u00e0 cachetonner, comme des artistes courant de cabaret en cabaret\u00a0? La raison est plut\u00f4t au manque de flair et d\u2019audace du directeur des antennes et des programmes, St\u00e9phane Sitbon-Gomez, si vieux pour son \u00e2ge. Incapable de faire \u00e9merger de nouveaux talents, il pr\u00e9f\u00e8re se replier sur les comp\u00e9tences d\u00e9j\u00e0 reconnues. Et voil\u00e0 aussi pourquoi France T\u00e9l\u00e9 roupille.<\/p>\n","protected":false},"excerpt":{"rendered":"Les trois animateurs-journalistes multiplient les pr\u00e9sentations sur le service public. Ses d\u00e9tracteurs la surnomment \u00ab L\u00e9a Sale m\u00e9m\u00e9\u00a0\u00bb,&hellip;\n","protected":false},"author":2,"featured_media":259466,"comment_status":"","ping_status":"","sticky":false,"template":"","format":"standard","meta":{"footnotes":""},"categories":[1359],"tags":[58,59,1011,27,2400,973],"class_list":{"0":"post-259465","1":"post","2":"type-post","3":"status-publish","4":"format-standard","5":"has-post-thumbnail","7":"category-people","8":"tag-divertissement","9":"tag-entertainment","10":"tag-fr","11":"tag-france","12":"tag-france-televisions","13":"tag-people"},"share_on_mastodon":{"url":"https:\/\/pubeurope.com\/@fr\/114881526679550753","error":""},"_links":{"self":[{"href":"https:\/\/www.europesays.com\/fr\/wp-json\/wp\/v2\/posts\/259465","targetHints":{"allow":["GET"]}}],"collection":[{"href":"https:\/\/www.europesays.com\/fr\/wp-json\/wp\/v2\/posts"}],"about":[{"href":"https:\/\/www.europesays.com\/fr\/wp-json\/wp\/v2\/types\/post"}],"author":[{"embeddable":true,"href":"https:\/\/www.europesays.com\/fr\/wp-json\/wp\/v2\/users\/2"}],"replies":[{"embeddable":true,"href":"https:\/\/www.europesays.com\/fr\/wp-json\/wp\/v2\/comments?post=259465"}],"version-history":[{"count":0,"href":"https:\/\/www.europesays.com\/fr\/wp-json\/wp\/v2\/posts\/259465\/revisions"}],"wp:featuredmedia":[{"embeddable":true,"href":"https:\/\/www.europesays.com\/fr\/wp-json\/wp\/v2\/media\/259466"}],"wp:attachment":[{"href":"https:\/\/www.europesays.com\/fr\/wp-json\/wp\/v2\/media?parent=259465"}],"wp:term":[{"taxonomy":"category","embeddable":true,"href":"https:\/\/www.europesays.com\/fr\/wp-json\/wp\/v2\/categories?post=259465"},{"taxonomy":"post_tag","embeddable":true,"href":"https:\/\/www.europesays.com\/fr\/wp-json\/wp\/v2\/tags?post=259465"}],"curies":[{"name":"wp","href":"https:\/\/api.w.org\/{rel}","templated":true}]}}