{"id":259467,"date":"2025-07-19T19:22:15","date_gmt":"2025-07-19T19:22:15","guid":{"rendered":"https:\/\/www.europesays.com\/fr\/259467\/"},"modified":"2025-07-19T19:22:15","modified_gmt":"2025-07-19T19:22:15","slug":"marseille-accueille-sa-premiere-exposition-entierement-consacree-au-grand-maitre-de-lart-moderne","status":"publish","type":"post","link":"https:\/\/www.europesays.com\/fr\/259467\/","title":{"rendered":"Marseille accueille sa premi\u00e8re exposition enti\u00e8rement consacr\u00e9e au grand ma\u00eetre de l&rsquo;art moderne"},"content":{"rendered":"<p>De ses sculptures aux formes g\u00e9om\u00e9triques des ann\u00e9es 1920 jusqu\u2019aux c\u00e9l\u00e8bres figures longilignes des ann\u00e9es 1960, le parcours de l\u2019exposition \u00ab Alberto Giacometti. Sculpter le vide \u00bb (jusqu\u2019au 28 septembre) explique avec une grande justesse l\u2019importance du lien \u00e0 l\u2019espace voulu par l\u2019artiste suisse pour ses \u0153uvres en trois dimensions. Une mention particuli\u00e8re pour la section surr\u00e9aliste et pour la derni\u00e8re salle qui souligne les sources extra-europ\u00e9ennes de Giacometti.<\/p>\n","protected":false},"excerpt":{"rendered":"De ses sculptures aux formes g\u00e9om\u00e9triques des ann\u00e9es 1920 jusqu\u2019aux c\u00e9l\u00e8bres figures longilignes des ann\u00e9es 1960, le parcours&hellip;\n","protected":false},"author":2,"featured_media":259468,"comment_status":"","ping_status":"","sticky":false,"template":"","format":"standard","meta":{"footnotes":""},"categories":[1358],"tags":[1348,1384,1385,1386,58,59,1011,27],"class_list":{"0":"post-259467","1":"post","2":"type-post","3":"status-publish","4":"format-standard","5":"has-post-thumbnail","7":"category-arts-et-design","8":"tag-arts","9":"tag-arts-and-design","10":"tag-arts-et-design","11":"tag-design","12":"tag-divertissement","13":"tag-entertainment","14":"tag-fr","15":"tag-france"},"share_on_mastodon":{"url":"https:\/\/pubeurope.com\/@fr\/114881530773668354","error":""},"_links":{"self":[{"href":"https:\/\/www.europesays.com\/fr\/wp-json\/wp\/v2\/posts\/259467","targetHints":{"allow":["GET"]}}],"collection":[{"href":"https:\/\/www.europesays.com\/fr\/wp-json\/wp\/v2\/posts"}],"about":[{"href":"https:\/\/www.europesays.com\/fr\/wp-json\/wp\/v2\/types\/post"}],"author":[{"embeddable":true,"href":"https:\/\/www.europesays.com\/fr\/wp-json\/wp\/v2\/users\/2"}],"replies":[{"embeddable":true,"href":"https:\/\/www.europesays.com\/fr\/wp-json\/wp\/v2\/comments?post=259467"}],"version-history":[{"count":0,"href":"https:\/\/www.europesays.com\/fr\/wp-json\/wp\/v2\/posts\/259467\/revisions"}],"wp:featuredmedia":[{"embeddable":true,"href":"https:\/\/www.europesays.com\/fr\/wp-json\/wp\/v2\/media\/259468"}],"wp:attachment":[{"href":"https:\/\/www.europesays.com\/fr\/wp-json\/wp\/v2\/media?parent=259467"}],"wp:term":[{"taxonomy":"category","embeddable":true,"href":"https:\/\/www.europesays.com\/fr\/wp-json\/wp\/v2\/categories?post=259467"},{"taxonomy":"post_tag","embeddable":true,"href":"https:\/\/www.europesays.com\/fr\/wp-json\/wp\/v2\/tags?post=259467"}],"curies":[{"name":"wp","href":"https:\/\/api.w.org\/{rel}","templated":true}]}}