{"id":259469,"date":"2025-07-19T19:23:26","date_gmt":"2025-07-19T19:23:26","guid":{"rendered":"https:\/\/www.europesays.com\/fr\/259469\/"},"modified":"2025-07-19T19:23:26","modified_gmt":"2025-07-19T19:23:26","slug":"cette-librairie-de-vernon-a-nouveau-recompensee","status":"publish","type":"post","link":"https:\/\/www.europesays.com\/fr\/259469\/","title":{"rendered":"Cette librairie de Vernon \u00e0 nouveau r\u00e9compens\u00e9e"},"content":{"rendered":"<p>            Par<br \/>\n        <strong><br \/>\n            <a href=\"https:\/\/actu.fr\/auteur\/journaliste-ledemocrate\" title=\"Consulter tous les articles de R\u00e9daction Vernon\" rel=\"nofollow noopener\" target=\"_blank\">R\u00e9daction Vernon<\/a><br \/>\n        <\/strong><\/p>\n<p>        Publi\u00e9 le<\/p>\n<p>            19 juil. 2025 \u00e0 18h24        <\/p>\n<p>La librairie de <a href=\"https:\/\/actu.fr\/normandie\/vernon_27681\" rel=\"nofollow noopener\" target=\"_blank\">Vernon<\/a>, dans <b>l\u2019Eure,<\/b> a d\u00e9cid\u00e9ment le vent en poupe. On se souvient qu\u2019elle avait \u00e9t\u00e9 laur\u00e9ate en 2022 d\u2019une bourse de la Fondation Jean-Luc Lagard\u00e8re pour r\u00e9nover son cadre.<\/p>\n<p class=\" wall-content\">Livre Hebdo, le magazine des professionnels du livre, vient \u00e0 son tour de la hisser sur le podium.<\/p>\n<p class=\" wall-content\">\u00ab\u00a0C\u2019est un prix tr\u00e8s suivi par la <b>profession.<\/b> Il est d\u00e9cern\u00e9 chaque ann\u00e9e aux librairies dans diverses cat\u00e9gories : animation, communication, valorisation du fonds\u2026 Nous avons re\u00e7u le prix du service innovant, je suis tr\u00e8s contente\u00a0\u00bb, d\u00e9clare la libraire Aude Lemullier, 37 ans, qui avait candidat\u00e9 au plan g\u00e9n\u00e9ral.<\/p>\n<p>Recr\u00e9er du lien social<\/p>\n<p class=\" wall-content\">Ce service innovant, en quoi consiste-t-il ? \u00ab\u00a0On a mis en place un syst\u00e8me de conseil et de livraison adapt\u00e9 aux personnes \u00e0 mobilit\u00e9 r\u00e9duite, notamment aux personnes \u00e2g\u00e9es de la ville de Vernon. On l\u2019a confirm\u00e9 au moment des travaux de voirie rue d\u2019Albufera qui nous ont enclav\u00e9s de mi-octobre \u00e0 fin avril : du fait des difficult\u00e9s d\u2019acc\u00e8s, on voyait beaucoup moins les personnes \u00e2g\u00e9es.\u00a0\u00bb<\/p>\n<p class=\" wall-content\">Ce service existait d\u00e9j\u00e0 ponctuellement pour les personnes qui en faisaient la demande.<\/p>\n<p>Un service gratuit<\/p>\n<p class=\" wall-content\">\u00ab\u00a0Mais ce sont les travaux qui nous ont donn\u00e9 l\u2019id\u00e9e de le d\u00e9velopper. On a communiqu\u00e9, surtout par le bouche-\u00e0-oreille, et ainsi cr\u00e9\u00e9 un petit groupe de personnes qu\u2019on livre \u00e0 domicile.\u00a0\u00bb<\/p>\n<p>Vid\u00e9os : en ce moment sur Actu<\/p>\n<p class=\" wall-content\">La prise de commande se fait soit par t\u00e9l\u00e9phone, soit par mail ou m\u00eame par courrier.<\/p>\n<blockquote class=\"ac-article-quote wall-content\">\n<p>\u00ab\u00a0On appelle la personne quand les livres sont pr\u00eats. Pour le paiement, on s\u2019adapte : carte \u00e0 distance, virement sur le compte ou r\u00e8glement \u00e0 la livraison.\u00a0\u00bb<\/p>\n<p>Aude Lemullier, libraire<\/p><\/blockquote>\n<p class=\" wall-content\">Non pas une livraison anonyme, comme chez (on ne citera pas de nom), mais avec discussion, sourires et remise de la newsletter de <b>la Compagnie des Livres<\/b> avec ses \u00ab\u00a0coups de c\u0153ur\u00a0\u00bb.<\/p>\n<p class=\" wall-content\">\u00ab\u00a0M\u00eame ceux qui ont acc\u00e8s \u00e0 Internet nous disent qu\u2019ils ont envie de faire vivre un commerce de proximit\u00e9. \u00c7a cr\u00e9e un lien social important. Par exemple, on a un monsieur \u00e0 la r\u00e9sidence Cazam qui pourrait commander par <b>Internet <\/b>mais qui a fait ce choix.\u00a0\u00bb<\/p>\n<p>    <a href=\"https:\/\/www.facebook.com\/plugins\/post.php?href=https%3A%2F%2Fwww.facebook.com%2Flacompagnie.deslivres%2Fposts%2Fpfbid0MRsZqnBZefbjo2QphgW3oiptHzAS1kUDZFDFd8jx8GqDa3jLhR8851o5s2u8KhQdl&amp;show_text=true&amp;width=350\" title=\"Ouvrie le lien\" rel=\"nofollow noopener\" target=\"_blank\">Cliquez ici pour visualiser le contenu<\/a><\/p>\n<p class=\" wall-content\">Les retours sont excellents, notamment de proches dont les parents vivent en r\u00e9sidence s\u00e9nior. La livraison, qui peut s\u2019\u00e9tendre jusqu\u2019aux quartiers p\u00e9riph\u00e9riques, s\u2019effectue \u00e0 pied ou en voiture \u00e9lectrique. M\u00eame la plan\u00e8te y trouve son compte. Et ce service, bien s\u00fbr, est totalement gratuit.<\/p>\n<p>La Compagnie des Livres au 76, rue d\u2019Albufera, Vernon. 02 32 51 27 33.<\/p>\n<p class=\" wall-content\">Suivez toute l\u2019actualit\u00e9 de vos villes et m\u00e9dias favoris en vous inscrivant \u00e0 <a href=\"https:\/\/moncompte.actu.fr\" title=\"D\u00e9couvez Mon Actu\" rel=\"nofollow noopener\" data-trk=\"{&quot;cta&quot;:{&quot;action&quot;:&quot;https:\\\/\\\/moncompte.actu.fr&quot;,&quot;category&quot;:&quot;mon compte&quot;,&quot;from&quot;:&quot;article footer&quot;,&quot;name&quot;:&quot;Mon actu&quot;,&quot;type&quot;:&quot;cta&quot;}}\" target=\"_blank\">Mon Actu<\/a>.<\/p>\n","protected":false},"excerpt":{"rendered":"Par R\u00e9daction Vernon Publi\u00e9 le 19 juil. 2025 \u00e0 18h24 La librairie de Vernon, dans l\u2019Eure, a d\u00e9cid\u00e9ment&hellip;\n","protected":false},"author":2,"featured_media":259470,"comment_status":"","ping_status":"","sticky":false,"template":"","format":"standard","meta":{"footnotes":""},"categories":[1357],"tags":[1379,58,59,1011,27,1380,104],"class_list":{"0":"post-259469","1":"post","2":"type-post","3":"status-publish","4":"format-standard","5":"has-post-thumbnail","7":"category-livres","8":"tag-books","9":"tag-divertissement","10":"tag-entertainment","11":"tag-fr","12":"tag-france","13":"tag-livres","14":"tag-societe"},"share_on_mastodon":{"url":"https:\/\/pubeurope.com\/@fr\/114881534690109095","error":""},"_links":{"self":[{"href":"https:\/\/www.europesays.com\/fr\/wp-json\/wp\/v2\/posts\/259469","targetHints":{"allow":["GET"]}}],"collection":[{"href":"https:\/\/www.europesays.com\/fr\/wp-json\/wp\/v2\/posts"}],"about":[{"href":"https:\/\/www.europesays.com\/fr\/wp-json\/wp\/v2\/types\/post"}],"author":[{"embeddable":true,"href":"https:\/\/www.europesays.com\/fr\/wp-json\/wp\/v2\/users\/2"}],"replies":[{"embeddable":true,"href":"https:\/\/www.europesays.com\/fr\/wp-json\/wp\/v2\/comments?post=259469"}],"version-history":[{"count":0,"href":"https:\/\/www.europesays.com\/fr\/wp-json\/wp\/v2\/posts\/259469\/revisions"}],"wp:featuredmedia":[{"embeddable":true,"href":"https:\/\/www.europesays.com\/fr\/wp-json\/wp\/v2\/media\/259470"}],"wp:attachment":[{"href":"https:\/\/www.europesays.com\/fr\/wp-json\/wp\/v2\/media?parent=259469"}],"wp:term":[{"taxonomy":"category","embeddable":true,"href":"https:\/\/www.europesays.com\/fr\/wp-json\/wp\/v2\/categories?post=259469"},{"taxonomy":"post_tag","embeddable":true,"href":"https:\/\/www.europesays.com\/fr\/wp-json\/wp\/v2\/tags?post=259469"}],"curies":[{"name":"wp","href":"https:\/\/api.w.org\/{rel}","templated":true}]}}