{"id":259471,"date":"2025-07-19T19:24:11","date_gmt":"2025-07-19T19:24:11","guid":{"rendered":"https:\/\/www.europesays.com\/fr\/259471\/"},"modified":"2025-07-19T19:24:11","modified_gmt":"2025-07-19T19:24:11","slug":"coup-de-theatre-mayer-a-plie-bagage-de-la-maison-des-secrets","status":"publish","type":"post","link":"https:\/\/www.europesays.com\/fr\/259471\/","title":{"rendered":"Coup de th\u00e9\u00e2tre Mayer a pli\u00e9 bagage de la maison des secrets"},"content":{"rendered":"<p>Un rebondissement inattendu\u00a0! Ce samedi 19\u00a0juillet 2025, la production de <a href=\"https:\/\/www.20minutes.fr\/dossier\/secret_story\" class=\"color-ultramarine c-link\" target=\"_blank\" rel=\"noopener\">Secret Story<\/a> a l\u00e2ch\u00e9 une bombe sur <a href=\"https:\/\/www.instagram.com\/secretstory_tf1\/?hl=fr\" target=\"_blank\" class=\"color-ultramarine c-link\" rel=\"noopener\">le compte Instagram officiel de l\u2019\u00e9mission<\/a> de <a href=\"https:\/\/www.20minutes.fr\/dossier\/tf1\" class=\"color-ultramarine c-link\" target=\"_blank\" rel=\"noopener\">TF1<\/a>\u00a0: Mayer a pli\u00e9 bagage et quitt\u00e9 la <a href=\"https:\/\/www.20minutes.fr\/diaporama\/diaporama-4157703-images-visitez-maison-secret-story-2025\" class=\"color-ultramarine c-link\" target=\"_blank\" rel=\"noopener\">maison des secrets<\/a>. \u00ab\u00a0Mayer a d\u00e9cid\u00e9 de quitter l\u2019aventure Secret Story. C\u2019est un choix qu\u2019il a m\u00fbrement r\u00e9fl\u00e9chi et que nous respectons ainsi que tous les habitants. Il a retrouv\u00e9 ses proches et tout va pour le mieux pour lui. Cette d\u00e9cision lui appartient et il s\u2019exprimera sur les raisons de son d\u00e9part\u00a0\u00bb, indique le post de la production. Pas de date pr\u00e9cise de la prise de parole du candidat pour l\u2019instant, mais les images de son adieu promettent de faire jaser d\u00e8s la quotidienne de ce lundi 21\u00a0juillet. On a h\u00e2te d\u2019en savoir plus\u00a0!<\/p>\n<\/p>\n<p>L\u2019ami de Romy<\/p>\n<p>Mayer avait d\u00e9barqu\u00e9 dans l\u2019aventure le 10\u00a0juin dernier, lors du lancement en fanfare de cette nouvelle saison sur TF1. Comme ses camarades, il s\u2019est d\u00e9men\u00e9 pour percer les secrets des autres, sans grand succ\u00e8s, il faut l\u2019avouer. Il s\u2019est surtout li\u00e9 d\u2019amiti\u00e9 avec Romy. Souvenez-vous, lors d\u2019un prime, Romy avait m\u00eame eu la surprise de rencontrer Zach, le fr\u00e8re jumeau de Mayer, star des r\u00e9seaux sociaux.<\/p>\n<p>Avec ce d\u00e9part, il ne reste plus que six candidats en lice pour la grande finale du 7\u00a0ao\u00fbt\u00a0: Romy, A\u00efmed, Constance, Ethan, Anita et Noah. Qui d\u00e9crochera la victoire\u00a0? Suspense, suspense\u00a0!<\/p>\n<p><script async src=\"\/\/www.instagram.com\/embed.js\"><\/script><\/p>\n","protected":false},"excerpt":{"rendered":"Un rebondissement inattendu\u00a0! Ce samedi 19\u00a0juillet 2025, la production de Secret Story a l\u00e2ch\u00e9 une bombe sur le&hellip;\n","protected":false},"author":2,"featured_media":259472,"comment_status":"","ping_status":"","sticky":false,"template":"","format":"standard","meta":{"footnotes":""},"categories":[1356],"tags":[3985,58,59,1011,27,29901,252,199,1364],"class_list":{"0":"post-259471","1":"post","2":"type-post","3":"status-publish","4":"format-standard","5":"has-post-thumbnail","7":"category-television","8":"tag-depart","9":"tag-divertissement","10":"tag-entertainment","11":"tag-fr","12":"tag-france","13":"tag-secret-story","14":"tag-television","15":"tag-tf1","16":"tag-tv"},"share_on_mastodon":{"url":"https:\/\/pubeurope.com\/@fr\/114881538493987347","error":""},"_links":{"self":[{"href":"https:\/\/www.europesays.com\/fr\/wp-json\/wp\/v2\/posts\/259471","targetHints":{"allow":["GET"]}}],"collection":[{"href":"https:\/\/www.europesays.com\/fr\/wp-json\/wp\/v2\/posts"}],"about":[{"href":"https:\/\/www.europesays.com\/fr\/wp-json\/wp\/v2\/types\/post"}],"author":[{"embeddable":true,"href":"https:\/\/www.europesays.com\/fr\/wp-json\/wp\/v2\/users\/2"}],"replies":[{"embeddable":true,"href":"https:\/\/www.europesays.com\/fr\/wp-json\/wp\/v2\/comments?post=259471"}],"version-history":[{"count":0,"href":"https:\/\/www.europesays.com\/fr\/wp-json\/wp\/v2\/posts\/259471\/revisions"}],"wp:featuredmedia":[{"embeddable":true,"href":"https:\/\/www.europesays.com\/fr\/wp-json\/wp\/v2\/media\/259472"}],"wp:attachment":[{"href":"https:\/\/www.europesays.com\/fr\/wp-json\/wp\/v2\/media?parent=259471"}],"wp:term":[{"taxonomy":"category","embeddable":true,"href":"https:\/\/www.europesays.com\/fr\/wp-json\/wp\/v2\/categories?post=259471"},{"taxonomy":"post_tag","embeddable":true,"href":"https:\/\/www.europesays.com\/fr\/wp-json\/wp\/v2\/tags?post=259471"}],"curies":[{"name":"wp","href":"https:\/\/api.w.org\/{rel}","templated":true}]}}