{"id":259479,"date":"2025-07-19T19:29:11","date_gmt":"2025-07-19T19:29:11","guid":{"rendered":"https:\/\/www.europesays.com\/fr\/259479\/"},"modified":"2025-07-19T19:29:11","modified_gmt":"2025-07-19T19:29:11","slug":"le-festival-tomorrowland-endeuille-par-la-mort-dune-festivaliere-canadienne-de-35-ans","status":"publish","type":"post","link":"https:\/\/www.europesays.com\/fr\/259479\/","title":{"rendered":"Le festival Tomorrowland endeuill\u00e9 par la mort d\u2019une festivali\u00e8re canadienne de 35\u00a0ans"},"content":{"rendered":"<p>        <img decoding=\"async\" loading=\"lazy\" src=\"https:\/\/www.europesays.com\/fr\/wp-content\/uploads\/2025\/07\/b3f2f6d_1658613821838-5d3884bc3b00004d00dad599.jpeg\"  width=\"728\" height=\"409\" alt=\"Le festival de musique \u00e9lectronique Tomorrowland, en Belgique, vit une \u00e9dition particuli\u00e8rement difficile.\"\/>  <\/p>\n<p>DAVID PINTENS via Getty Images<\/p>\n<p>Le festival de musique \u00e9lectronique Tomorrowland, en Belgique, vit une \u00e9dition particuli\u00e8rement difficile.<\/p>\n<p class=\"asset asset-text\">MUSIQUE &#8211; Ann\u00e9e maudite\u00a0? Alors que le festival belge de <a href=\"https:\/\/www.huffingtonpost.fr\/culture\/article\/tomorrowland-met-en-garde-contre-les-drogues-trop-pures-apres-un-deces_149227.html\" target=\"_blank\" rel=\"noopener\">Tomorrowland<\/a> se remet \u00e0 peine de l\u2019incendie qui a ravag\u00e9 sa sc\u00e8ne principale, deux jours avant l\u2019arriv\u00e9e des festivaliers, l\u2019organisation a annonc\u00e9 ce samedi 19\u00a0juillet, au deuxi\u00e8me jour du festival, la mort d\u2019une personne durant l\u2019\u00e9v\u00e9nement.<\/p>\n<p class=\"asset asset-text\">Selon les autorit\u00e9s belges, qui ont ouvert une enqu\u00eate, la victime est une Canadienne de 35\u00a0ans tomb\u00e9e malade durant Tomorrowland. Le parquet d\u2019Anvers a indiqu\u00e9 qu\u2019il cherchait \u00e0 d\u00e9terminer les causes du d\u00e9c\u00e8s de cette femme de 35\u00a0ans, qui faisait partie des <a href=\"https:\/\/www.huffingtonpost.fr\/actualites\/video\/festival-tomorrowland-apres-la-pandemie-ces-images-vont-vous-prendre-aux-tripes_198441.html\" target=\"_blank\" rel=\"noopener\">dizaines de milliers de festivaliers<\/a> pr\u00e9sents lors de la soir\u00e9e d\u2019ouverture vendredi.<\/p>\n<p class=\"asset asset-text\">Les organisateurs ont expliqu\u00e9 que la femme avait fait un malaise au cours du festival qui se tient \u00e0 Boom, pr\u00e8s d\u2019Anvers, et avait re\u00e7u \u00ab\u00a0les premiers soins\u00a0\u00bb avant son transfert \u00e0 l\u2019h\u00f4pital, o\u00f9 son d\u00e9c\u00e8s a \u00e9t\u00e9 constat\u00e9, a pr\u00e9cis\u00e9 une porte-parole du parquet d\u2019Anvers \u00e0 l\u2019AFP. \u00ab\u00a0Ce matin, nous avons appris avec tristesse qu\u2019elle est d\u00e9c\u00e9d\u00e9e. Nos pens\u00e9es vont \u00e0 sa famille, \u00e0 ses amis et \u00e0 ses proches\u00a0\u00bb, a d\u00e9clar\u00e9 la porte-parole du festival Debby Wilmsen.<\/p>\n<p>    Sc\u00e8ne alternative    <\/p>\n<p class=\"asset asset-text\">Un coup dur de plus \u00e0 encaisser pour cette \u00e9dition 2025, frapp\u00e9e plus t\u00f4t dans la semaine par un incendie qui a d\u00e9truit enti\u00e8rement sa sc\u00e8ne principale. Malgr\u00e9 cet incident d\u2019ampleur, les organisateurs ont rapidement mis en place une \u00ab\u00a0configuration alternative\u00a0\u00bb et l\u2019\u00e9v\u00e9nement a pu se tenir comme pr\u00e9vu.<\/p>\n<p class=\"asset asset-text\">D\u2019ailleurs vendredi, la sc\u00e8ne alternative install\u00e9e devant la sc\u00e8ne principale d\u00e9truite laissait entrevoir les stigmates de l\u2019incendie, avec des morceaux de m\u00e9tal calcin\u00e9s encore pr\u00e9sents en arri\u00e8re-plan, <strong>comme vous pouvez le voir sur la photo ci-dessous<\/strong>, partag\u00e9e sur les r\u00e9seaux sociaux par le festival.<\/p>\n<p> La lecture de ce contenu est susceptible d\u2019entra\u00eener un d\u00e9p\u00f4t de cookies de la part de l\u2019op\u00e9rateur tiers qui l\u2019h\u00e9berge. Compte-tenu des choix que vous avez exprim\u00e9s en mati\u00e8re de d\u00e9p\u00f4t de cookies, nous avons bloqu\u00e9 l\u2019affichage de ce contenu. Si vous souhaitez y acc\u00e9der, vous devez accepter la cat\u00e9gorie de cookies \u201cContenus tiers\u201d en cliquant sur le bouton ci-dessous. <\/p>\n<p> Lire la Vid\u00e9o        <\/p>\n<p class=\"asset asset-text\">Rassemblant des dizaines d\u2019artistes, dont David Guetta, Lost Frequencies et Charlotte de Witte, Tomorrowland\u00a0attire chaque ann\u00e9e des milliers de passionn\u00e9s de musique \u00e9lectronique du monde entier. Environ 400\u00a0000 personnes sont attendues sur les deux week-ends du festival, pr\u00e9vus du 18\u00a0au 20\u00a0juillet et du 25\u00a0au 27\u00a0juillet.<\/p>\n","protected":false},"excerpt":{"rendered":"DAVID PINTENS via Getty Images Le festival de musique \u00e9lectronique Tomorrowland, en Belgique, vit une \u00e9dition particuli\u00e8rement difficile.&hellip;\n","protected":false},"author":2,"featured_media":259480,"comment_status":"","ping_status":"","sticky":false,"template":"","format":"standard","meta":{"footnotes":""},"categories":[8],"tags":[828,251,58,59,22162,1011,27,14,873],"class_list":{"0":"post-259479","1":"post","2":"type-post","3":"status-publish","4":"format-standard","5":"has-post-thumbnail","7":"category-divertissement","8":"tag-belgique","9":"tag-culture","10":"tag-divertissement","11":"tag-entertainment","12":"tag-festival-de-musique","13":"tag-fr","14":"tag-france","15":"tag-international","16":"tag-musique"},"share_on_mastodon":{"url":"https:\/\/pubeurope.com\/@fr\/114881558256880595","error":""},"_links":{"self":[{"href":"https:\/\/www.europesays.com\/fr\/wp-json\/wp\/v2\/posts\/259479","targetHints":{"allow":["GET"]}}],"collection":[{"href":"https:\/\/www.europesays.com\/fr\/wp-json\/wp\/v2\/posts"}],"about":[{"href":"https:\/\/www.europesays.com\/fr\/wp-json\/wp\/v2\/types\/post"}],"author":[{"embeddable":true,"href":"https:\/\/www.europesays.com\/fr\/wp-json\/wp\/v2\/users\/2"}],"replies":[{"embeddable":true,"href":"https:\/\/www.europesays.com\/fr\/wp-json\/wp\/v2\/comments?post=259479"}],"version-history":[{"count":0,"href":"https:\/\/www.europesays.com\/fr\/wp-json\/wp\/v2\/posts\/259479\/revisions"}],"wp:featuredmedia":[{"embeddable":true,"href":"https:\/\/www.europesays.com\/fr\/wp-json\/wp\/v2\/media\/259480"}],"wp:attachment":[{"href":"https:\/\/www.europesays.com\/fr\/wp-json\/wp\/v2\/media?parent=259479"}],"wp:term":[{"taxonomy":"category","embeddable":true,"href":"https:\/\/www.europesays.com\/fr\/wp-json\/wp\/v2\/categories?post=259479"},{"taxonomy":"post_tag","embeddable":true,"href":"https:\/\/www.europesays.com\/fr\/wp-json\/wp\/v2\/tags?post=259479"}],"curies":[{"name":"wp","href":"https:\/\/api.w.org\/{rel}","templated":true}]}}