{"id":259499,"date":"2025-07-19T19:39:11","date_gmt":"2025-07-19T19:39:11","guid":{"rendered":"https:\/\/www.europesays.com\/fr\/259499\/"},"modified":"2025-07-19T19:39:11","modified_gmt":"2025-07-19T19:39:11","slug":"des-paddles-du-pin-de-galle-aux-bateaux-aux-oursinieres","status":"publish","type":"post","link":"https:\/\/www.europesays.com\/fr\/259499\/","title":{"rendered":"Des paddles du Pin de Galle&#8230; aux bateaux aux Oursini\u00e8res"},"content":{"rendered":"<p>Avec son indissociable chien Marcel, Jean-Baptiste Bucci poursuit ses aventures nautiques au Pradet. Jusqu\u2019\u00e0 l\u2019\u00e9t\u00e9 dernier, il d\u00e9veloppait une activit\u00e9 de location de paddles, kayaks et balades en mer depuis la plage du Pin de Galle. Chass\u00e9 de ce petit paradis par des riverains m\u00e9contents de son business, le quinquag\u00e9naire a su rebondir\u2026 non loin de l\u00e0.<\/p>\n<p>\u00ab\u00a0J\u2019ai d\u00fb tout quitter en octobre dernier. J\u2019ai vendu tout mon mat\u00e9riel. Je me suis retrouv\u00e9 sans job et sans logement. Heureusement, on m\u2019a soutenu.\u00a0\u00bb Apr\u00e8s avoir dig\u00e9r\u00e9 la situation, Jean-Baptiste veut aller de l\u2019avant. \u00ab\u00a0J\u2019avais dans un coin de la t\u00eate une envie de me lancer dans la location de bateaux sans permis.\u00a0\u00bb Apr\u00e8s une demande d\u2019autorisation au port, c\u2019est chose faite!<\/p>\n<p>Entre 110 et 150 euros<\/p>\n<p>\u00ab\u00a0Je voulais proposer quelque chose d\u2019accessible financi\u00e8rement pour profiter de notre magnifique littoral. Ce petit bateau, \u00e0 petit moteur donc peu polluant, est parfait pour cela.\u00a0\u00bb Trois formules sont disponibles: Demi-journ\u00e9e (180 euros pour cinq personnes, carburant inclus), deux heures (110 euros) et le sunset en amoureux (150 euros, avec bouteille de champagne). Si aujourd\u2019hui Pitchoun est tout seul aux Oursini\u00e8res, le Prad\u00e9tan esp\u00e8re bien lui offrir deux ou trois autres compagnons. \u00ab\u00a0Je n\u2019ai pas la volont\u00e9 de monter une multinationale, pr\u00e9cise-t-il. L\u2019objectif, c\u2019est juste de pouvoir offrir un peu de libert\u00e9 \u00e0 tous!\u00a0\u00bb<\/p>\n<p>Et de la libert\u00e9, J-B en propose aussi sur son pointu. Elle rime l\u00e0 avec convivialit\u00e9. Il propose de vous embarquer sur Petit Bonheur et vous faire profiter d\u2019un ap\u00e9ro sunset (avec boisson et nourriture) entre 50 et 70 euros. \u00ab\u00a0Il y a enfin la possibilit\u00e9 de faire une escapade de deux heures pour d\u00e9couvrir la rade (entre 15 et 30 euros).\u00a0\u00bb Et toujours avec le m\u00eame leitmotiv: authenticit\u00e9 et lien social.<\/p>\n","protected":false},"excerpt":{"rendered":"Avec son indissociable chien Marcel, Jean-Baptiste Bucci poursuit ses aventures nautiques au Pradet. Jusqu\u2019\u00e0 l\u2019\u00e9t\u00e9 dernier, il d\u00e9veloppait&hellip;\n","protected":false},"author":2,"featured_media":259500,"comment_status":"","ping_status":"","sticky":false,"template":"","format":"standard","meta":{"footnotes":""},"categories":[9619],"tags":[1111,11,1777,674,1011,27,12,882,25,2310,3366],"class_list":{"0":"post-259499","1":"post","2":"type-post","3":"status-publish","4":"format-standard","5":"has-post-thumbnail","7":"category-toulon","8":"tag-actu","9":"tag-actualites","10":"tag-eu","11":"tag-europe","12":"tag-fr","13":"tag-france","14":"tag-news","15":"tag-provence-alpes-cote-dazur","16":"tag-republique-francaise","17":"tag-toulon","18":"tag-vie-locale"},"share_on_mastodon":{"url":"https:\/\/pubeurope.com\/@fr\/114881597456404160","error":""},"_links":{"self":[{"href":"https:\/\/www.europesays.com\/fr\/wp-json\/wp\/v2\/posts\/259499","targetHints":{"allow":["GET"]}}],"collection":[{"href":"https:\/\/www.europesays.com\/fr\/wp-json\/wp\/v2\/posts"}],"about":[{"href":"https:\/\/www.europesays.com\/fr\/wp-json\/wp\/v2\/types\/post"}],"author":[{"embeddable":true,"href":"https:\/\/www.europesays.com\/fr\/wp-json\/wp\/v2\/users\/2"}],"replies":[{"embeddable":true,"href":"https:\/\/www.europesays.com\/fr\/wp-json\/wp\/v2\/comments?post=259499"}],"version-history":[{"count":0,"href":"https:\/\/www.europesays.com\/fr\/wp-json\/wp\/v2\/posts\/259499\/revisions"}],"wp:featuredmedia":[{"embeddable":true,"href":"https:\/\/www.europesays.com\/fr\/wp-json\/wp\/v2\/media\/259500"}],"wp:attachment":[{"href":"https:\/\/www.europesays.com\/fr\/wp-json\/wp\/v2\/media?parent=259499"}],"wp:term":[{"taxonomy":"category","embeddable":true,"href":"https:\/\/www.europesays.com\/fr\/wp-json\/wp\/v2\/categories?post=259499"},{"taxonomy":"post_tag","embeddable":true,"href":"https:\/\/www.europesays.com\/fr\/wp-json\/wp\/v2\/tags?post=259499"}],"curies":[{"name":"wp","href":"https:\/\/api.w.org\/{rel}","templated":true}]}}