{"id":259515,"date":"2025-07-19T19:51:32","date_gmt":"2025-07-19T19:51:32","guid":{"rendered":"https:\/\/www.europesays.com\/fr\/259515\/"},"modified":"2025-07-19T19:51:32","modified_gmt":"2025-07-19T19:51:32","slug":"avec-la-joelette-des-sorties-accessibles-pour-tout-le-monde","status":"publish","type":"post","link":"https:\/\/www.europesays.com\/fr\/259515\/","title":{"rendered":"avec la \u00ab jo\u00eblette \u00bb, des sorties accessibles pour tout le monde !"},"content":{"rendered":"<p><strong>Avec le retour des beaux jours, beaucoup de Strasbourgeois(es) ne r\u00eavent que d\u2019une chose : enfourcher leur bicyclette pour se rafra\u00eechir \u00e0 l\u2019ombre des parcs et for\u00eats des environs. Mais comment faire pour rendre ces balades accessibles \u00e0 toutes et tous ? C\u2019est l\u00e0 que la \u00ab jo\u00eblette \u00bb entre en jeu. Venez, on vous emm\u00e8ne faire un tour !<\/strong><\/p>\n<p><strong>Jo\u00eb-quoi ? La jo\u00eblette, c\u2019est le petit nom donn\u00e9 \u00e0 une sorte de chaise<\/strong> \u00e0 porteurs\/ses mont\u00e9e sur une roue unique. Invent\u00e9e par un certain Jo\u00ebl Claudel (d\u2019o\u00f9 son nom), <strong>elle permet \u00e0 des personnes en situation de handicap de profiter de sorties outdoor. <\/strong><\/p>\n<p>\u00ab C\u2019est vraiment tout terrain, un peu comme un VTT adapt\u00e9 \u00bb, explique Emmanuelle Randrianjatovo, charg\u00e9e de d\u00e9veloppement des actions associatives chez <a href=\"https:\/\/bas-rhin.apf-francehandicap.org\/\" target=\"_blank\" rel=\"noopener nofollow\">APF France handicap Bas-Rhin<\/a>. <strong>For\u00eat, plage, montagne : gr\u00e2ce \u00e0 son adaptabilit\u00e9, la jo\u00eblette repousse les limites de l\u2019accessibilit\u00e9<\/strong> et permet d\u2019avaler le d\u00e9nivel\u00e9 \u2013 du moins tant que la force des bras des accompagnant(e)s le permet.<\/p>\n<p>    <img width=\"800\" height=\"450\" src=\"https:\/\/www.europesays.com\/fr\/wp-content\/uploads\/2025\/07\/20250618-163034-800x450.jpg\" class=\"attachment-image-size-L size-image-size-L\" alt=\"Jo\u00eblette handicap handirando handicap\u00e9\" decoding=\"async\" loading=\"lazy\"  \/>         \u00a9 Astrid Jurquet \/ Pokaa <\/p>\n<p>For\u00eat de la Robertsau, Baggersee : de nombreux spots rendus accessibles<\/p>\n<p>Lors d\u2019un apr\u00e8s-midi ensoleill\u00e9, on retrouve Emmanuelle et des b\u00e9n\u00e9voles de l\u2019association APF France handicap sur <strong>le parking de l\u2019\u00e9tang du Karpfenloch, dans la <\/strong><strong>for\u00eat de la Robertsau. <\/strong><\/p>\n<p>Avant de partir en balade, Arnaud Wirtz, Hugo Potel, Nat Stahl et Charles Mba Tankou s\u2019entra\u00eenent \u00e0 manier la jo\u00eblette.<strong> C\u2019est une premi\u00e8re pour presque tout le monde, et quelques tours de parking sont n\u00e9cessaires pour prendre la chaise adapt\u00e9e en main. <\/strong>\u00ab Aaah, \u00e7a tangue ! \u00bb, s\u2019\u00e9crie Nat, d\u00e9sign\u00e9 cobaye assis pour ce tour de parking. Fou rire g\u00e9n\u00e9ral. <\/p>\n<p>                <img width=\"281\" height=\"500\" src=\"https:\/\/www.europesays.com\/fr\/wp-content\/uploads\/2025\/07\/20250618-145033-281x500.jpg\" class=\"attachment-gallery size-gallery\" alt=\"Jo\u00eblette handicap handirando handicap\u00e9\" data-full-url=\"https:\/\/pokaa.fr\/wp-content\/uploads\/2025\/07\/17\/20250618-145033.jpg\" decoding=\"async\" loading=\"lazy\"  \/>            <\/p>\n<p>                <img width=\"281\" height=\"500\" src=\"https:\/\/www.europesays.com\/fr\/wp-content\/uploads\/2025\/07\/20250618-145233-281x500.jpg\" class=\"attachment-gallery size-gallery\" alt=\"Jo\u00eblette handicap handirando handicap\u00e9\" data-full-url=\"https:\/\/pokaa.fr\/wp-content\/uploads\/2025\/07\/17\/20250618-145233.jpg\" decoding=\"async\" loading=\"lazy\"  \/>            <\/p>\n<p>                    \u00a9 Astrid Jurquet \/ Pokaa<\/p>\n<p>L\u2019ambiance est au beau fixe, \u00e7a se chambre dans tous les sens. <strong>\u00ab <\/strong><strong>Quand t\u2019auras fait 1h30 de balade, tu verras que le basket c\u2019est pas vraiment du sport \u00bb<\/strong>, lance Philippe Dion, chauffeur b\u00e9n\u00e9vole, \u00e0 Charles. \u00ab \u00c7a va, moi j\u2019ai l\u2019habitude. C\u2019est mignon pour l\u2019instant \u00bb, r\u00e9plique le jeune en service civique au sein de l\u2019association et basketteur en N2.<\/p>\n<p><strong>La bonne humeur g\u00e9n\u00e9rale se lit aussi sur les visages des deux b\u00e9n\u00e9ficiaires,<\/strong> impatient(e)s de partir en balade. <strong>Peggy Hoerner et Pierre Durand<\/strong> sont habitu\u00e9(e)s \u00e0 la jo\u00eblette, gr\u00e2ce \u00e0 une pr\u00e9c\u00e9dente sortie au Baggersee.\u00a0<\/p>\n<p>                <img width=\"281\" height=\"500\" src=\"https:\/\/www.europesays.com\/fr\/wp-content\/uploads\/2025\/07\/20250618-160530-281x500.jpg\" class=\"attachment-gallery size-gallery\" alt=\"Jo\u00eblette handicap handirando handicap\u00e9\" data-full-url=\"https:\/\/pokaa.fr\/wp-content\/uploads\/2025\/07\/17\/20250618-160530.jpg\" decoding=\"async\" loading=\"lazy\"  \/>            <\/p>\n<p>                <img width=\"281\" height=\"500\" src=\"https:\/\/www.europesays.com\/fr\/wp-content\/uploads\/2025\/07\/20250618-153810-281x500.jpg\" class=\"attachment-gallery size-gallery\" alt=\"Jo\u00eblette handicap handirando handicap\u00e9\" data-full-url=\"https:\/\/pokaa.fr\/wp-content\/uploads\/2025\/07\/17\/20250618-153810.jpg\" decoding=\"async\" loading=\"lazy\"  \/>            <\/p>\n<p>                <img width=\"888\" height=\"500\" src=\"https:\/\/www.europesays.com\/fr\/wp-content\/uploads\/2025\/07\/20250618-162016-888x500.jpg\" class=\"attachment-gallery size-gallery\" alt=\"Jo\u00eblette handicap handirando handicap\u00e9\" data-full-url=\"https:\/\/pokaa.fr\/wp-content\/uploads\/2025\/07\/17\/20250618-162016.jpg\" decoding=\"async\" loading=\"lazy\"  \/>            <\/p>\n<p>                    \u00a9 Astrid Jurquet \/ Pokaa<\/p>\n<p>    <img width=\"800\" height=\"450\" src=\"https:\/\/www.europesays.com\/fr\/wp-content\/uploads\/2025\/07\/20250618-162418-800x450.jpg\" class=\"attachment-image-size-L size-image-size-L\" alt=\"Jo\u00eblette handicap handirando handicap\u00e9\" decoding=\"async\" loading=\"lazy\"  \/>         Peggy Hoerner et Pierre Durand ont pris place. \u00a9 Astrid Jurquet \/ Pokaa <\/p>\n<p><strong>Avant de se mettre en route, les b\u00e9n\u00e9voles les aident \u00e0 s\u2019installer dans les chaises.<\/strong> Ceintures, sangles au niveau des pieds, appuie-t\u00eate : <strong>tout est pens\u00e9 pour un confort<\/strong> et un maintien optimaux. Mais pour profiter d\u2019une sortie jo\u00eblette, un minimum de motricit\u00e9 est tout de m\u00eame requis : <strong>les b\u00e9n\u00e9ficiaires doivent \u00eatre capables d\u2019effectuer un transfert<\/strong> entre leur fauteuil roulant et la jo\u00eblette. <\/p>\n<p>Une fois embarqu\u00e9e pour la balade d\u2019une heure, <strong>Peggy ne cache pas son envie de sensations fortes,<\/strong> pr\u00eate \u00e0 rouler sur toutes les racines qui se pr\u00e9senteront en travers de son chemin. Seul b\u00e9mol selon elle ? \u00ab \u00c7a ne va pas assez vite ! \u00bb<\/p>\n<p>                <img width=\"281\" height=\"500\" src=\"https:\/\/www.europesays.com\/fr\/wp-content\/uploads\/2025\/07\/20250618-163441-281x500.jpg\" class=\"attachment-gallery size-gallery\" alt=\"Jo\u00eblette handicap handirando handicap\u00e9\" data-full-url=\"https:\/\/pokaa.fr\/wp-content\/uploads\/2025\/07\/17\/20250618-163441.jpg\" decoding=\"async\" loading=\"lazy\"  \/>            <\/p>\n<p>                <img width=\"281\" height=\"500\" src=\"https:\/\/www.europesays.com\/fr\/wp-content\/uploads\/2025\/07\/20250618-154529-281x500.jpg\" class=\"attachment-gallery size-gallery\" alt=\"Jo\u00eblette handicap handirando handicap\u00e9\" data-full-url=\"https:\/\/pokaa.fr\/wp-content\/uploads\/2025\/07\/17\/20250618-154529.jpg\" decoding=\"async\" loading=\"lazy\"  \/>            <\/p>\n<p>                <img width=\"281\" height=\"500\" src=\"https:\/\/www.europesays.com\/fr\/wp-content\/uploads\/2025\/07\/20250618-163418-281x500.jpg\" class=\"attachment-gallery size-gallery\" alt=\"Jo\u00eblette handicap handirando handicap\u00e9\" data-full-url=\"https:\/\/pokaa.fr\/wp-content\/uploads\/2025\/07\/17\/20250618-163418.jpg\" decoding=\"async\" loading=\"lazy\"  \/>            <\/p>\n<p>                <img width=\"281\" height=\"500\" src=\"https:\/\/www.europesays.com\/fr\/wp-content\/uploads\/2025\/07\/20250618-162723-281x500.jpg\" class=\"attachment-gallery size-gallery\" alt=\"Jo\u00eblette handicap handirando handicap\u00e9\" data-full-url=\"https:\/\/pokaa.fr\/wp-content\/uploads\/2025\/07\/17\/20250618-162723.jpg\" decoding=\"async\" loading=\"lazy\"  \/>            <\/p>\n<p>                <img width=\"281\" height=\"500\" src=\"https:\/\/www.europesays.com\/fr\/wp-content\/uploads\/2025\/07\/20250618-162754-281x500.jpg\" class=\"attachment-gallery size-gallery\" alt=\"Jo\u00eblette handicap handirando handicap\u00e9\" data-full-url=\"https:\/\/pokaa.fr\/wp-content\/uploads\/2025\/07\/17\/20250618-162754.jpg\" decoding=\"async\" loading=\"lazy\"  \/>            <\/p>\n<p>                    \u00a9 Astrid Jurquet \/ Pokaa<\/p>\n<p>    <img width=\"800\" height=\"450\" src=\"https:\/\/www.europesays.com\/fr\/wp-content\/uploads\/2025\/07\/20250618-145342-800x450.jpg\" class=\"attachment-image-size-L size-image-size-L\" alt=\"Jo\u00eblette handicap handirando handicap\u00e9\" decoding=\"async\" loading=\"lazy\"  \/>         \u00a9 Astrid Jurquet \/ Pokaa <\/p>\n<p>Un \u00ab super outil de socialisation \u00bb<\/p>\n<p><strong>\u00c0 mi-parcours, la petite troupe s\u2019arr\u00eate pour une pause go\u00fbter au bord de l\u2019eau.<\/strong> Entre les rayons du soleil, le bruissement des feuilles et le bruit de l\u2019eau qui cascade, le cadre est idyllique. Premi\u00e8re sortie handirando valid\u00e9e par Nat, b\u00e9n\u00e9vole depuis bient\u00f4t deux ans chez APF France handicap. <\/p>\n<p><strong>\u00ab Marcher en plein air, c\u2019est vraiment sympa, c\u2019est cool autant pour les adh\u00e9rents que pour nous. \u00bb<\/strong> Nat coorganise d\u2019habitude des ateliers gaming pour les b\u00e9n\u00e9ficiaires de l\u2019association, mais les sorties ext\u00e9rieures pr\u00e9sentent de nombreux avantages : \u00ab C\u2019est un super outil de socialisation \u00bb, avance le b\u00e9n\u00e9vole. \u00ab On travaille avec des personnes tr\u00e8s isol\u00e9es, pour qui la socialisation n\u2019est pas simple. <strong>Ces activit\u00e9s leur permettent de se retrouver,<\/strong> et \u00e7a attire aussi des adh\u00e9rentes et adh\u00e9rents qui ne viennent pas d\u2019habitude. \u00bb<\/p>\n<p>                <img width=\"281\" height=\"500\" src=\"https:\/\/www.europesays.com\/fr\/wp-content\/uploads\/2025\/07\/20250618-154647-281x500.jpg\" class=\"attachment-gallery size-gallery\" alt=\"Jo\u00eblette handicap handirando handicap\u00e9\" data-full-url=\"https:\/\/pokaa.fr\/wp-content\/uploads\/2025\/07\/17\/20250618-154647.jpg\" decoding=\"async\" loading=\"lazy\"  \/>            <\/p>\n<p>                <img width=\"281\" height=\"500\" src=\"https:\/\/www.europesays.com\/fr\/wp-content\/uploads\/2025\/07\/20250618-154253-281x500.jpg\" class=\"attachment-gallery size-gallery\" alt=\"Jo\u00eblette handicap handirando handicap\u00e9\" data-full-url=\"https:\/\/pokaa.fr\/wp-content\/uploads\/2025\/07\/17\/20250618-154253.jpg\" decoding=\"async\" loading=\"lazy\"  \/>            <\/p>\n<p>                <img width=\"888\" height=\"500\" src=\"https:\/\/www.europesays.com\/fr\/wp-content\/uploads\/2025\/07\/20250618-154135-888x500.jpg\" class=\"attachment-gallery size-gallery\" alt=\"Jo\u00eblette handicap handirando handicap\u00e9\" data-full-url=\"https:\/\/pokaa.fr\/wp-content\/uploads\/2025\/07\/17\/20250618-154135.jpg\" decoding=\"async\" loading=\"lazy\"  \/>            <\/p>\n<p>                    \u00a9 Astrid Jurquet \/ Pokaa<\/p>\n<p>    <img width=\"800\" height=\"450\" src=\"https:\/\/www.europesays.com\/fr\/wp-content\/uploads\/2025\/07\/20250618-153514-800x450.jpg\" class=\"attachment-image-size-L size-image-size-L\" alt=\"Jo\u00eblette handicap handirando handicap\u00e9\" decoding=\"async\" loading=\"lazy\"  \/>         \u00a9 Astrid Jurquet \/ Pokaa <\/p>\n<p><strong>Cin\u00e9ma en plein air, cirque, plan\u00e9tarium, march\u00e9 de No\u00ebl\u2026<\/strong> L\u2019association propose un programme vari\u00e9 \u00e0 ses adh\u00e9rent(e)s. \u00ab On ne s\u2019imagine pas au premier abord que c\u2019est une sortie fun, mais on les emm\u00e8ne aussi au centre commercial Rivetoile, avant No\u00ebl par exemple \u00bb, ajoute encore Nat. <\/p>\n<p>Pas toujours simple en effet pour celles et ceux qui n\u2019habitent pas Strasbourg de trouver des commerces pour faire des cadeaux. <strong>Gr\u00e2ce \u00e0 ces sorties, la logistique est prise en charge par des chauffeurs\/ses b\u00e9n\u00e9voles.<\/strong><\/p>\n<p>                <img width=\"281\" height=\"500\" src=\"https:\/\/www.europesays.com\/fr\/wp-content\/uploads\/2025\/07\/20250618-151215-281x500.jpg\" class=\"attachment-gallery size-gallery\" alt=\"Jo\u00eblette handicap handirando handicap\u00e9\" data-full-url=\"https:\/\/pokaa.fr\/wp-content\/uploads\/2025\/07\/17\/20250618-151215.jpg\" decoding=\"async\" loading=\"lazy\"  \/>            <\/p>\n<p>                <img width=\"281\" height=\"500\" src=\"https:\/\/www.europesays.com\/fr\/wp-content\/uploads\/2025\/07\/20250618-153008-281x500.jpg\" class=\"attachment-gallery size-gallery\" alt=\"Jo\u00eblette handicap handirando handicap\u00e9\" data-full-url=\"https:\/\/pokaa.fr\/wp-content\/uploads\/2025\/07\/17\/20250618-153008.jpg\" decoding=\"async\" loading=\"lazy\"  \/>            <\/p>\n<p>                    \u00a9 Astrid Jurquet \/ Pokaa<\/p>\n<p>    <img width=\"800\" height=\"450\" src=\"https:\/\/www.europesays.com\/fr\/wp-content\/uploads\/2025\/07\/20250618-154715-800x450.jpg\" class=\"attachment-image-size-L size-image-size-L\" alt=\"Jo\u00eblette handicap handirando handicap\u00e9\" decoding=\"async\" loading=\"lazy\"  \/>         \u00a9 Astrid Jurquet \/ Pokaa <\/p>\n<p>Un besoin important de b\u00e9n\u00e9voles<\/p>\n<p><strong>Chaque d\u00e9l\u00e9gation d\u2019APF est propri\u00e9taire d\u2019une jo\u00eblette, qui co\u00fbte environ 2500\u20ac \u00e0 l\u2019achat.<\/strong> La d\u00e9l\u00e9gation strasbourgeoise d\u2019APF France handicap organise une \u00e0 deux sorties par \u00e9t\u00e9. La demande est importante, mais organiser ces balades n\u2019est pas si simple : \u00ab Le matin et le soir sont souvent bloqu\u00e9s pour les soins des adh\u00e9rentes et adh\u00e9rents, donc on est un peu restreints \u00e0 l\u2019apr\u00e8s-midi \u00bb, explique Emmanuelle Randrianjatovo. <\/p>\n<p><strong>Le nombre de sorties d\u00e9pend \u00e9galement du nombre de b\u00e9n\u00e9voles disponibles. <\/strong>\u00ab Normalement, on a deux \u00e0 trois adh\u00e9rents par b\u00e9n\u00e9vole pendant une sortie \u00bb, d\u00e9taille la charg\u00e9e de d\u00e9veloppement des actions associatives. \u00ab L\u00e0, on a besoin de deux personnes qui tirent et poussent par jo\u00eblette, plus une autre personne au cas o\u00f9. \u00bb<\/p>\n<p>Si vous avez envie de d\u00e9velopper vos bras ailleurs qu\u2019\u00e0 la salle, <strong>vous savez ce qu\u2019il vous reste \u00e0 faire !<\/strong><\/p>\n<p>                <img width=\"281\" height=\"500\" src=\"https:\/\/www.europesays.com\/fr\/wp-content\/uploads\/2025\/07\/20250618-152619-281x500.jpg\" class=\"attachment-gallery size-gallery\" alt=\"Jo\u00eblette handicap handirando handicap\u00e9\" data-full-url=\"https:\/\/pokaa.fr\/wp-content\/uploads\/2025\/07\/17\/20250618-152619.jpg\" decoding=\"async\" loading=\"lazy\"  \/>            <\/p>\n<p>                <img width=\"281\" height=\"500\" src=\"https:\/\/www.europesays.com\/fr\/wp-content\/uploads\/2025\/07\/20250618-160325-281x500.jpg\" class=\"attachment-gallery size-gallery\" alt=\"Jo\u00eblette handicap handirando handicap\u00e9\" data-full-url=\"https:\/\/pokaa.fr\/wp-content\/uploads\/2025\/07\/17\/20250618-160325.jpg\" decoding=\"async\" loading=\"lazy\"  \/>            <\/p>\n<p>                <img width=\"888\" height=\"500\" src=\"https:\/\/www.europesays.com\/fr\/wp-content\/uploads\/2025\/07\/20250618-145436-888x500.jpg\" class=\"attachment-gallery size-gallery\" alt=\"Jo\u00eblette handicap handirando handicap\u00e9\" data-full-url=\"https:\/\/pokaa.fr\/wp-content\/uploads\/2025\/07\/17\/20250618-145436.jpg\" decoding=\"async\" loading=\"lazy\"  \/>            <\/p>\n<p>                    \u00a9 Astrid Jurquet \/ Pokaa<\/p>\n<p>    <img width=\"800\" height=\"450\" src=\"https:\/\/www.europesays.com\/fr\/wp-content\/uploads\/2025\/07\/20250618-153654-800x450.jpg\" class=\"attachment-image-size-L size-image-size-L\" alt=\"Jo\u00eblette handicap handirando handicap\u00e9\" decoding=\"async\" loading=\"lazy\"  \/>         \u00a9 Astrid Jurquet \/ Pokaa <\/p>\n<p>Le tour de l\u2019\u00e9tang du Karpfenloch touche \u00e0 sa fin. <strong>Apr\u00e8s plus d\u2019une heure dans la nature, \u00e0 d\u00e9couvrir de nouvelles sensations en roulant sur la terre et sur des branches, Peggy et Pierre rayonnent.<\/strong> C\u00f4t\u00e9 b\u00e9n\u00e9voles, certains tirent un peu la grimace sur les derniers m\u00e8tres. Mais \u00e0 la fin, <strong>de grands sourires illuminent tous les visages.<\/strong><\/p>\n<p style=\"text-align: right;\">Journaliste : Astrid Jurquet<\/p>\n<p><strong>\u00c0 noter qu\u2019APF France handicap propose les jo\u00eblettes gratuitement \u00e0 la location, contre caution.<\/strong> D\u2019autres associations proposent \u00e9galement des sorties du m\u00eame type. Et pour celles et ceux qui pr\u00e9f\u00e8rent le v\u00e9lo, <strong>il est possible de louer des <\/strong><a href=\"https:\/\/velhop.strasbourg.eu\/la-mobilite-pour-tous\/\" target=\"_blank\" rel=\"noopener nofollow\"><strong>v\u00e9los adapt\u00e9s chez V\u00e9lhop<\/strong> <\/a>ou de r\u00e9server l\u2019une des <strong>sorties adapt\u00e9es propos\u00e9es par <\/strong><strong><a href=\"https:\/\/lakutch.fr\/\" target=\"_blank\" rel=\"noopener nofollow\">la Kutch<\/a><\/strong>. Attention cependant, il vaut mieux s\u2019y prendre t\u00f4t pour r\u00e9server !\u00a0<\/p>\n","protected":false},"excerpt":{"rendered":"Avec le retour des beaux jours, beaucoup de Strasbourgeois(es) ne r\u00eavent que d\u2019une chose : enfourcher leur bicyclette&hellip;\n","protected":false},"author":2,"featured_media":259516,"comment_status":"","ping_status":"","sticky":false,"template":"","format":"standard","meta":{"footnotes":""},"categories":[2820],"tags":[1111,11,1777,674,1011,27,775,1943,39964,39965,12,25,640],"class_list":{"0":"post-259515","1":"post","2":"type-post","3":"status-publish","4":"format-standard","5":"has-post-thumbnail","7":"category-strasbourg","8":"tag-actu","9":"tag-actualites","10":"tag-eu","11":"tag-europe","12":"tag-fr","13":"tag-france","14":"tag-grand-est","15":"tag-handicap","16":"tag-handirando","17":"tag-joelette","18":"tag-news","19":"tag-republique-francaise","20":"tag-strasbourg"},"share_on_mastodon":{"url":"https:\/\/pubeurope.com\/@fr\/114881645632461392","error":""},"_links":{"self":[{"href":"https:\/\/www.europesays.com\/fr\/wp-json\/wp\/v2\/posts\/259515","targetHints":{"allow":["GET"]}}],"collection":[{"href":"https:\/\/www.europesays.com\/fr\/wp-json\/wp\/v2\/posts"}],"about":[{"href":"https:\/\/www.europesays.com\/fr\/wp-json\/wp\/v2\/types\/post"}],"author":[{"embeddable":true,"href":"https:\/\/www.europesays.com\/fr\/wp-json\/wp\/v2\/users\/2"}],"replies":[{"embeddable":true,"href":"https:\/\/www.europesays.com\/fr\/wp-json\/wp\/v2\/comments?post=259515"}],"version-history":[{"count":0,"href":"https:\/\/www.europesays.com\/fr\/wp-json\/wp\/v2\/posts\/259515\/revisions"}],"wp:featuredmedia":[{"embeddable":true,"href":"https:\/\/www.europesays.com\/fr\/wp-json\/wp\/v2\/media\/259516"}],"wp:attachment":[{"href":"https:\/\/www.europesays.com\/fr\/wp-json\/wp\/v2\/media?parent=259515"}],"wp:term":[{"taxonomy":"category","embeddable":true,"href":"https:\/\/www.europesays.com\/fr\/wp-json\/wp\/v2\/categories?post=259515"},{"taxonomy":"post_tag","embeddable":true,"href":"https:\/\/www.europesays.com\/fr\/wp-json\/wp\/v2\/tags?post=259515"}],"curies":[{"name":"wp","href":"https:\/\/api.w.org\/{rel}","templated":true}]}}