{"id":259517,"date":"2025-07-19T19:52:12","date_gmt":"2025-07-19T19:52:12","guid":{"rendered":"https:\/\/www.europesays.com\/fr\/259517\/"},"modified":"2025-07-19T19:52:12","modified_gmt":"2025-07-19T19:52:12","slug":"un-commandant-fait-chevalier-christophe-darmont-42-ans-de-service-dans-la-police-decore-par-le-prefet-a-nice","status":"publish","type":"post","link":"https:\/\/www.europesays.com\/fr\/259517\/","title":{"rendered":"Un commandant fait chevalier: Christophe Darmont, 42 ans de service dans la police, d\u00e9cor\u00e9 par le pr\u00e9fet \u00e0 Nice"},"content":{"rendered":"<p>Homme de terrain, enracin\u00e9 dans son territoire. Nice, sa ville. Celle qui l\u2019a vu na\u00eetre, qu\u2019il a servie apr\u00e8s Cannes et le Val-de-Marne, o\u00f9 il a commenc\u00e9 sa carri\u00e8re. Une vie de policier. Quarante-deux ans au service des autres. Pour le pire et pour le meilleur. Le commandant Christophe Darmont, ex-patron de la compagnie de Nice, aura connu bourrasques et temp\u00eates.<\/p>\n<p>Lorsque Georges Janvier, son coll\u00e8gue de la BAC, meurt dans une fusillade \u00e0 L\u2019Ariane en 1994. Face au black block qui, en 2000, veut prendre d\u2019assaut Acropolis lors du sommet europ\u00e9en. Quand les banlieues s\u2019embrasent en 2005. \u00c0 Strasbourg aussi, o\u00f9 il est appel\u00e9 en renfort pour le sommet de l\u2019Otan. Et jusqu\u2019au fin fond de la Roya, o\u00f9 il est h\u00e9liport\u00e9 pour assurer la continuit\u00e9 de l\u2019\u00c9tat et organiser le ravitaillement des populations apr\u00e8s le passage de la temp\u00eate Alex. Aux abords des stades de foot aussi, du Ray \u00e0 l\u2019Allianz, o\u00f9 il a s\u00e9curis\u00e9 tous les matchs \u00e0 risque. Au point de devenir une r\u00e9f\u00e9rence nationale dans la lutte contre le hooliganisme. Quarante-deux ans dans les rangs.<\/p>\n<p>Une vocation \u00ab\u00a0n\u00e9e de ses lectures de jeunesse\u00a0\u00bb, souligne le pr\u00e9fet des Alpes-Maritimes. Laurent Hottiaux a remis au commandant Darmont les insignes de chevalier dans l\u2019ordre national du M\u00e9rite. \u00ab\u00a0Un homme passionn\u00e9, au caract\u00e8re fort lorsqu\u2019il s\u2019agit de d\u00e9fendre l\u2019int\u00e9r\u00eat g\u00e9n\u00e9ral, droit et g\u00e9n\u00e9reux lorsqu\u2019il s\u2019agit des autres\u00a0\u00bb, a soulign\u00e9 le repr\u00e9sentant de l\u2019\u00c9tat qui, comme ses pr\u00e9d\u00e9cesseurs, de Georges-Fran\u00e7ois Leclerc \u00e0 Hugues Moutouh en passant par Bernard Gonzalez, a pu compter sur l\u2019expertise de ce policier r\u00e9serviste qui a pris sa retraite en 2017 sans vraiment quitter la maison police. Son autre famille.<\/p>\n","protected":false},"excerpt":{"rendered":"Homme de terrain, enracin\u00e9 dans son territoire. Nice, sa ville. Celle qui l\u2019a vu na\u00eetre, qu\u2019il a servie&hellip;\n","protected":false},"author":2,"featured_media":259518,"comment_status":"","ping_status":"","sticky":false,"template":"","format":"standard","meta":{"footnotes":""},"categories":[2819],"tags":[1111,11,1777,674,1011,27,12,2401,882,25,656],"class_list":{"0":"post-259517","1":"post","2":"type-post","3":"status-publish","4":"format-standard","5":"has-post-thumbnail","7":"category-nice","8":"tag-actu","9":"tag-actualites","10":"tag-eu","11":"tag-europe","12":"tag-fr","13":"tag-france","14":"tag-news","15":"tag-nice","16":"tag-provence-alpes-cote-dazur","17":"tag-republique-francaise","18":"tag-securite"},"share_on_mastodon":{"url":"https:\/\/pubeurope.com\/@fr\/114881648581470202","error":""},"_links":{"self":[{"href":"https:\/\/www.europesays.com\/fr\/wp-json\/wp\/v2\/posts\/259517","targetHints":{"allow":["GET"]}}],"collection":[{"href":"https:\/\/www.europesays.com\/fr\/wp-json\/wp\/v2\/posts"}],"about":[{"href":"https:\/\/www.europesays.com\/fr\/wp-json\/wp\/v2\/types\/post"}],"author":[{"embeddable":true,"href":"https:\/\/www.europesays.com\/fr\/wp-json\/wp\/v2\/users\/2"}],"replies":[{"embeddable":true,"href":"https:\/\/www.europesays.com\/fr\/wp-json\/wp\/v2\/comments?post=259517"}],"version-history":[{"count":0,"href":"https:\/\/www.europesays.com\/fr\/wp-json\/wp\/v2\/posts\/259517\/revisions"}],"wp:featuredmedia":[{"embeddable":true,"href":"https:\/\/www.europesays.com\/fr\/wp-json\/wp\/v2\/media\/259518"}],"wp:attachment":[{"href":"https:\/\/www.europesays.com\/fr\/wp-json\/wp\/v2\/media?parent=259517"}],"wp:term":[{"taxonomy":"category","embeddable":true,"href":"https:\/\/www.europesays.com\/fr\/wp-json\/wp\/v2\/categories?post=259517"},{"taxonomy":"post_tag","embeddable":true,"href":"https:\/\/www.europesays.com\/fr\/wp-json\/wp\/v2\/tags?post=259517"}],"curies":[{"name":"wp","href":"https:\/\/api.w.org\/{rel}","templated":true}]}}