{"id":259528,"date":"2025-07-19T19:58:10","date_gmt":"2025-07-19T19:58:10","guid":{"rendered":"https:\/\/www.europesays.com\/fr\/259528\/"},"modified":"2025-07-19T19:58:10","modified_gmt":"2025-07-19T19:58:10","slug":"toulouse-loisirs-sport-culture-un-complexe-evenementiel-est-en-projet-a-proximite-du-meett","status":"publish","type":"post","link":"https:\/\/www.europesays.com\/fr\/259528\/","title":{"rendered":"Toulouse. Loisirs, sport, culture&#8230; Un complexe \u00e9v\u00e9nementiel est en projet \u00e0 proximit\u00e9 du MEETT"},"content":{"rendered":"<p>            Par<br \/>\n        <strong><br \/>\n            <a href=\"https:\/\/actu.fr\/auteur\/lucie-2\" title=\"Consulter tous les articles de Lucie Fraisse\" rel=\"nofollow noopener\" target=\"_blank\">Lucie Fraisse<\/a><br \/>\n        <\/strong><\/p>\n<p>        Publi\u00e9 le<\/p>\n<p>            19 juil. 2025 \u00e0 6h42        <\/p>\n<p>Am\u00e9nager un complexe \u00e9v\u00e9nementiel innovant sur une zone <a href=\"https:\/\/actu.fr\/occitanie\/aussonne_31032\/grace-a-son-nouveau-parc-des-expositions-le-meett-toulouse-entre-dans-la-cour-des-grands_36284387.html\" rel=\"nofollow noopener\" target=\"_blank\">\u00e0 proximit\u00e9 du MEETT<\/a>, le parc des Expositions de <strong>Toulouse<\/strong>, situ\u00e9 \u00e0 Beauzelle. C\u2019est le projet port\u00e9 par Toulouse M\u00e9tropole, la mairie de Beauzelle et Europolia qui viennent de lancer un appel \u00e0 manifestation d\u2019int\u00e9r\u00eat pour trouver un groupe d\u2019investisseurs-gestionnaires. Voici ce qui est envisag\u00e9 sur le site.\u00a0<\/p>\n<p>Sur le parvis du MEETT\u00a0<\/p>\n<p class=\" wall-content\">Selon les premi\u00e8res esquisses du projet souhait\u00e9 par les collectivit\u00e9s, il s\u2019agit d\u2019abord d\u2019am\u00e9nager une surface sur le parvis du MEETT, en privil\u00e9giant le d\u00e9veloppement d\u2019<strong>activit\u00e9s sportives, culturelles et de loisirs<\/strong> sur 15 000 m\u00b2.<\/p>\n<p class=\" wall-content\">\u00ab\u00a0Le site du complexe \u00e9v\u00e8nementiel s\u2019\u00e9tend sur environ 10 hectares et s\u2019inscrit dans un territoire en pleine transformation, peut-on lire <a href=\"https:\/\/gie-oppidea-europolia.e-marchespublics.com\/acces_dce_marche_public_anonyme_461f246eb86c8f1bf34f334f595fa7b3c1b6f1b0\" rel=\"nofollow noopener\" target=\"_blank\">sur l\u2019appel \u00e0 manifestation d\u2019int\u00e9r\u00eat<\/a>. Il est \u00e0 l\u2019est de l\u2019entr\u00e9e principale pi\u00e9tonne du MEETT, de l\u2019autre c\u00f4t\u00e9 de l\u2019A62. Et s\u2019\u00e9tend en continuit\u00e9 du Parvis du MEETT qui passe sous l\u2019A62 jusqu\u2019au terminus du tram. \u00ab\u00a0<\/p>\n<p>D\u00e9veloppement autour de l\u2019Es-port<\/p>\n<p class=\" wall-content\">Sur 8000 m\u00b2, le projet pr\u00e9voit ensuite des<strong> commerces et \u00e9quipements li\u00e9s aux fili\u00e8res cr\u00e9atives<\/strong>. Des activit\u00e9s tertiaires sont envisag\u00e9es sur une surface de 7000 m\u00b2. Le projet pr\u00e9voit \u00e9galement 1000 places de stationnement.<\/p>\n<p class=\" wall-content\">L\u2019\u00e9quipement devra \u00eatre en synergie avec le MEETT, \u00ab\u00a0en prolongeant son rayonnement, en enrichissant son \u00e9cosyst\u00e8me et en d\u00e9veloppant des \u00e9conomies \u00e9mergentes, dont l\u2019E-sport.\u00a0\u00bb<\/p>\n<p>Au c\u0153ur de la ZAC Garossos<\/p>\n<p class=\" wall-content\">Ce projet de complexe \u00e9v\u00e9nementiel s\u2019inscrit dans le projet plus large de ZAC du p\u00f4le \u00e9conomique du Meett et renouvellement urbain du <strong>quartier Garossos,<\/strong> qui se d\u00e9veloppe sur 54 hectares, entre Aussonne et Beauzelle.\u00a0<\/p>\n<p class=\" wall-content\">Plusieurs lots ont d\u00e9j\u00e0 \u00e9t\u00e9 commercialis\u00e9s dans cette future ZAC, avec notamment <a href=\"https:\/\/actu.fr\/occitanie\/aussonne_31032\/pres-de-toulouse-de-nouveaux-batiments-poussent-a-cote-du-meett-voici-a-quoi-ils-sont-destines_62335865.html\" rel=\"nofollow noopener\" target=\"_blank\">un village d\u2019entreprises<\/a> ou encore un <a href=\"https:\/\/actu.fr\/occitanie\/aussonne_31032\/hotel-4-etoiles-restaurants-un-grand-complexe-hotelier-va-etre-construit-au-nord-ouest-de-toulouse_62248866.html\" rel=\"nofollow noopener\" target=\"_blank\">projet d\u2019h\u00f4tel class\u00e9 4 \u00e9toiles dont la livraison est pr\u00e9vue pour 2028<\/a>.<\/p>\n<p class=\" wall-content\">Les investisseurs gestionnaires int\u00e9ress\u00e9s par le projet de complexe \u00e9v\u00e9nementiel \u00e0 proximit\u00e9 du MEETT doivent se faire conna\u00eetre avant le 17 novembre. Le projet devra \u00eatre livr\u00e9 et mis en exploitation en 2030.<\/p>\n<p class=\" wall-content\">Suivez toute l\u2019actualit\u00e9 de vos villes et m\u00e9dias favoris en vous inscrivant \u00e0 <a href=\"https:\/\/moncompte.actu.fr\" title=\"D\u00e9couvez Mon Actu\" rel=\"nofollow noopener\" data-trk=\"{&quot;cta&quot;:{&quot;action&quot;:&quot;https:\\\/\\\/moncompte.actu.fr&quot;,&quot;category&quot;:&quot;mon compte&quot;,&quot;from&quot;:&quot;article footer&quot;,&quot;name&quot;:&quot;Mon actu&quot;,&quot;type&quot;:&quot;cta&quot;}}\" target=\"_blank\">Mon Actu<\/a>.<\/p>\n","protected":false},"excerpt":{"rendered":"Par Lucie Fraisse Publi\u00e9 le 19 juil. 2025 \u00e0 6h42 Am\u00e9nager un complexe \u00e9v\u00e9nementiel innovant sur une zone&hellip;\n","protected":false},"author":2,"featured_media":259529,"comment_status":"","ping_status":"","sticky":false,"template":"","format":"standard","meta":{"footnotes":""},"categories":[2816],"tags":[1111,11,1777,674,1011,27,12,2680,25,104,2312,2086],"class_list":{"0":"post-259528","1":"post","2":"type-post","3":"status-publish","4":"format-standard","5":"has-post-thumbnail","7":"category-toulouse","8":"tag-actu","9":"tag-actualites","10":"tag-eu","11":"tag-europe","12":"tag-fr","13":"tag-france","14":"tag-news","15":"tag-occitanie","16":"tag-republique-francaise","17":"tag-societe","18":"tag-toulouse","19":"tag-travaux"},"share_on_mastodon":{"url":"https:\/\/pubeurope.com\/@fr\/114881672274943977","error":""},"_links":{"self":[{"href":"https:\/\/www.europesays.com\/fr\/wp-json\/wp\/v2\/posts\/259528","targetHints":{"allow":["GET"]}}],"collection":[{"href":"https:\/\/www.europesays.com\/fr\/wp-json\/wp\/v2\/posts"}],"about":[{"href":"https:\/\/www.europesays.com\/fr\/wp-json\/wp\/v2\/types\/post"}],"author":[{"embeddable":true,"href":"https:\/\/www.europesays.com\/fr\/wp-json\/wp\/v2\/users\/2"}],"replies":[{"embeddable":true,"href":"https:\/\/www.europesays.com\/fr\/wp-json\/wp\/v2\/comments?post=259528"}],"version-history":[{"count":0,"href":"https:\/\/www.europesays.com\/fr\/wp-json\/wp\/v2\/posts\/259528\/revisions"}],"wp:featuredmedia":[{"embeddable":true,"href":"https:\/\/www.europesays.com\/fr\/wp-json\/wp\/v2\/media\/259529"}],"wp:attachment":[{"href":"https:\/\/www.europesays.com\/fr\/wp-json\/wp\/v2\/media?parent=259528"}],"wp:term":[{"taxonomy":"category","embeddable":true,"href":"https:\/\/www.europesays.com\/fr\/wp-json\/wp\/v2\/categories?post=259528"},{"taxonomy":"post_tag","embeddable":true,"href":"https:\/\/www.europesays.com\/fr\/wp-json\/wp\/v2\/tags?post=259528"}],"curies":[{"name":"wp","href":"https:\/\/api.w.org\/{rel}","templated":true}]}}