{"id":259534,"date":"2025-07-19T20:02:07","date_gmt":"2025-07-19T20:02:07","guid":{"rendered":"https:\/\/www.europesays.com\/fr\/259534\/"},"modified":"2025-07-19T20:02:07","modified_gmt":"2025-07-19T20:02:07","slug":"berliner-vegan-etoile-les-5-kebabs-les-plus-originaux-de-marseille","status":"publish","type":"post","link":"https:\/\/www.europesays.com\/fr\/259534\/","title":{"rendered":"Berliner, vegan, \u00ab\u00a0\u00e9toil\u00e9\u00a0\u00bb&#8230; les 5 kebabs les plus originaux de Marseille"},"content":{"rendered":"<p>En janvier dernier, la Kebab Cup, organis\u00e9e par quatre amis, d\u00e9voilait sur le compte Instagram Marseille Mondial son palmar\u00e8s des meilleures kebabs marseillais et rendait hommage \u00e0 la diversit\u00e9 culinaire de la ville. C\u2019est au tour de La Provence de vous proposer le top 5 des kebabs les plus originaux de Marseille.<\/p>\n<p>Vegan de V &amp; V House<\/p>\n<p>Situ\u00e9 devant la station Notre-Dame du Mont, ce restaurant propose un kebab dans l\u2019air du temps. Depuis\u00a02021, V &amp; V House offre des kebabs d\u2019un autre genre. Le kebab ressemble \u00e0 s\u2019y m\u00e9prendre \u00e0 un kebab marseillais lambda. M\u00eame visuel, m\u00eame odeur, m\u00eame go\u00fbt. \u00c0 une diff\u00e9rence pr\u00e8s, <a href=\"https:\/\/www.laprovence.com\/article\/societe\/98622404182469\/steak-escalope-jambon-la-france-interdit-ces-denominations-pour-les-produits-vegetaux\" target=\"_blank\" rel=\"noopener\">tout est vegan<\/a>. La viande marin\u00e9e est remplac\u00e9e par un steak de soja et de pois chiches, le fromage par du tofu marin\u00e9. Le tout accompagn\u00e9 d\u2019achards de l\u00e9gumes, un m\u00e9lange de chou blanc marin\u00e9 avec des \u00e9pices. D\u00e8s la premi\u00e8re bouch\u00e9e, l\u2019illusion est parfaite. Le \u00ab\u00a0fromage\u00a0\u00bb est coulant et sal\u00e9, la \u00ab\u00a0viande\u00a0\u00bb est tendre et effiloch\u00e9e. \u00ab\u00a0On a voulu s\u2019adapter \u00e0 une nouvelle mode de consommation et finalement, c\u2019est le menu que l\u2019on vend le plus\u00a0\u00bb, explique le g\u00e9rant Cherif Khai. \u00c0 la fin du repas, on est aussi repus que lorsque l\u2019on d\u00e9guste un kebab lambda.<\/p>\n<p><strong>Tarifs\u00a0: 9.50\u20ac pour le Veggy Kebab seul, 13.10\u20ac en menu<\/strong>&#13;\n<\/p>\n<p><strong>4 Rue 3 Fr\u00e8res Barth\u00e9l\u00e9my, 6e arrondissement, 12h-00h du dimanche au jeudi et jusqu\u2019\u00e0 2\u00a0heures le vendredi et le samedi<\/strong>&#13;\n<\/p>\n<p><strong>09\u00a083\u00a023\u00a054\u00a039<\/strong>&#13;<\/p>\n","protected":false},"excerpt":{"rendered":"En janvier dernier, la Kebab Cup, organis\u00e9e par quatre amis, d\u00e9voilait sur le compte Instagram Marseille Mondial son&hellip;\n","protected":false},"author":2,"featured_media":259535,"comment_status":"","ping_status":"","sticky":false,"template":"","format":"standard","meta":{"footnotes":""},"categories":[2814],"tags":[17,1111,11,39966,14723,1777,674,1011,27,39967,151,884,12,378,882,16,25,12367],"class_list":{"0":"post-259534","1":"post","2":"type-post","3":"status-publish","4":"format-standard","5":"has-post-thumbnail","7":"category-marseille","8":"tag-17","9":"tag-actu","10":"tag-actualites","11":"tag-berliner","12":"tag-etoile","13":"tag-eu","14":"tag-europe","15":"tag-fr","16":"tag-france","17":"tag-kebabs","18":"tag-les","19":"tag-marseille","20":"tag-news","21":"tag-plus","22":"tag-provence-alpes-cote-dazur","23":"tag-region","24":"tag-republique-francaise","25":"tag-vegan"},"share_on_mastodon":{"url":"https:\/\/pubeurope.com\/@fr\/114881687894088708","error":""},"_links":{"self":[{"href":"https:\/\/www.europesays.com\/fr\/wp-json\/wp\/v2\/posts\/259534","targetHints":{"allow":["GET"]}}],"collection":[{"href":"https:\/\/www.europesays.com\/fr\/wp-json\/wp\/v2\/posts"}],"about":[{"href":"https:\/\/www.europesays.com\/fr\/wp-json\/wp\/v2\/types\/post"}],"author":[{"embeddable":true,"href":"https:\/\/www.europesays.com\/fr\/wp-json\/wp\/v2\/users\/2"}],"replies":[{"embeddable":true,"href":"https:\/\/www.europesays.com\/fr\/wp-json\/wp\/v2\/comments?post=259534"}],"version-history":[{"count":0,"href":"https:\/\/www.europesays.com\/fr\/wp-json\/wp\/v2\/posts\/259534\/revisions"}],"wp:featuredmedia":[{"embeddable":true,"href":"https:\/\/www.europesays.com\/fr\/wp-json\/wp\/v2\/media\/259535"}],"wp:attachment":[{"href":"https:\/\/www.europesays.com\/fr\/wp-json\/wp\/v2\/media?parent=259534"}],"wp:term":[{"taxonomy":"category","embeddable":true,"href":"https:\/\/www.europesays.com\/fr\/wp-json\/wp\/v2\/categories?post=259534"},{"taxonomy":"post_tag","embeddable":true,"href":"https:\/\/www.europesays.com\/fr\/wp-json\/wp\/v2\/tags?post=259534"}],"curies":[{"name":"wp","href":"https:\/\/api.w.org\/{rel}","templated":true}]}}