{"id":259536,"date":"2025-07-19T20:03:10","date_gmt":"2025-07-19T20:03:10","guid":{"rendered":"https:\/\/www.europesays.com\/fr\/259536\/"},"modified":"2025-07-19T20:03:10","modified_gmt":"2025-07-19T20:03:10","slug":"aubameyang-de-retour-a-marseille-le-choix-du-coeur","status":"publish","type":"post","link":"https:\/\/www.europesays.com\/fr\/259536\/","title":{"rendered":"Aubameyang de retour \u00e0 Marseille, \u00ab\u00a0le choix du coeur\u00a0\u00bb"},"content":{"rendered":"<p>Un r\u00e9veil en fanfare. Fini\u00a0les terreurs nocturnes, place au r\u00eave \u00e9veill\u00e9. Tir\u00e9s du lit par le tube de l&rsquo;\u00e9t\u00e9. \u00ab\u00a0Auba\u00a0\u00bb is back\u00a0! Les supporters olympiens avaient pourtant ferm\u00e9 les yeux anxieux, hant\u00e9s par quelques pr\u00e9sages de m\u00e9dias saoudiens. Al Ettifaq, grand rival d&rsquo;Al Qadsiah, l&rsquo;ancienne demeure de Pierre-Emerick Aubameyang, aurait fait tourner la t\u00eate du Gabonais. Celui qui caressait l&rsquo;id\u00e9e de rentrer \u00e0 Marseille, apr\u00e8s un court (mais tr\u00e8s lucratif) exil au Moyen-Orient, a chang\u00e9 d&rsquo;avis sur le fil, happ\u00e9 par l&rsquo;or noir. La fin des illusions pour les fid\u00e8les de l&rsquo;OM qui, dans leur grande majorit\u00e9, tr\u00e9pignaient \u00e0 l&rsquo;id\u00e9e de retrouver l&rsquo;homme aux 30 buts et 11 passes d\u00e9cisives (sur la seule saison 2023-24).<\/p>\n<p>\u00ab\u00a0Le choix du c\u0153ur\u00a0\u00bb<\/p>\n<p><a href=\"https:\/\/www.laprovence.com\/article\/om\/1644708854023614\/mercato-om-aubameyang-refuse-larabie-saoudite-pour-revenir-a-marseille\" target=\"_blank\" rel=\"nofollow noopener\">Aux aurores, samedi, le soulagement.<\/a> Peu avant huit heures, la nouvelle est tomb\u00e9e. Une demi-surprise pour les rares insomniaques qui ont d\u00e9cortiqu\u00e9 sa story Instagram, publi\u00e9e au c\u0153ur de la nuit. Lui assit sur le capot de sa Ferrari, le regard dans les \u00e9toiles, berc\u00e9 par \u00ab\u00a0Myst\u00e8re et suspense\u00a0\u00bb de la Fonky Family. Pierre-Emerick Aubameyang a tranch\u00e9&#8230; en faveur de l&rsquo;OM. Malgr\u00e9 le baroud d&rsquo;honneur d&rsquo;Al Ettifaq, la promesse d&rsquo;encaisser quelques dizaines de millions suppl\u00e9mentaires, l&rsquo;ex-Gunner a pr\u00e9f\u00e9r\u00e9 d\u00e9cliner et s&rsquo;offrir, \u00e0 36\u00a0ans, un dernier challenge sportif d&rsquo;envergure. Dans un club qui l&rsquo;a marqu\u00e9 au fer rouge, malgr\u00e9 les crises, les sifflets (au d\u00e9but) et une certaine lassitude \u00e0 force de tenir seul la barre d&rsquo;un navire \u00e0 la d\u00e9rive. \u00ab\u00a0Merci Marseille. Pour toujours &lsquo;Allez l&rsquo;OM&rsquo;. Je ne vous oublierai jamais\u00a0\u00bb, avait-il \u00e9crit en guise d&rsquo;adieu. Un point tout sauf final \u00e0 cette histoire d&rsquo;amour. Mais cela, il ne le savait pas encore.<\/p>\n","protected":false},"excerpt":{"rendered":"Un r\u00e9veil en fanfare. Fini\u00a0les terreurs nocturnes, place au r\u00eave \u00e9veill\u00e9. Tir\u00e9s du lit par le tube de&hellip;\n","protected":false},"author":2,"featured_media":259537,"comment_status":"","ping_status":"","sticky":false,"template":"","format":"standard","meta":{"footnotes":""},"categories":[2814],"tags":[930,17,1111,11,39855,13898,1777,674,1011,27,884,1434,12,149,882,25,8133],"class_list":{"0":"post-259536","1":"post","2":"type-post","3":"status-publish","4":"format-standard","5":"has-post-thumbnail","7":"category-marseille","8":"tag-le","9":"tag-17","10":"tag-actu","11":"tag-actualites","12":"tag-aubameyang","13":"tag-choix","14":"tag-eu","15":"tag-europe","16":"tag-fr","17":"tag-france","18":"tag-marseille","19":"tag-mercato","20":"tag-news","21":"tag-om","22":"tag-provence-alpes-cote-dazur","23":"tag-republique-francaise","24":"tag-retour"},"share_on_mastodon":{"url":"https:\/\/pubeurope.com\/@fr\/114881691891372468","error":""},"_links":{"self":[{"href":"https:\/\/www.europesays.com\/fr\/wp-json\/wp\/v2\/posts\/259536","targetHints":{"allow":["GET"]}}],"collection":[{"href":"https:\/\/www.europesays.com\/fr\/wp-json\/wp\/v2\/posts"}],"about":[{"href":"https:\/\/www.europesays.com\/fr\/wp-json\/wp\/v2\/types\/post"}],"author":[{"embeddable":true,"href":"https:\/\/www.europesays.com\/fr\/wp-json\/wp\/v2\/users\/2"}],"replies":[{"embeddable":true,"href":"https:\/\/www.europesays.com\/fr\/wp-json\/wp\/v2\/comments?post=259536"}],"version-history":[{"count":0,"href":"https:\/\/www.europesays.com\/fr\/wp-json\/wp\/v2\/posts\/259536\/revisions"}],"wp:featuredmedia":[{"embeddable":true,"href":"https:\/\/www.europesays.com\/fr\/wp-json\/wp\/v2\/media\/259537"}],"wp:attachment":[{"href":"https:\/\/www.europesays.com\/fr\/wp-json\/wp\/v2\/media?parent=259536"}],"wp:term":[{"taxonomy":"category","embeddable":true,"href":"https:\/\/www.europesays.com\/fr\/wp-json\/wp\/v2\/categories?post=259536"},{"taxonomy":"post_tag","embeddable":true,"href":"https:\/\/www.europesays.com\/fr\/wp-json\/wp\/v2\/tags?post=259536"}],"curies":[{"name":"wp","href":"https:\/\/api.w.org\/{rel}","templated":true}]}}