{"id":259540,"date":"2025-07-19T20:05:12","date_gmt":"2025-07-19T20:05:12","guid":{"rendered":"https:\/\/www.europesays.com\/fr\/259540\/"},"modified":"2025-07-19T20:05:12","modified_gmt":"2025-07-19T20:05:12","slug":"lyon-cest-une-partie-de-ma-vie","status":"publish","type":"post","link":"https:\/\/www.europesays.com\/fr\/259540\/","title":{"rendered":"\u00ab\u00a0 Lyon, c\u2019est une partie de ma vie \u00a0\u00bb"},"content":{"rendered":"<blockquote class=\"question\"><p>Quel lien entretenez-vous avec Lyon et sa r\u00e9gion\u00a0?<\/p><\/blockquote>\n<p>\u00ab\u00a0Je suis originaire du Puy-en-Velay, et je ne veux surtout pas renier mes racines, et je suis Lyonnais d\u2019adoption. Tout petit, je venais souvent passer le r\u00e9veillon du jour de l\u2019an ou des week-ends \u00e0 Lyon avec mes parents parce que mon oncle Atanase y vivait depuis tr\u00e8s longtemps. Il habitait dans le quartier de Champvert (Lyon\u00a05e ) et je me souviens qu\u2019on allait se balader sur les berges de la Sa\u00f4ne, derri\u00e8re Perrache\u00a0; \u00e0 l\u2019\u00e9poque, on voyait courir des lapins. C\u2019est un souvenir marquant, je devais avoir 10 ans. C\u2019\u00e9tait mes premiers liens r\u00e9els avec Lyon et apr\u00e8s, le foot est arriv\u00e9.\u00a0\u00bb<\/p>\n<blockquote class=\"question\"><p>Comment se sont d\u00e9roul\u00e9s vos premiers pas \u00e0 l\u2019OL\u00a0?<\/p><\/blockquote>\n<p>\u00ab\u00a0J\u2019ai sign\u00e9 un contrat stagiaire en 1997, l\u2019OL m\u2019a trouv\u00e9 un appartement \u00e0 Bron-Terraillon et pour me rendre au centre d\u2019entra\u00eenement de Tola-Vologe \u00e0 Gerland, je prenais trois bus, je mettais pr\u00e8s d\u2019une heure et \u00e7a m\u2019a forg\u00e9\u00a0! Je ne connaissais personne, j\u2019\u00e9tais balanc\u00e9 dans la grande ville, tout \u00e9tait&#8230;<\/p>\n","protected":false},"excerpt":{"rendered":"Quel lien entretenez-vous avec Lyon et sa r\u00e9gion\u00a0? \u00ab\u00a0Je suis originaire du Puy-en-Velay, et je ne veux surtout&hellip;\n","protected":false},"author":2,"featured_media":259541,"comment_status":"","ping_status":"","sticky":false,"template":"","format":"standard","meta":{"footnotes":""},"categories":[1889],"tags":[1111,11,2430,1687,2930,8587,8588,1777,674,107,1011,27,2428,12,25],"class_list":{"0":"post-259540","1":"post","2":"type-post","3":"status-publish","4":"format-standard","5":"has-post-thumbnail","7":"category-lyon","8":"tag-actu","9":"tag-actualites","10":"tag-auvergne-rhone-alpes","11":"tag-culture-loisirs","12":"tag-dijon","13":"tag-dijon-ville","14":"tag-edition-dijon-et-son-agglomeration","15":"tag-eu","16":"tag-europe","17":"tag-fil-info","18":"tag-fr","19":"tag-france","20":"tag-lyon","21":"tag-news","22":"tag-republique-francaise"},"share_on_mastodon":{"url":"https:\/\/pubeurope.com\/@fr\/114881699646418361","error":""},"_links":{"self":[{"href":"https:\/\/www.europesays.com\/fr\/wp-json\/wp\/v2\/posts\/259540","targetHints":{"allow":["GET"]}}],"collection":[{"href":"https:\/\/www.europesays.com\/fr\/wp-json\/wp\/v2\/posts"}],"about":[{"href":"https:\/\/www.europesays.com\/fr\/wp-json\/wp\/v2\/types\/post"}],"author":[{"embeddable":true,"href":"https:\/\/www.europesays.com\/fr\/wp-json\/wp\/v2\/users\/2"}],"replies":[{"embeddable":true,"href":"https:\/\/www.europesays.com\/fr\/wp-json\/wp\/v2\/comments?post=259540"}],"version-history":[{"count":0,"href":"https:\/\/www.europesays.com\/fr\/wp-json\/wp\/v2\/posts\/259540\/revisions"}],"wp:featuredmedia":[{"embeddable":true,"href":"https:\/\/www.europesays.com\/fr\/wp-json\/wp\/v2\/media\/259541"}],"wp:attachment":[{"href":"https:\/\/www.europesays.com\/fr\/wp-json\/wp\/v2\/media?parent=259540"}],"wp:term":[{"taxonomy":"category","embeddable":true,"href":"https:\/\/www.europesays.com\/fr\/wp-json\/wp\/v2\/categories?post=259540"},{"taxonomy":"post_tag","embeddable":true,"href":"https:\/\/www.europesays.com\/fr\/wp-json\/wp\/v2\/tags?post=259540"}],"curies":[{"name":"wp","href":"https:\/\/api.w.org\/{rel}","templated":true}]}}