{"id":259550,"date":"2025-07-19T20:12:12","date_gmt":"2025-07-19T20:12:12","guid":{"rendered":"https:\/\/www.europesays.com\/fr\/259550\/"},"modified":"2025-07-19T20:12:12","modified_gmt":"2025-07-19T20:12:12","slug":"lukraine-relance-lidee-de-negociations-directes-avec-la-russie","status":"publish","type":"post","link":"https:\/\/www.europesays.com\/fr\/259550\/","title":{"rendered":"L&rsquo;Ukraine relance l&rsquo;id\u00e9e de n\u00e9gociations directes avec la Russie"},"content":{"rendered":"<p><strong>Dans un contexte d\u2019intensification des hostilit\u00e9s, Kiev propose un nouveau round diplomatique tandis que Moscou maintient sa pression militaire.<\/strong><\/p>\n<p>L\u2019Ukraine a officiellement invit\u00e9 la Russie \u00e0 reprendre les discussions diplomatiques la semaine prochaine. Cette initiative intervient apr\u00e8s plusieurs mois d\u2019impasse, les pr\u00e9c\u00e9dentes rencontres n\u2019ayant abouti qu\u2019\u00e0 des \u00e9changes limit\u00e9s de prisonniers et de d\u00e9pouilles militaires. Les pourparlers, organis\u00e9s sous m\u00e9diation internationale, n\u2019avaient pas permis de progresser vers un cessez-le-feu durable.<\/p>\n<p>Le pr\u00e9sident ukrainien a r\u00e9affirm\u00e9 sa disposition \u00e0 engager des discussions directes avec son homologue russe, estimant qu\u2019une rencontre au sommet constituerait une \u00e9tape indispensable pour envisager une r\u00e9solution du conflit. Cette proposition survient alors que les positions des deux camps restent diam\u00e9tralement oppos\u00e9es. Lors des derni\u00e8res n\u00e9gociations, Moscou avait r\u00e9it\u00e9r\u00e9 des demandes jug\u00e9es inacceptables par Kiev, incluant des concessions territoriales majeures et l\u2019abandon du soutien militaire occidental.<\/p>\n<p>Du c\u00f4t\u00e9 russe, le Kremlin a laiss\u00e9 entendre une ouverture conditionnelle \u00e0 de nouvelles discussions, tout en poursuivant ses op\u00e9rations militaires sur le terrain. Les frappes a\u00e9riennes et les offensives terrestres se sont intensifi\u00e9es ces derni\u00e8res semaines, touchant plusieurs r\u00e9gions ukrainiennes. Des bombardements r\u00e9cents ont caus\u00e9 des pertes civiles et endommag\u00e9 des infrastructures essentielles, notamment dans les oblasts de Dnipropetrovsk et d\u2019Odessa.<\/p>\n<p>Parall\u00e8lement, les sanctions internationales contre la Russie se sont durcies, ciblant notamment les exportations \u00e9nerg\u00e9tiques, principale source de revenus du pays. Cette escalade \u00e9conomique et militaire complique la perspective d\u2019une issue diplomatique, alors que les deux capitales affichent des positions toujours irr\u00e9conciliables. Les prochains jours devraient r\u00e9v\u00e9ler si cette nouvelle proposition ukrainienne peut ouvrir une br\u00e8che dans l\u2019impasse actuelle.<\/p>\n","protected":false},"excerpt":{"rendered":"Dans un contexte d\u2019intensification des hostilit\u00e9s, Kiev propose un nouveau round diplomatique tandis que Moscou maintient sa pression&hellip;\n","protected":false},"author":2,"featured_media":259551,"comment_status":"","ping_status":"","sticky":false,"template":"","format":"standard","meta":{"footnotes":""},"categories":[1591],"tags":[11,1887,12,1885,1886,132],"class_list":{"0":"post-259550","1":"post","2":"type-post","3":"status-publish","4":"format-standard","5":"has-post-thumbnail","7":"category-russie","8":"tag-actualites","9":"tag-federation-de-russie","10":"tag-news","11":"tag-russia","12":"tag-russian-federation","13":"tag-russie"},"share_on_mastodon":{"url":"https:\/\/pubeurope.com\/@fr\/114881727281626008","error":""},"_links":{"self":[{"href":"https:\/\/www.europesays.com\/fr\/wp-json\/wp\/v2\/posts\/259550","targetHints":{"allow":["GET"]}}],"collection":[{"href":"https:\/\/www.europesays.com\/fr\/wp-json\/wp\/v2\/posts"}],"about":[{"href":"https:\/\/www.europesays.com\/fr\/wp-json\/wp\/v2\/types\/post"}],"author":[{"embeddable":true,"href":"https:\/\/www.europesays.com\/fr\/wp-json\/wp\/v2\/users\/2"}],"replies":[{"embeddable":true,"href":"https:\/\/www.europesays.com\/fr\/wp-json\/wp\/v2\/comments?post=259550"}],"version-history":[{"count":0,"href":"https:\/\/www.europesays.com\/fr\/wp-json\/wp\/v2\/posts\/259550\/revisions"}],"wp:featuredmedia":[{"embeddable":true,"href":"https:\/\/www.europesays.com\/fr\/wp-json\/wp\/v2\/media\/259551"}],"wp:attachment":[{"href":"https:\/\/www.europesays.com\/fr\/wp-json\/wp\/v2\/media?parent=259550"}],"wp:term":[{"taxonomy":"category","embeddable":true,"href":"https:\/\/www.europesays.com\/fr\/wp-json\/wp\/v2\/categories?post=259550"},{"taxonomy":"post_tag","embeddable":true,"href":"https:\/\/www.europesays.com\/fr\/wp-json\/wp\/v2\/tags?post=259550"}],"curies":[{"name":"wp","href":"https:\/\/api.w.org\/{rel}","templated":true}]}}