{"id":259561,"date":"2025-07-19T20:18:11","date_gmt":"2025-07-19T20:18:11","guid":{"rendered":"https:\/\/www.europesays.com\/fr\/259561\/"},"modified":"2025-07-19T20:18:11","modified_gmt":"2025-07-19T20:18:11","slug":"viktor-orban-denonce-un-budget-europeen-voue-a-lechec-et-une-union-sans-ambition","status":"publish","type":"post","link":"https:\/\/www.europesays.com\/fr\/259561\/","title":{"rendered":"Viktor Orb\u00e1n d\u00e9nonce un budget europ\u00e9en \u00ab vou\u00e9 \u00e0 l\u2019\u00e9chec \u00bb et une Union \u00ab sans ambition \u00bb"},"content":{"rendered":"<p style=\"text-align: justify;\" data-start=\"301\" data-end=\"527\"><strong data-start=\"301\" data-end=\"527\">Le Premier ministre hongrois a s\u00e9v\u00e8rement critiqu\u00e9 le projet de budget de l\u2019Union europ\u00e9enne pour la p\u00e9riode 2028-2034, d\u00e9non\u00e7ant une fuite en avant financi\u00e8re au profit de l\u2019Ukraine et au d\u00e9triment des citoyens europ\u00e9ens.<\/strong><\/p>\n<p style=\"text-align: justify;\" data-start=\"529\" data-end=\"926\"><a href=\"https:\/\/abouthungary.hu\/blog\/pm-orban-this-eu-budget-will-not-survive-beyond-this-year\" target=\"_blank\" rel=\"noopener\">Dans un entretien accord\u00e9 vendredi 18 juillet \u00e0 la radio Kossuth<\/a>, <strong data-start=\"584\" data-end=\"600\">Viktor Orb\u00e1n<\/strong> a lanc\u00e9 une charge frontale contre le nouveau budget pluriannuel propos\u00e9 par la Commission europ\u00e9enne. Pour le dirigeant hongrois, le document est non seulement <strong data-start=\"762\" data-end=\"790\">\u00ab strat\u00e9giquement vide \u00bb<\/strong>, mais \u00e9galement <strong data-start=\"807\" data-end=\"856\">\u00ab moralement et \u00e9conomiquement inacceptable \u00bb<\/strong>. Il pr\u00e9vient : <strong data-start=\"872\" data-end=\"925\">\u00ab Ce budget ne survivra pas \u00e0 l\u2019ann\u00e9e prochaine \u00bb<\/strong>.<\/p>\n<p>30 % du budget hors sol : l\u2019Ukraine et les dettes avant les peuples<\/p>\n<p style=\"text-align: justify;\" data-start=\"1001\" data-end=\"1410\">Selon les analyses du gouvernement hongrois, <strong data-start=\"1046\" data-end=\"1104\">entre 20 et 25 % du budget serait consacr\u00e9 \u00e0 l\u2019Ukraine<\/strong>, un pays qui n\u2019est <strong data-start=\"1124\" data-end=\"1155\">toujours pas membre de l\u2019UE<\/strong>, sans qu\u2019aucune d\u00e9cision formelle d\u2019adh\u00e9sion n\u2019ait \u00e9t\u00e9 prise. Viktor Orb\u00e1n d\u00e9nonce ainsi un <strong data-start=\"1248\" data-end=\"1314\">d\u00e9tournement massif des ressources des contribuables europ\u00e9ens<\/strong>, et notamment hongrois, vers un \u00c9tat tiers plong\u00e9 dans une guerre et une instabilit\u00e9 chronique.<\/p>\n<p style=\"text-align: justify;\" data-start=\"1412\" data-end=\"1822\">\u00c0 cette d\u00e9rive budg\u00e9taire s\u2019ajouteraient <strong data-start=\"1453\" data-end=\"1524\">10 \u00e0 12 % de d\u00e9penses affect\u00e9es au remboursement des dettes pass\u00e9es<\/strong>, portant \u00e0 <strong data-start=\"1536\" data-end=\"1621\">plus de 30 % la part du budget d\u00e9connect\u00e9e des int\u00e9r\u00eats directs des \u00c9tats membres<\/strong>. Pour le Premier ministre hongrois, il s\u2019agit ni plus ni moins d\u2019un <strong data-start=\"1690\" data-end=\"1728\">chantage permanent \u00e0 la solidarit\u00e9<\/strong> et d\u2019un <strong data-start=\"1737\" data-end=\"1821\">syst\u00e8me de punition des pays vertueux au profit de ceux qui vivent dans le chaos<\/strong>.<\/p>\n<p>Une attaque directe contre les agriculteurs europ\u00e9ens<\/p>\n<p style=\"text-align: justify;\" data-start=\"1883\" data-end=\"2248\">Orb\u00e1n souligne \u00e9galement la baisse inqui\u00e9tante des fonds d\u00e9di\u00e9s \u00e0 <strong data-start=\"1949\" data-end=\"1966\">l\u2019agriculture<\/strong>, pilier historique de la politique europ\u00e9enne. Il fustige un ex\u00e9cutif bruxellois <strong data-start=\"2048\" data-end=\"2106\">incapable de pr\u00e9senter une vision \u00e9conomique coh\u00e9rente<\/strong>, tout en sacrifiant les secteurs productifs et enracin\u00e9s sur l\u2019autel de \u00ab projets incertains \u00bb dont les citoyens ne voient jamais la couleur.<\/p>\n<p>Pas d\u2019adh\u00e9sion pour l\u2019Ukraine sans garanties<\/p>\n<p style=\"text-align: justify;\" data-start=\"2300\" data-end=\"2681\">Hostile \u00e0 l\u2019int\u00e9gration pr\u00e9cipit\u00e9e de l\u2019Ukraine dans l\u2019UE, Orb\u00e1n a d\u00e9clar\u00e9 : <strong data-start=\"2377\" data-end=\"2471\">\u00ab Nous devons coop\u00e9rer avec l\u2019Ukraine, mais sans lui accorder les m\u00eames droits que nous. \u00bb<\/strong> Il met en garde : une fois l\u2019adh\u00e9sion prononc\u00e9e, il sera <strong data-start=\"2529\" data-end=\"2565\">impossible de revenir en arri\u00e8re<\/strong>, et l\u2019Europe devra alors <strong data-start=\"2591\" data-end=\"2651\">absorber les d\u00e9ficits, les tensions et les d\u00e9s\u00e9quilibres<\/strong>\u00e9conomiques d\u2019un pays ravag\u00e9.<\/p>\n<p style=\"text-align: justify;\" data-start=\"2683\" data-end=\"3027\">Il a \u00e9galement d\u00e9nonc\u00e9 <strong data-start=\"2706\" data-end=\"2756\">les atteintes aux droits de l\u2019homme en Ukraine<\/strong>, citant la mort r\u00e9cente d\u2019un citoyen hongrois, <strong data-start=\"2804\" data-end=\"2824\">J\u00f3zsef Sebesty\u00e9n<\/strong>, enr\u00f4l\u00e9 de force par les autorit\u00e9s ukrainiennes. Une trag\u00e9die qualifi\u00e9e de <strong data-start=\"2900\" data-end=\"2924\">\u00ab chasse \u00e0 l\u2019homme \u00bb<\/strong>, pass\u00e9e sous silence par Bruxelles, qui continue pourtant de vanter les progr\u00e8s d\u00e9mocratiques de Kiev.<\/p>\n<p style=\"text-align: justify;\" data-start=\"3076\" data-end=\"3569\">En contraste avec l\u2019agenda europ\u00e9en, Viktor Orb\u00e1n a mis en avant le programme national <strong data-start=\"3163\" data-end=\"3179\">Otthon Start<\/strong>, un plan ambitieux de soutien \u00e0 la propri\u00e9t\u00e9 pour les jeunes Hongrois, via des pr\u00eats \u00e0 taux fixe garantis par l\u2019\u00c9tat. Un dispositif 100 % en forint, donc <strong data-start=\"3334\" data-end=\"3359\">sans risque de change<\/strong>, destin\u00e9 \u00e0 <strong data-start=\"3371\" data-end=\"3396\">stabiliser l\u2019\u00e9conomie<\/strong> et <strong data-start=\"3400\" data-end=\"3424\">relancer la natalit\u00e9<\/strong>. Il estime que ce programme pourrait <strong data-start=\"3462\" data-end=\"3491\">booster le PIB d\u2019un point<\/strong>, preuve qu\u2019un autre mod\u00e8le \u00e9conomique, enracin\u00e9 et pragmatique, est possible.<\/p>\n<p style=\"text-align: justify;\" data-start=\"3603\" data-end=\"4041\">En conclusion, Viktor Orb\u00e1n a qualifi\u00e9 le projet budg\u00e9taire europ\u00e9en de <strong data-start=\"3675\" data-end=\"3702\">\u00ab budget du d\u00e9sespoir \u00bb<\/strong>, reflet d\u2019une Union <strong data-start=\"3723\" data-end=\"3740\">en stagnation<\/strong>, <strong data-start=\"3742\" data-end=\"3759\">sans ambition<\/strong>, qui <strong data-start=\"3765\" data-end=\"3796\">punit les pays responsables<\/strong> et <strong data-start=\"3800\" data-end=\"3845\">r\u00e9compense les incertitudes g\u00e9opolitiques<\/strong>. Mais le chef du gouvernement hongrois se dit confiant : il compte sur <strong data-start=\"3917\" data-end=\"3950\">l\u2019appui d\u2019autres pays lucides<\/strong> pour refuser cette fuite en avant et imposer une r\u00e9vision structurelle du cadre financier.<\/p>\n<p style=\"text-align: justify;\" data-start=\"4043\" data-end=\"4133\"><strong data-start=\"4043\" data-end=\"4117\">\u00ab Ce n\u2019est pas de la solidarit\u00e9, c\u2019est de la redistribution punitive \u00bb<\/strong>, a-t-il conclu.<\/p>\n<p style=\"text-align: justify;\" data-start=\"4043\" data-end=\"4133\">Cr\u00e9dit photo : DR<br \/>[cc] Breizh-info.com, 2025, d\u00e9p\u00eaches libres de copie et de diffusion sous r\u00e9serve de mention et de lien vers la source d\u2019origine<\/p>\n","protected":false},"excerpt":{"rendered":"Le Premier ministre hongrois a s\u00e9v\u00e8rement critiqu\u00e9 le projet de budget de l\u2019Union europ\u00e9enne pour la p\u00e9riode 2028-2034,&hellip;\n","protected":false},"author":2,"featured_media":259562,"comment_status":"","ping_status":"","sticky":false,"template":"","format":"standard","meta":{"footnotes":""},"categories":[1586],"tags":[11,1777,674,1779,1011,27,804,12,25,1778,364,7247],"class_list":{"0":"post-259561","1":"post","2":"type-post","3":"status-publish","4":"format-standard","5":"has-post-thumbnail","7":"category-europe","8":"tag-actualites","9":"tag-eu","10":"tag-europe","11":"tag-european-union","12":"tag-fr","13":"tag-france","14":"tag-hongrie","15":"tag-news","16":"tag-republique-francaise","17":"tag-ue","18":"tag-union-europeenne","19":"tag-viktor-orban"},"share_on_mastodon":{"url":"https:\/\/pubeurope.com\/@fr\/114881750875295003","error":""},"_links":{"self":[{"href":"https:\/\/www.europesays.com\/fr\/wp-json\/wp\/v2\/posts\/259561","targetHints":{"allow":["GET"]}}],"collection":[{"href":"https:\/\/www.europesays.com\/fr\/wp-json\/wp\/v2\/posts"}],"about":[{"href":"https:\/\/www.europesays.com\/fr\/wp-json\/wp\/v2\/types\/post"}],"author":[{"embeddable":true,"href":"https:\/\/www.europesays.com\/fr\/wp-json\/wp\/v2\/users\/2"}],"replies":[{"embeddable":true,"href":"https:\/\/www.europesays.com\/fr\/wp-json\/wp\/v2\/comments?post=259561"}],"version-history":[{"count":0,"href":"https:\/\/www.europesays.com\/fr\/wp-json\/wp\/v2\/posts\/259561\/revisions"}],"wp:featuredmedia":[{"embeddable":true,"href":"https:\/\/www.europesays.com\/fr\/wp-json\/wp\/v2\/media\/259562"}],"wp:attachment":[{"href":"https:\/\/www.europesays.com\/fr\/wp-json\/wp\/v2\/media?parent=259561"}],"wp:term":[{"taxonomy":"category","embeddable":true,"href":"https:\/\/www.europesays.com\/fr\/wp-json\/wp\/v2\/categories?post=259561"},{"taxonomy":"post_tag","embeddable":true,"href":"https:\/\/www.europesays.com\/fr\/wp-json\/wp\/v2\/tags?post=259561"}],"curies":[{"name":"wp","href":"https:\/\/api.w.org\/{rel}","templated":true}]}}