{"id":259569,"date":"2025-07-19T20:22:10","date_gmt":"2025-07-19T20:22:10","guid":{"rendered":"https:\/\/www.europesays.com\/fr\/259569\/"},"modified":"2025-07-19T20:22:10","modified_gmt":"2025-07-19T20:22:10","slug":"scottie-scheffler-intouchable-rory-mcilroy-superstar-au-british-open-lequipe","status":"publish","type":"post","link":"https:\/\/www.europesays.com\/fr\/259569\/","title":{"rendered":"Scottie Scheffler intouchable, Rory McIlroy superstar au British Open &#8211; L&#039;\u00c9quipe"},"content":{"rendered":"<ol>\n<li><a href=\"https:\/\/news.google.com\/rss\/articles\/CBMitgFBVV95cUxQei1OdmVFaXc5b20yQVJ1Mi0yYUdGLXdLY3FUdk00QURqY2hNYms4MHE1bncwbFA0bC11QlRKQld5ckx1a3l3bE1Majc5MDVWTEoxd3FZbUtjMEppYjdURmNNdTVmUGtOanBiakF0MEk0LVNsTm5BV0FfVWh6TWRZd2o5STB6U3R6VDBuWGNGd1ZvR0tCUTJfWXlxVWg3eTFUOVJwWWQ4amkzZUVLekRHLURtMDQydw?oc=5\" target=\"_blank\" rel=\"nofollow noopener\">Scottie Scheffler intouchable, Rory McIlroy superstar au British Open<\/a>&nbsp;&nbsp;L&rsquo;\u00c9quipe<\/li>\n<li><a href=\"https:\/\/news.google.com\/rss\/articles\/CBMivAFBVV95cUxNZEp4UU5nUUJnbzE5Wk9PYkR3YmNqQ2xtc3lQOGJDOTEwZ05SRWNYSUl0NW5fQUd5R3l4c2NrazhLN3pHNlV3c1FQUmF1TEhPakZEZXRvRmVVSmQ3M2c3NjJhNWRPYlRTMGpJYVp1d2xYbTdMWFhtamJKcmhqeWRRQ0hVNDN6b29Vbm1DOEtfSVhPbE1zLTgtd1dNRHgwWmJyc3h6cU9oNzF0MDZYRVBpelAxemdlcVUybUhxbA?oc=5\" target=\"_blank\" rel=\"nofollow noopener\">Eagle de Fleetwood- 153e The Open Royal Portrush<\/a>&nbsp;&nbsp;Orange Actualit\u00e9s | Sports<\/li>\n<li><a href=\"https:\/\/news.google.com\/rss\/articles\/CBMijAJBVV95cUxQTFJnY0ZDTm1DRkE1RGliUnl5cE1wdVlSZHJIR0VIRzJYQXkyMUdBUnRNZm9iMXBNSThaV3pPN2tlWVBtN1RwTjNDM2tnV1ZuTDdfa2xkRVBJWUxydW91Q3N5VGJEVFY1OGd6OE9yZkxXakMwM2xWcXFqRnZZY3JKVkZ1ZVBCYmVWU2NzTTBTMU44Rm9oN21DWk5uMEZZOTFWUmVWY0thTDUxNFFndGZBTGtmOGl5REdZYjZFUUc0RUZFLXdEcDZ3d0Y3RjAwMjVmdDVHeHBqd0NVWHhQTDFEajduZDh0SzNiR29SWGRwN3EzdWY2QlE0Vm1wdlAyYjBaa1JsNmltMlpjU2NJ?oc=5\" target=\"_blank\" rel=\"nofollow noopener\">Golf. THE 153e OPEN: Une journ\u00e9e magnifique \u00e0 Royal Portrush avec Scottie Scheffler \u00e0 la baguette<\/a>&nbsp;&nbsp;Ouest-France<\/li>\n<li><a href=\"https:\/\/news.google.com\/rss\/articles\/CBMinwFBVV95cUxQYy12Z0RjMHZPREVralI4ODBCZTQ5RF9ieldER3d4TnE1MUVMVWxCYkNaZUpFa1lsc1N1cDZ6VUVmckpOMTFrSHN0SDZiMzZxT3JyTEV2R0pPWnVxMHlOdURwUlduOFRWVXVpWFl5MGJMblNUb0F3d0RxdzR2ZFp4eXQ5NWFvLWlpS2tNMTM1MVNjemtSSWZSY2JsSFZvZjQ?oc=5\" target=\"_blank\" rel=\"nofollow noopener\">The Open : Les Bleus loin d\u2019un Scheffler imp\u00e9rial<\/a>&nbsp;&nbsp;F\u00e9d\u00e9ration fran\u00e7aise de golf (ffgolf)<\/li>\n<li><a href=\"https:\/\/news.google.com\/rss\/articles\/CBMisAFBVV95cUxQdC10WkFfMDNkMUdBcUNIeGlVemZodUFna2E3ei1FWkM5Q2VCcUhJeHRHa1dvVWR0WGUwb20ybmFONGREZTBoaUJsUU96eHBxaTliX2xqeVNaSS1aaE9oVUxXOXphVF85VGZiaEFCX0JFRlYwOEVvTV9zcm1pRm45bW85ZjJSajBfUjVGNzhJQUNHcEk2MjY1a2p5NFdTUXV3bGl6WUVBLVI1ckZyUFVoeg?oc=5\" target=\"_blank\" rel=\"nofollow noopener\">Golf: Scheffler toujours en t\u00eate du British Open, McIlroy remonte \u00e0 la 4e place<\/a>&nbsp;&nbsp;La Croix<\/li>\n<\/ol>\n","protected":false},"excerpt":{"rendered":"Scottie Scheffler intouchable, Rory McIlroy superstar au British Open&nbsp;&nbsp;L&rsquo;\u00c9quipe Eagle de Fleetwood- 153e The Open Royal Portrush&nbsp;&nbsp;Orange Actualit\u00e9s&hellip;\n","protected":false},"author":2,"featured_media":259570,"comment_status":"","ping_status":"","sticky":false,"template":"","format":"standard","meta":{"footnotes":""},"categories":[1418],"tags":[1011,27,1472,60],"class_list":{"0":"post-259569","1":"post","2":"type-post","3":"status-publish","4":"format-standard","5":"has-post-thumbnail","7":"category-golf","8":"tag-fr","9":"tag-france","10":"tag-golf","11":"tag-sports"},"share_on_mastodon":{"url":"https:\/\/pubeurope.com\/@fr\/114881766519793563","error":""},"_links":{"self":[{"href":"https:\/\/www.europesays.com\/fr\/wp-json\/wp\/v2\/posts\/259569","targetHints":{"allow":["GET"]}}],"collection":[{"href":"https:\/\/www.europesays.com\/fr\/wp-json\/wp\/v2\/posts"}],"about":[{"href":"https:\/\/www.europesays.com\/fr\/wp-json\/wp\/v2\/types\/post"}],"author":[{"embeddable":true,"href":"https:\/\/www.europesays.com\/fr\/wp-json\/wp\/v2\/users\/2"}],"replies":[{"embeddable":true,"href":"https:\/\/www.europesays.com\/fr\/wp-json\/wp\/v2\/comments?post=259569"}],"version-history":[{"count":0,"href":"https:\/\/www.europesays.com\/fr\/wp-json\/wp\/v2\/posts\/259569\/revisions"}],"wp:featuredmedia":[{"embeddable":true,"href":"https:\/\/www.europesays.com\/fr\/wp-json\/wp\/v2\/media\/259570"}],"wp:attachment":[{"href":"https:\/\/www.europesays.com\/fr\/wp-json\/wp\/v2\/media?parent=259569"}],"wp:term":[{"taxonomy":"category","embeddable":true,"href":"https:\/\/www.europesays.com\/fr\/wp-json\/wp\/v2\/categories?post=259569"},{"taxonomy":"post_tag","embeddable":true,"href":"https:\/\/www.europesays.com\/fr\/wp-json\/wp\/v2\/tags?post=259569"}],"curies":[{"name":"wp","href":"https:\/\/api.w.org\/{rel}","templated":true}]}}