{"id":259575,"date":"2025-07-19T20:26:18","date_gmt":"2025-07-19T20:26:18","guid":{"rendered":"https:\/\/www.europesays.com\/fr\/259575\/"},"modified":"2025-07-19T20:26:18","modified_gmt":"2025-07-19T20:26:18","slug":"un-evenement-basket-a-partager","status":"publish","type":"post","link":"https:\/\/www.europesays.com\/fr\/259575\/","title":{"rendered":"Un \u00e9v\u00e8nement basket \u00e0 partager !"},"content":{"rendered":"<p>                            <img decoding=\"async\" class=\"img-fluid thumbnail__news\" src=\"https:\/\/www.europesays.com\/fr\/wp-content\/uploads\/2025\/07\/e149e73a-7cbb-452a-a7e1-6e447554a49e.jpg\" alt=\"Un \u00e9v\u00e8nement basket \u00e0 partager !\"\/><br \/>\n                                                        La F\u00e9d\u00e9ration Fran\u00e7aise de BasketBall a ouvert officiellement, ce jeudi 5 d\u00e9cembre 2024, la billetterie des Finales de la Coupe de France de basket qui se d\u00e9rouleront le vendredi 25 et le samedi 26 avril 2025 \u00e0 l\u2019Accor Arena de Paris. Chaque ann\u00e9e, devant plus de 15 000 personnes, ces finales offrent un spectacle m\u00ealant le show, l\u2019ambiance, l\u2019\u00e9motion et la performance sportive. Un \u00e9v\u00e9nement \u00e0 ne pas manquer !<\/p>\n<p>Les Finales de la Coupe de France, du samedi 26 avril, ce sont quatre matches, quatre finales, pour faire le plein de basket tout au long d\u2019une journ\u00e9e riche en \u00e9motion et en spectacle.<br \/>\u00a0<br \/>Depuis 1997, l\u2019Accor Arena de Paris accueille les finales de la Coupe de France. Au rythme des fanfares et des chants des supporters (+ de 15 000 spectateurs chaque ann\u00e9e) l\u2019ambiance est garantie dans les tribunes. Sur le terrain les joueurs et les joueuses vont tout donner pour lever la Coupe et offrir une performance de tr\u00e8s haut niveau.<br \/>\u00a0<br \/>Le billet donne acc\u00e8s \u00e0 l&rsquo;ensemble des rencontres de la journ\u00e9e et permet ainsi aux spectateurs de vivre pleinement l\u2019exp\u00e9rience Coupe de France au rythme des matches et des animations qui s\u2019enchainent sous ses yeux pendant plus de 10h non-stop.<br \/>\u00a0<br \/>Les Finales de la Coupe de France \u00e0 l\u2019Accor Arena, un \u00e9v\u00e8nement riche en sensations \u00e0 partager en famille ou entre amis, accessible d\u00e8s 18 \u20ac (offre de lancement valable jusqu&rsquo;au 25 d\u00e9cembre 2024).<\/p>\n<p><strong>Programme des Finales Coupe de France 2025* :<\/strong><br \/>Vendredi 25 avril 2025<br \/>18h00 Finale Troph\u00e9e f\u00e9minin<br \/>20h30 Finale Troph\u00e9e masculin<\/p>\n<p>Samedi 26 avril 2025<br \/>10h00 Finale U18 f\u00e9minines<br \/>12h30 Finale U17 masculins<br \/>15h00 Finale Pros f\u00e9minines (Troph\u00e9e Jo\u00eb Jaunay)<br \/>17h40 Finale Pros masculins (Troph\u00e9e Robert Busnel)<\/p>\n<p>*sous r\u00e9serve de modifications TV<\/p>\n<p><strong>Billetterie des finales de la Coupe de France 2025<\/strong><\/p>\n<p><strong>Offre sp\u00e9ciale ouverture<\/strong> commandez vos places avant le 25 d\u00e9cembre 2024 et b\u00e9n\u00e9ficiez d&rsquo;une offre tarifaire avantageuse.<br \/>\u00a0<br \/><a href=\"https:\/\/billetterie.ffbb.com\/fr\" target=\"_blank\" rel=\"noopener nofollow\"><strong>Profitez de l&rsquo;offre sp\u00e9ciale ouverture<\/strong><\/a><br \/>\u00a0<br \/><strong>Offre groupe <\/strong>\u00e0 partir de 10 places achet\u00e9es, profitez de l\u2019offre club pour assister aux finales de la Coupe de France au meilleur prix.<br \/>\u00a0<br \/><a href=\"https:\/\/billetterie.ffbb.com\/fr\/groupes-ce\" target=\"_blank\" rel=\"noopener nofollow\"><strong>Profitez de l\u2019offre groupe<\/strong><\/a><\/p>\n<p><strong><a href=\"https:\/\/billetterie.ffbb.com\/\" target=\"_blank\" rel=\"noopener nofollow\">R\u00e9servez vos places sur billetterie.ffbb.com<\/a><\/strong><\/p>\n","protected":false},"excerpt":{"rendered":"La F\u00e9d\u00e9ration Fran\u00e7aise de BasketBall a ouvert officiellement, ce jeudi 5 d\u00e9cembre 2024, la billetterie des Finales de&hellip;\n","protected":false},"author":2,"featured_media":259576,"comment_status":"","ping_status":"","sticky":false,"template":"","format":"standard","meta":{"footnotes":""},"categories":[1414],"tags":[1465,1464,1011,27,60],"class_list":{"0":"post-259575","1":"post","2":"type-post","3":"status-publish","4":"format-standard","5":"has-post-thumbnail","7":"category-basket","8":"tag-basket","9":"tag-basketball","10":"tag-fr","11":"tag-france","12":"tag-sports"},"share_on_mastodon":{"url":"https:\/\/pubeurope.com\/@fr\/114881782350683118","error":""},"_links":{"self":[{"href":"https:\/\/www.europesays.com\/fr\/wp-json\/wp\/v2\/posts\/259575","targetHints":{"allow":["GET"]}}],"collection":[{"href":"https:\/\/www.europesays.com\/fr\/wp-json\/wp\/v2\/posts"}],"about":[{"href":"https:\/\/www.europesays.com\/fr\/wp-json\/wp\/v2\/types\/post"}],"author":[{"embeddable":true,"href":"https:\/\/www.europesays.com\/fr\/wp-json\/wp\/v2\/users\/2"}],"replies":[{"embeddable":true,"href":"https:\/\/www.europesays.com\/fr\/wp-json\/wp\/v2\/comments?post=259575"}],"version-history":[{"count":0,"href":"https:\/\/www.europesays.com\/fr\/wp-json\/wp\/v2\/posts\/259575\/revisions"}],"wp:featuredmedia":[{"embeddable":true,"href":"https:\/\/www.europesays.com\/fr\/wp-json\/wp\/v2\/media\/259576"}],"wp:attachment":[{"href":"https:\/\/www.europesays.com\/fr\/wp-json\/wp\/v2\/media?parent=259575"}],"wp:term":[{"taxonomy":"category","embeddable":true,"href":"https:\/\/www.europesays.com\/fr\/wp-json\/wp\/v2\/categories?post=259575"},{"taxonomy":"post_tag","embeddable":true,"href":"https:\/\/www.europesays.com\/fr\/wp-json\/wp\/v2\/tags?post=259575"}],"curies":[{"name":"wp","href":"https:\/\/api.w.org\/{rel}","templated":true}]}}