{"id":259577,"date":"2025-07-19T20:27:11","date_gmt":"2025-07-19T20:27:11","guid":{"rendered":"https:\/\/www.europesays.com\/fr\/259577\/"},"modified":"2025-07-19T20:27:11","modified_gmt":"2025-07-19T20:27:11","slug":"combien-de-courses-reste-t-il-au-calendrier-motogp-cette-saison","status":"publish","type":"post","link":"https:\/\/www.europesays.com\/fr\/259577\/","title":{"rendered":"Combien de courses reste-t-il au calendrier MotoGP cette saison ?"},"content":{"rendered":"<p>Le MotoGP a install\u00e9 son paddock ce week-end en R\u00e9publique Tch\u00e8que, sur le fameux long circuit de Brno, connu pour son caract\u00e8re extr\u00eamement physique pour les pilotes en raison de sa nature sinueuse. Ensuite viendra la tr\u00eave estivale du championnat, dont on sait d\u00e9j\u00e0 quoi qu\u2019il en soit qu\u2019il sera domin\u00e9 math\u00e9matiquement par le pilote Ducati officiel Marc Marquez.\u00a0<\/p>\n<p>Apr\u00e8s la pause estivale bien m\u00e9rit\u00e9e, les pilotes auront encore 10 \u00e9preuves au menu, avec une rentr\u00e9e sur le GP d\u2019Autriche, sur le trac\u00e9 du Red Bull Ring, le week-end du 20 juillet, puis trois autres d\u00e9placements en Europe sur la fin de l\u2019\u00e9t\u00e9, sur le Hungaroring, le Circuit de Catalogne, \u00e0 Barcelone, et enfin \u00e0 Saint Marin.\u00a0<\/p>\n<p>Une longue campagne extra-europ\u00e9enne d\u00e9butera ensuite fin septembre, avec comme premier rendez-vous le GP du Japon, suivi du GP d\u2019Indon\u00e9sie, terre de deux roues par excellence, puis l\u2019embl\u00e9matique manche australienne de Phillip Island. Pour les trois derniers GPs de la saison, lors desquels la lutte pour le titre pourrait \u00eatre d\u00e9j\u00e0 bien r\u00e9duite tant la domination de Marc Marquez se fait sentir cette ann\u00e9e, le MotoGP se rendra sur le beau circuit de Sepang, en Malaisie, avant de revenir en Europe au Portugal et \u00e0 Valence, o\u00f9 se d\u00e9rouleront aussi dans la foul\u00e9e les tests de pr\u00e9paration \u00e0 la saison MotoGP 2026.<\/p>\n<p>Le calendrier MotoGP 2026 restant \u00e0 disputer :\u00a0<\/p>\n<tr>\n<td style=\"width: 34.4828%;\">20 juillet<\/td>\n<td class=\"vainqueur club\" style=\"width: 61.0345%;\">\n<p><strong>R\u00e9publique Tch\u00e8que<\/strong><\/p>\n<\/td>\n<td class=\"vainqueur club\" style=\"width: 1.03448%;\">\u00a0<\/td>\n<\/tr>\n<tr>\n<td style=\"width: 34.4828%;\">17 ao\u00fbt<\/td>\n<td class=\"vainqueur club\" style=\"width: 61.0345%;\">\n<p><strong>Autriche<\/strong><\/p>\n<\/td>\n<td class=\"vainqueur club\" style=\"width: 1.03448%;\">\u00a0<\/td>\n<\/tr>\n<tr>\n<td style=\"width: 34.4828%;\">24 ao\u00fbt<\/td>\n<td class=\"vainqueur club\" style=\"width: 61.0345%;\">\n<p><strong>Hongrie<\/strong><\/p>\n<\/td>\n<td class=\"vainqueur club\" style=\"width: 1.03448%;\">\u00a0<\/td>\n<\/tr>\n<tr>\n<td style=\"width: 34.4828%;\">07 septembre<\/td>\n<td class=\"vainqueur club\" style=\"width: 61.0345%;\">\n<p><strong>Catalogne<\/strong><\/p>\n<\/td>\n<td class=\"vainqueur club\" style=\"width: 1.03448%;\">\u00a0<\/td>\n<\/tr>\n<tr>\n<td style=\"width: 34.4828%;\">14 septembre<\/td>\n<td class=\"vainqueur club\" style=\"width: 61.0345%;\">\n<p><strong>Saint-Marin<\/strong><\/p>\n<\/td>\n<td class=\"vainqueur club\" style=\"width: 1.03448%;\">\u00a0<\/td>\n<\/tr>\n<tr>\n<td style=\"width: 34.4828%;\">28 septembre<\/td>\n<td class=\"vainqueur club\" style=\"width: 61.0345%;\">\n<p><strong>Japon<\/strong><\/p>\n<\/td>\n<td class=\"vainqueur club\" style=\"width: 1.03448%;\">\u00a0<\/td>\n<\/tr>\n<tr>\n<td style=\"width: 34.4828%;\">05 octobre<\/td>\n<td class=\"vainqueur club\" style=\"width: 61.0345%;\">\n<p><strong>Indon\u00e9sie<\/strong><\/p>\n<\/td>\n<td class=\"vainqueur club\" style=\"width: 1.03448%;\">\u00a0<\/td>\n<\/tr>\n<tr>\n<td style=\"width: 34.4828%;\">19 octobre<\/td>\n<td class=\"vainqueur club\" style=\"width: 61.0345%;\">\n<p><strong>Australie<\/strong><\/p>\n<\/td>\n<td class=\"vainqueur club\" style=\"width: 1.03448%;\">\u00a0<\/td>\n<\/tr>\n<tr>\n<td style=\"width: 34.4828%;\">26 octobre<\/td>\n<td class=\"vainqueur club\" style=\"width: 61.0345%;\">\n<p><strong>Malaisie<\/strong><\/p>\n<\/td>\n<td class=\"vainqueur club\" style=\"width: 1.03448%;\">\u00a0<\/td>\n<\/tr>\n<tr>\n<td style=\"width: 34.4828%;\">09 novembre<\/td>\n<td class=\"vainqueur club\" style=\"width: 61.0345%;\">\n<p><strong>Portugal<\/strong><\/p>\n<\/td>\n<td class=\"vainqueur club\" style=\"width: 1.03448%;\">\u00a0<\/td>\n<\/tr>\n<tr>\n<td style=\"width: 34.4828%;\">16 novembre<\/td>\n<td class=\"vainqueur club\" style=\"width: 61.0345%;\">\n<p><strong>Valence<\/strong><\/p>\n<\/td>\n<td class=\"vainqueur club\" style=\"width: 1.03448%;\">\u00a0<\/td>\n<\/tr>\n","protected":false},"excerpt":{"rendered":"Le MotoGP a install\u00e9 son paddock ce week-end en R\u00e9publique Tch\u00e8que, sur le fameux long circuit de Brno,&hellip;\n","protected":false},"author":2,"featured_media":259578,"comment_status":"","ping_status":"","sticky":false,"template":"","format":"standard","meta":{"footnotes":""},"categories":[1413],"tags":[10094,5080,5081,39968,1451,5083,5084,5085,5086,5087,1454,1011,27,1457,1456,1458,60],"class_list":{"0":"post-259577","1":"post","2":"type-post","3":"status-publish","4":"format-standard","5":"has-post-thumbnail","7":"category-moto","8":"tag-actu-moto","9":"tag-actualites-f1","10":"tag-actuf1","11":"tag-calendrier-motogp","12":"tag-f1","13":"tag-f1-actu","14":"tag-f1-direct","15":"tag-f1-live","16":"tag-f1-news","17":"tag-f1news","18":"tag-formule-1","19":"tag-fr","20":"tag-france","21":"tag-moto","22":"tag-motocycle","23":"tag-motogp","24":"tag-sports"},"share_on_mastodon":{"url":"https:\/\/pubeurope.com\/@fr\/114881786274290632","error":""},"_links":{"self":[{"href":"https:\/\/www.europesays.com\/fr\/wp-json\/wp\/v2\/posts\/259577","targetHints":{"allow":["GET"]}}],"collection":[{"href":"https:\/\/www.europesays.com\/fr\/wp-json\/wp\/v2\/posts"}],"about":[{"href":"https:\/\/www.europesays.com\/fr\/wp-json\/wp\/v2\/types\/post"}],"author":[{"embeddable":true,"href":"https:\/\/www.europesays.com\/fr\/wp-json\/wp\/v2\/users\/2"}],"replies":[{"embeddable":true,"href":"https:\/\/www.europesays.com\/fr\/wp-json\/wp\/v2\/comments?post=259577"}],"version-history":[{"count":0,"href":"https:\/\/www.europesays.com\/fr\/wp-json\/wp\/v2\/posts\/259577\/revisions"}],"wp:featuredmedia":[{"embeddable":true,"href":"https:\/\/www.europesays.com\/fr\/wp-json\/wp\/v2\/media\/259578"}],"wp:attachment":[{"href":"https:\/\/www.europesays.com\/fr\/wp-json\/wp\/v2\/media?parent=259577"}],"wp:term":[{"taxonomy":"category","embeddable":true,"href":"https:\/\/www.europesays.com\/fr\/wp-json\/wp\/v2\/categories?post=259577"},{"taxonomy":"post_tag","embeddable":true,"href":"https:\/\/www.europesays.com\/fr\/wp-json\/wp\/v2\/tags?post=259577"}],"curies":[{"name":"wp","href":"https:\/\/api.w.org\/{rel}","templated":true}]}}