{"id":259579,"date":"2025-07-19T20:28:10","date_gmt":"2025-07-19T20:28:10","guid":{"rendered":"https:\/\/www.europesays.com\/fr\/259579\/"},"modified":"2025-07-19T20:28:10","modified_gmt":"2025-07-19T20:28:10","slug":"huit-podiums-dont-trois-victoires-pour-les-bleus","status":"publish","type":"post","link":"https:\/\/www.europesays.com\/fr\/259579\/","title":{"rendered":"Huit podiums dont trois victoires pour les Bleus"},"content":{"rendered":"<p style=\"text-align: justify;\"><strong>PARA TRIATHLON \u2013 Les paratriathl\u00e8tes fran\u00e7ais ont, comme \u00e0 l\u2019heure habitude, brill\u00e9 sur la WTPS ce samedi. \u00c0 Montr\u00e9al, huit d\u2019entre eux sont mont\u00e9s sur le podium, dont trois sur la plus haute marche.<\/strong><\/p>\n<p style=\"text-align: justify;\">C\u2019est ce que l\u2019on appelle une derni\u00e8re r\u00e9ussie. Pour la derni\u00e8re manche WTPS de l\u2019ann\u00e9e, les paratriathl\u00e8tes fran\u00e7ais ont montr\u00e9 le drapeau bleu-blanc-rouge. \u00c0 Montr\u00e9al (Canada), ils sont huit \u00e0 \u00eatre mont\u00e9 sur le podium ce samedi, dont trois pour monter sur la premi\u00e8re marche.<\/p>\n<p style=\"text-align: justify;\">Ils se sont particuli\u00e8rement illustr\u00e9s dans la cat\u00e9gorie PTS4 o\u00f9 <strong>Pierre-Antoine Baele<\/strong> a devanc\u00e9 <strong>Antoine Lamarche Poulain<\/strong> et <strong>Gr\u00e9goire Berthon <\/strong>pour assurer un tripl\u00e9 fran\u00e7ais. Chez les f\u00e9minines, la victoire est aussi revenue au clan bleu puisque <strong>Camille Seneclauze<\/strong> a \u00e9t\u00e9 la plus rapide. La derni\u00e8re victoire fran\u00e7aise sur la course canadienne se disputant sur le circuit de Formule 1 Gilles-Villeneuve pour le v\u00e9lo et la course et \u00e0 pied a \u00e9t\u00e9 pour <strong>Louis No\u00ebl<\/strong> en PTWC.<\/p>\n<p>Place \u00e0 la pr\u00e9paration pour les Mondiaux d\u00e9sormais<\/p>\n<p style=\"text-align: justify;\"><strong>Maxime Gayet<\/strong> et son guide <strong>Aur\u00e9lien Leroux<\/strong> ont, quant \u00e0 eux, pris la deuxi\u00e8me place dans la cat\u00e9gorie PTVI (<strong>Thibaut Rigaudeau<\/strong> et <strong>Fran\u00e7ois Martin<\/strong> \u00e9taient annonc\u00e9s, mais n\u2019ont pas pris le d\u00e9part), comme <strong>C\u00e9dric Denuzi\u00e8re<\/strong> en PTS3. <strong>Geoffrey Wersy<\/strong> a lui termin\u00e9 au pied du podium. Un podium sur lequel <strong>Gwladys Lemoussu<\/strong> a \u00e9galement pu monter gr\u00e2ce \u00e0 sa 3\u00e8me place en PTS5, contrairement \u00e0 <strong>H\u00e9lo\u00efse Courvoisier<\/strong> et <strong>Fanny Bourdelas<\/strong> en PTVI. Accompagn\u00e9es par leur guide <strong>Julie Marano<\/strong> et <strong>Apolline Rousset<\/strong>, elles ont termin\u00e9 5e et 6e de leur cat\u00e9gorie.<\/p>\n<p style=\"text-align: justify;\">Il reste d\u00e9sormais une manche de Coupe du monde \u00e0 Alhandra (Portugal) d\u00e9but septembre avant les championnats du monde \u00e0 Wollongong (Australie) qui auront lieu du 15 au 19 octobre. Par ailleurs, ce samedi se tenait justement une manche de Coupe du monde \u00e0 Tata (Hongrie). <strong>Jules Ribstein<\/strong> s\u2019est impos\u00e9 en PTS2, <strong>Julien Viot<\/strong> a termin\u00e9 3\u00e8me devant <strong>Etienne Debarre<\/strong> en PTWC et <strong>\u00c9lise Laurent<\/strong> \u00e9tait la seule engag\u00e9e chez les femmes dans cette m\u00eame cat\u00e9gorie.<\/p>\n","protected":false},"excerpt":{"rendered":"PARA TRIATHLON \u2013 Les paratriathl\u00e8tes fran\u00e7ais ont, comme \u00e0 l\u2019heure habitude, brill\u00e9 sur la WTPS ce samedi. \u00c0&hellip;\n","protected":false},"author":2,"featured_media":259580,"comment_status":"","ping_status":"","sticky":false,"template":"","format":"standard","meta":{"footnotes":""},"categories":[1412],"tags":[2113,1451,1452,1453,1454,1455,1011,27,39969,60,39970],"class_list":{"0":"post-259579","1":"post","2":"type-post","3":"status-publish","4":"format-standard","5":"has-post-thumbnail","7":"category-f1","8":"tag-breve","9":"tag-f1","10":"tag-formula-1","11":"tag-formula1","12":"tag-formule-1","13":"tag-formule1","14":"tag-fr","15":"tag-france","16":"tag-para-triathlon","17":"tag-sports","18":"tag-wtps"},"share_on_mastodon":{"url":"https:\/\/pubeurope.com\/@fr\/114881790235451252","error":""},"_links":{"self":[{"href":"https:\/\/www.europesays.com\/fr\/wp-json\/wp\/v2\/posts\/259579","targetHints":{"allow":["GET"]}}],"collection":[{"href":"https:\/\/www.europesays.com\/fr\/wp-json\/wp\/v2\/posts"}],"about":[{"href":"https:\/\/www.europesays.com\/fr\/wp-json\/wp\/v2\/types\/post"}],"author":[{"embeddable":true,"href":"https:\/\/www.europesays.com\/fr\/wp-json\/wp\/v2\/users\/2"}],"replies":[{"embeddable":true,"href":"https:\/\/www.europesays.com\/fr\/wp-json\/wp\/v2\/comments?post=259579"}],"version-history":[{"count":0,"href":"https:\/\/www.europesays.com\/fr\/wp-json\/wp\/v2\/posts\/259579\/revisions"}],"wp:featuredmedia":[{"embeddable":true,"href":"https:\/\/www.europesays.com\/fr\/wp-json\/wp\/v2\/media\/259580"}],"wp:attachment":[{"href":"https:\/\/www.europesays.com\/fr\/wp-json\/wp\/v2\/media?parent=259579"}],"wp:term":[{"taxonomy":"category","embeddable":true,"href":"https:\/\/www.europesays.com\/fr\/wp-json\/wp\/v2\/categories?post=259579"},{"taxonomy":"post_tag","embeddable":true,"href":"https:\/\/www.europesays.com\/fr\/wp-json\/wp\/v2\/tags?post=259579"}],"curies":[{"name":"wp","href":"https:\/\/api.w.org\/{rel}","templated":true}]}}